{"id":639155,"date":"2025-12-11T12:46:22","date_gmt":"2025-12-11T12:46:22","guid":{"rendered":"https:\/\/www.europesays.com\/de\/639155\/"},"modified":"2025-12-11T12:46:22","modified_gmt":"2025-12-11T12:46:22","slug":"rtl-star-panagiota-petridou-spricht-ueber-schockmoment","status":"publish","type":"post","link":"https:\/\/www.europesays.com\/de\/639155\/","title":{"rendered":"RTL-Star Panagiota Petridou spricht \u00fcber Schockmoment"},"content":{"rendered":"<p>Der Feueralarm und das Kinderzimmer <\/p>\n<p>RTL-Star Panagiota Petridou spricht \u00fcber Schockmoment<\/p>\n<p>11.12.2025 &#8211; 11:26 UhrLesedauer: 2 Min.<\/p>\n<p><a href=\"#focus-0\" class=\"transition-colors duration-200 block text-current relative\" data-sctrack=\"FocusGalleryImage.Reference\"><img fetchpriority=\"high\" data-testid=\"Opener.Image\" style=\"--lqipURL:url('https:\/\/images.t-online.de\/2025\/12\/JPlgqy8cs2AD\/621x132:2490x1401\/fit-in\/150x0\/filters:blur(25)\/panagiota-petridou-die-moderatorin-ist-privat-mit-einem-schrecken-davongekommen.jpg')\"   loading=\"eager\" src=\"https:\/\/www.europesays.com\/de\/wp-content\/uploads\/2025\/12\/panagiota-petridou-die-moderatorin-ist-privat-mit-einem-schrecken-davongekommen.jpg\" alt=\"Panagiota Petridou: Die Moderatorin ist privat mit einem Schrecken davongekommen.\" title=\"Panagiota Petridou: Die Moderatorin ist privat mit einem Schrecken davongekommen.\" width=\"2490\" height=\"1401\" class=\"bg-[url:var(--lqipURL)] bg-cover bg-center flex h-full w-full max-w-full\" decoding=\"async\"\/><img style=\"--width:32;--height:32\" loading=\"lazy\" src=\"https:\/\/www.t-online.de\/s\/paper\/_next\/static\/media\/zoom-in.f7dae02f.svg\" alt=\"Vergr\u00f6\u00dfern des Bildes\" title=\"Vergr\u00f6\u00dfern des Bildes\" class=\"block h-[calc(var(--height)_\/_16_*_1rem)] w-[calc(var(--width)_\/_16_*_1rem)] max-w-none absolute bottom-8 right-8 rounded-4 bg-snow p-8\" decoding=\"async\"\/><\/a><\/p>\n<p>Panagiota Petridou: Die Moderatorin ist privat mit einem Schrecken davongekommen. (Quelle: IMAGO\/STAR-MEDIA)<\/p>\n<p class=\"font-bold text-18 leading-17\"><strong class=\"font-bold\">Ein Feuer im Kinderzimmer versetzt Panagiota Petridou in Alarmbereitschaft. Was genau den Vorfall ausl\u00f6ste, ist noch unklar \u2013 doch der Einsatz der Feuerwehr verhindert Schlimmeres.<\/strong><\/p>\n<p class=\"text-18 leading-17\">Schreckmoment bei RTL-Moderatorin Panagiota Petridou: In ihrem Wohnhaus nahm die 46-J\u00e4hrige pl\u00f6tzlich Brandgeruch wahr \u2013 und reagiert sofort. Im Kinderzimmer ihres dreij\u00e4hrigen Kindes beginnt ein Heizstrahler zu kokeln, ausgerechnet in direkter N\u00e4he zur Wickelkommode. Ein K\u00fcchenmonteur, der sich zu dem Zeitpunkt im Haus aufhielt, griff beherzt ein und l\u00f6scht den Entstehungsbrand mit einer Bettdecke. Die Feuerwehr wird dennoch verst\u00e4ndigt.<\/p>\n<p class=\"text-18 leading-17\">\u00dcber den Vorfall informiert Petridou ihre Follower nach dem Einsatz in einem Video auf Instagram. Dort schildert die 46-J\u00e4hrige, wie sie sich zun\u00e4chst in der K\u00fcche \u00fcber den Einbau ihres neuen Herds gefreut habe \u2013 bis ihr ein deutlicher Geruch nach Verbranntem auff\u00e4llt. Im Erdgeschoss kann sie die Ursache nicht finden, geht daraufhin nach oben und st\u00f6\u00dft im Kinderzimmer auf Rauch.<\/p>\n<p class=\"text-18 leading-17\">Der Raum wird daraufhin von der alarmierten Feuerwehr bel\u00fcftet, m\u00f6gliche Glutnester werden mit einer K\u00fcbelspritze abgel\u00f6scht. Verletzt wird niemand, doch der Schreck sitzt bei der Moderatorin tief. Sie nutzt die Gelegenheit, um auf potenzielle Gefahren im Alltag hinzuweisen: Heizstrahler k\u00f6nnten besonders dann zur Brandgefahr werden, wenn sie an besch\u00e4digten Mehrfachsteckdosen betrieben werden oder technische Defekte aufweisen.<\/p>\n<p class=\"text-18 leading-17\">Begleitend zu ihrem Video schreibt sie: &#8222;Ich habe erfahren, dass diese Heizstrahler besonders viel Strom ziehen, wenn daran etwas defekt ist oder der Mehrfachsteckdose nicht f\u00fcr die Leistung ausgelegt war, kann das durch Ein- und Ausschalten des Stroms zum Brand f\u00fchren! Also, passt gut auf und steckt diese Teile aus der Steckdose!&#8220;<\/p>\n<p class=\"text-18 leading-17\">Panagiota Petridou ist seit Februar 2022 Mutter eines Kindes. Die griechischst\u00e4mmige Moderatorin ist bei RTL in Formaten wie &#8222;Das gro\u00dfe Promibacken&#8220; oder &#8222;Die ultimative Chartshow&#8220; zu sehen.<\/p>\n","protected":false},"excerpt":{"rendered":"Der Feueralarm und das Kinderzimmer RTL-Star Panagiota Petridou spricht \u00fcber Schockmoment 11.12.2025 &#8211; 11:26 UhrLesedauer: 2 Min. Panagiota&hellip;\n","protected":false},"author":2,"featured_media":639156,"comment_status":"","ping_status":"","sticky":false,"template":"","format":"standard","meta":{"footnotes":""},"categories":[155],"tags":[522,48335,29,214,5600,985,30,152,477,640,23060,38774,215],"class_list":{"0":"post-639155","1":"post","2":"type-post","3":"status-publish","4":"format-standard","5":"has-post-thumbnail","7":"category-unterhaltung","8":"tag-522","9":"tag-alarmbereitschaft","10":"tag-deutschland","11":"tag-entertainment","12":"tag-feueralarm","13":"tag-feuerwehr","14":"tag-germany","15":"tag-instagram","16":"tag-kinderzimmer","17":"tag-rtl","18":"tag-schockmoment","19":"tag-schreckmoment","20":"tag-unterhaltung"},"share_on_mastodon":{"url":"https:\/\/pubeurope.com\/@de\/115701010147035332","error":""},"_links":{"self":[{"href":"https:\/\/www.europesays.com\/de\/wp-json\/wp\/v2\/posts\/639155","targetHints":{"allow":["GET"]}}],"collection":[{"href":"https:\/\/www.europesays.com\/de\/wp-json\/wp\/v2\/posts"}],"about":[{"href":"https:\/\/www.europesays.com\/de\/wp-json\/wp\/v2\/types\/post"}],"author":[{"embeddable":true,"href":"https:\/\/www.europesays.com\/de\/wp-json\/wp\/v2\/users\/2"}],"replies":[{"embeddable":true,"href":"https:\/\/www.europesays.com\/de\/wp-json\/wp\/v2\/comments?post=639155"}],"version-history":[{"count":0,"href":"https:\/\/www.europesays.com\/de\/wp-json\/wp\/v2\/posts\/639155\/revisions"}],"wp:featuredmedia":[{"embeddable":true,"href":"https:\/\/www.europesays.com\/de\/wp-json\/wp\/v2\/media\/639156"}],"wp:attachment":[{"href":"https:\/\/www.europesays.com\/de\/wp-json\/wp\/v2\/media?parent=639155"}],"wp:term":[{"taxonomy":"category","embeddable":true,"href":"https:\/\/www.europesays.com\/de\/wp-json\/wp\/v2\/categories?post=639155"},{"taxonomy":"post_tag","embeddable":true,"href":"https:\/\/www.europesays.com\/de\/wp-json\/wp\/v2\/tags?post=639155"}],"curies":[{"name":"wp","href":"https:\/\/api.w.org\/{rel}","templated":true}]}}