{"id":63916,"date":"2025-04-26T22:50:15","date_gmt":"2025-04-26T22:50:15","guid":{"rendered":"https:\/\/www.europesays.com\/de\/63916\/"},"modified":"2025-04-26T22:50:15","modified_gmt":"2025-04-26T22:50:15","slug":"nach-04-debakel-in-frankfurt-lothar-matthaeus-zerlegt-rb-leipzig-sport","status":"publish","type":"post","link":"https:\/\/www.europesays.com\/de\/63916\/","title":{"rendered":"Nach 0:4-Debakel in Frankfurt! Lothar Matth\u00e4us zerlegt RB Leipzig | Sport"},"content":{"rendered":"<p><b>0:4 in Frankfurt! War das die Entscheidung im Kampf um die Champions League? Gut m\u00f6glich! RB Leipzig hat es nach dem Debakel-Auftritt zumindest nicht mehr in der eigenen Hand, muss als F\u00fcnfter auf Patzer der Konkurrenz hoffen.<\/b><\/p>\n<p>Und das in einem Spiel, mit dem sich die Sachsen eigentlich Luft im Kampf um die K\u00f6nigsklasse verschaffen wollten. \u201eWir haben kollektiv versagt, waren nicht gut\u201c, gibt Trainer Zsolt L\u00f6w (45) selbstkritisch zu.<\/p>\n<p>Im Tor-Rausch: Die Frankfurt-Show gegen Leipzig<a href=\"https:\/\/www.bild.de\/sport\/fussball\/im-tor-rausch-die-frankfurt-show-gegen-leipzig-6808ce6dd40b10440c23d6bd\" class=\"anchor\" target=\"_blank\" rel=\"noopener\"><img decoding=\"async\" width=\"992\" height=\"558\" alt=\"Teaser-Bild\" src=\"https:\/\/www.europesays.com\/de\/wp-content\/uploads\/2025\/04\/e61016060c03f34c2cf268746f870cdd-landscape,bf37ab77\"   class=\"landscape teaser__image\" loading=\"lazy\"\/><\/a><\/p>\n<p>Quelle: Bild26.04.2025<\/p>\n<p>W\u00e4hrend Frankfurt mit Herz und Leidenschaft ein echter Big Point gelang, zeigte Leipzig einmal mehr einen blut- und ideenlosen Auftritt. \u201eDie haben in der <a href=\"https:\/\/www.bild.de\/sport\/fussball\/bundesliga-so-pusht-juergen-klopp-rb-leipzig-fuer-die-champions-league-680b9f9f8a028f741550a069\" class=\"text-link\" target=\"_blank\" rel=\"noopener\">Champions League<\/a> nichts zu suchen. Diese Gier, diese Aggressivit\u00e4t fehlt. Heute wurde von Anfang an gesagt, wir konzentrieren uns auf die Defensive. Das ist nicht ihr Spiel, nicht ihre DNA\u201c, analysiert auch Sky-Experte Lothar Matth\u00e4us (64).<\/p>\n<p><b>Um kurz darauf die RB-Versager komplett zu zerlegen! \u201eWenn die Mannschaft so schlecht spielt wie heute, dann musst du bei Leipzig wirklich mit einem Riesen-Besen durchkehren\u201c, betont der Rekordnationalspieler.<\/b><\/p>\n<p><img decoding=\"async\" width=\"992\" height=\"558\" alt=\"Entt\u00e4uschend komplett: Die RB-Stars um Xavi Simons (2.v.l.)\" src=\"https:\/\/www.europesays.com\/de\/wp-content\/uploads\/2025\/04\/b9464aa070735ffab202702273569e60,61edd654\"   class=\"landscape\" loading=\"lazy\"\/><\/p>\n<p class=\"fig__caption__text\">Entt\u00e4uschend komplett: Die RB-Stars um Xavi Simons (2.v.l.)<\/p>\n<p>Foto: PICTURE POINT<\/p>\n<p>Und weiter: \u201eDie Zeiten sind vorbei f\u00fcr einen Kampl, Poulsen, Klostermann oder Gulacsi, die gro\u00dfes geleistet haben. Du musst die alten Z\u00f6pfe abschneiden und nach vorn gucken. Es geht so nicht weiter. Du musst die Verantwortung auf neue Schultern verteilen.\u201c<\/p>\n<p>Klar: Der von Matth\u00e4us angesprochene XXL-Umbruch kommt im Sommer. Auch die Leipzig-Verantwortlichen um Sportgesch\u00e4ftsf\u00fchrer Marcel Sch\u00e4fer (40) wollen dem Kader in den n\u00e4chsten Transferperioden ein komplett neues Gesicht geben.<\/p>\n<p>Matth\u00e4us vermisst Mentalit\u00e4tsspieler<\/p>\n<p>Doch vorher soll mit dem aktuellen die noch laufende Saison gerettet werden! Das Problem: <a href=\"https:\/\/www.bild.de\/sport\/fussball\/rb-leipzig\/startseite-leipzig-31148870.bild.html\" class=\"text-link\" target=\"_blank\" rel=\"noopener\">RB Leipzig <\/a>fehlen nicht nur durch die Ausf\u00e4lle von Xaver Schlager (27) und Kapit\u00e4n Willi Orban (32\/beide Oberschenkel) zahlreiche Mentalit\u00e4tsspieler.<\/p>\n<p>Lesen Sie auch<\/p>\n<p><b>Bezeichnend f\u00fcr Matth\u00e4us: Die Gelbe Karte vom nicht eingewechselten David Raum (27\/48. Minute)! \u201eDer war auf der Bank mehr aktiv, wie der ein oder andere auf dem Platz&#8230;\u201c<\/b><\/p>\n<p>N\u00e4chsten Samstag (15.30 Uhr) gegen Fast-Meister Bayern d\u00fcrfte der DFB-Verteidiger wieder fit genug f\u00fcr die Startelf sein. Ob ein einzelner Antreiber aber reicht, um die M\u00fcnchner ernsthaft in Gefahr zu bringen?<\/p>\n","protected":false},"excerpt":{"rendered":"0:4 in Frankfurt! War das die Entscheidung im Kampf um die Champions League? Gut m\u00f6glich! RB Leipzig hat&hellip;\n","protected":false},"author":2,"featured_media":63917,"comment_status":"","ping_status":"","sticky":false,"template":"","format":"standard","meta":{"footnotes":""},"categories":[1832],"tags":[468,3364,29,538,347,30,71,28747,1655,859,785,3460,4581,45],"class_list":{"0":"post-63916","1":"post","2":"type-post","3":"status-publish","4":"format-standard","5":"has-post-thumbnail","7":"category-leipzig","8":"tag-champions-league","9":"tag-de","10":"tag-deutschland","11":"tag-erste-bundesliga","12":"tag-fussball","13":"tag-germany","14":"tag-leipzig","15":"tag-matthaeus-lothar","16":"tag-rb-leipzig","17":"tag-sachsen","18":"tag-saison-2024-2025","19":"tag-sport-leuchtturm-leipzig","20":"tag-sport-tag-im-ticker","21":"tag-texttospeech"},"share_on_mastodon":{"url":"https:\/\/pubeurope.com\/@de\/114406714529360309","error":""},"_links":{"self":[{"href":"https:\/\/www.europesays.com\/de\/wp-json\/wp\/v2\/posts\/63916","targetHints":{"allow":["GET"]}}],"collection":[{"href":"https:\/\/www.europesays.com\/de\/wp-json\/wp\/v2\/posts"}],"about":[{"href":"https:\/\/www.europesays.com\/de\/wp-json\/wp\/v2\/types\/post"}],"author":[{"embeddable":true,"href":"https:\/\/www.europesays.com\/de\/wp-json\/wp\/v2\/users\/2"}],"replies":[{"embeddable":true,"href":"https:\/\/www.europesays.com\/de\/wp-json\/wp\/v2\/comments?post=63916"}],"version-history":[{"count":0,"href":"https:\/\/www.europesays.com\/de\/wp-json\/wp\/v2\/posts\/63916\/revisions"}],"wp:featuredmedia":[{"embeddable":true,"href":"https:\/\/www.europesays.com\/de\/wp-json\/wp\/v2\/media\/63917"}],"wp:attachment":[{"href":"https:\/\/www.europesays.com\/de\/wp-json\/wp\/v2\/media?parent=63916"}],"wp:term":[{"taxonomy":"category","embeddable":true,"href":"https:\/\/www.europesays.com\/de\/wp-json\/wp\/v2\/categories?post=63916"},{"taxonomy":"post_tag","embeddable":true,"href":"https:\/\/www.europesays.com\/de\/wp-json\/wp\/v2\/tags?post=63916"}],"curies":[{"name":"wp","href":"https:\/\/api.w.org\/{rel}","templated":true}]}}