{"id":639161,"date":"2025-12-11T12:49:25","date_gmt":"2025-12-11T12:49:25","guid":{"rendered":"https:\/\/www.europesays.com\/de\/639161\/"},"modified":"2025-12-11T12:49:25","modified_gmt":"2025-12-11T12:49:25","slug":"wie-russland-schon-jetzt-sicherheitsgarantien-fuer-die-ukraine-torpediert","status":"publish","type":"post","link":"https:\/\/www.europesays.com\/de\/639161\/","title":{"rendered":"Wie Russland schon jetzt Sicherheitsgarantien f\u00fcr die Ukraine torpediert"},"content":{"rendered":"<p class=\"tspCBne tspCBnf\">Bei den <a href=\"https:\/\/www.tagesspiegel.de\/internationales\/wochenlanges-chaos-und-missverstandnisse-wo-die-ukraine-verhandlungen-tatsachlich-stehen-15037311.html?icid=in-text-link_15041623\" class=\"link link--internal\" data-gtm-class=\"article-text-link\" data-gtm-val=\"internal\" rel=\"nofollow noopener\" target=\"_blank\">Gespr\u00e4chen der Ukraine mit den USA und mit ihren europ\u00e4ischen Verb\u00fcndeten \u00fcber ein Friedensabkommen<\/a> bleibt die Ausgestaltung von Sicherheitsgarantien ein offenbar ungel\u00f6ster Knackpunkt. <\/p>\n<p class=\"tspCBne\">Welche L\u00e4nder garantieren Kiew, dass Russland nach einer Vereinbarung nicht wieder angreift, so wie nach dem 2015 unterzeichneten Minsker Friedensabkommen? Wie wird die Sicherheit dann gew\u00e4hrleistet<strong> <\/strong>\u2013 nur mit Zusagen, oder mit ausl\u00e4ndischen Truppen in der Ukraine?<\/p>\n<p class=\"tspCBne\">Neben den USA, der Ukraine und den Europ\u00e4ern m\u00fcsste sich auch Russland mit den Garantien einverstanden zeigen. Doch Moskau machte bereits deutlich, <a href=\"https:\/\/www.tagesspiegel.de\/internationales\/keine-nato-und-schutztruppen-in-der-ukraine-lawrow-stellt-extreme-bedingungen-fur-den-ukraine-frieden-12832991.html?icid=in-text-link_15041623\" class=\"link link--internal\" data-gtm-class=\"article-text-link\" data-gtm-val=\"internal\" rel=\"nofollow noopener\" target=\"_blank\">dass keine westlichen Soldaten auf ukrainischem Boden akzeptiert werden<\/a>. <strong>Jetzt lobbyiert Russland offensichtlich erneut gegen die Sicherheitsgarantien. <\/strong><\/p>\n<p class=\"tspCBne\">Die Analysten des US-amerikanischen Instituts f\u00fcr Kriegsstudien (<a href=\"https:\/\/understandingwar.org\/research\/russia-ukraine\/russian-offensive-campaign-assessment-december-10-2025\/\" target=\"_blank\" rel=\"noopener nofollow\" class=\"link link--external\" data-gtm-class=\"article-text-link\" data-gtm-val=\"external\" aria-describedby=\"message-target-blank\">ISW<\/a>) haben sich in diesem Zusammenhang zwei aktuelle Aussagen russischer Politiker angesehen \u2013 und als verbale Attacken gegen m\u00f6gliche Sicherheitszusagen f\u00fcr die Ukraine eingestuft. Schauen wir uns die \u00c4u\u00dferungen im Detail an.<\/p>\n<p> 1. Lawrow will keinen Krieg, aber &#8230; <\/p>\n<p class=\"tspCBne\">Die erste Aussage stammt von Au\u00dfenminister Sergej Lawrow und wirkt zun\u00e4chst harmlos. \u201e<strong>Wie Pr\u00e4sident Putin betonte, haben wir nicht vor, gegen Europa Krieg zu f\u00fchren. Wir denken nicht einmal daran<\/strong>\u201c, sagte Lawrow am 10. Dezember <a href=\"https:\/\/mid.ru\/ru\/press_service\/video\/vistupleniya_ministra\/2064590\/\" target=\"_blank\" rel=\"noopener nofollow\" class=\"link link--external\" data-gtm-class=\"article-text-link\" data-gtm-val=\"external\" aria-describedby=\"message-target-blank\">bei einer \u00f6ffentlichen Rede vor Politikern<\/a>. Doch dann kommt das \u201eAber\u201c.<\/p>\n<p class=\"tspCBne\">\u201eAber wir sind bereit, auf alle feindseligen Schritte, einschlie\u00dflich der Stationierung europ\u00e4ischer Truppen in der Ukraine und der Enteignung russischer Verm\u00f6genswerte, zu reagieren, und werden dies auch tun\u201c, fuhr Lawrow fort. <\/p>\n<p class=\"tspCBne\">Die Interpretation: Dem ISW nach schaffe der Kreml damit die Bedingungen, um \u201ealle sinnvollen Sicherheitsgarantien f\u00fcr die Ukraine abzulehnen\u201c. Die Drohkulisse lautet demnach: Falls europ\u00e4ische Truppen in der Ukraine stationiert werden, bricht ein Krieg mit Russland aus, den Moskau als Selbstverteidigung verkaufen wird \u2013 so wie die Invasion in der Ukraine auch.<\/p>\n<p> 2. Au\u00dfenpolitiker droht mit \u201eVernichtung\u201c <\/p>\n<p class=\"tspCBne\">Parlamentsmitglied Alexey Chepa aus dem Ausschuss f\u00fcr internationale Angelegenheiten wurde noch deutlicher als Lawrow. Chepa drohte in der russischen Online-Zeitung \u201e<a href=\"https:\/\/lenta.ru\/news\/2025\/12\/10\/v-rossii-rasskazali-ob-otvete-na-vvod-voysk-stran-evropy-na-ukrainu\/\" target=\"_blank\" rel=\"noopener nofollow\" class=\"link link--external\" data-gtm-class=\"article-text-link\" data-gtm-val=\"external\" aria-describedby=\"message-target-blank\">lenta.ru<\/a>\u201c mit der \u201eVernichtung\u201c europ\u00e4ischer, in der Ukraine stationierter Truppen. <\/p>\n<p> Lesen Sie au\u00dferdem <a href=\"https:\/\/www.tagesspiegel.de\/internationales\/das-ist-ein-bedeutender-wandel-danemark-stuft-die-usa-als-bedrohung-ein--wie-russland-und-china-15039124.html?icid=topic-list_15041623___\" data-gtm-class=\"article-mzt-link\" data-hydrate-fingerprint=\"09740a54944caac75fd2c0c63fd5c5df\" data-hydrate-props=\"{&amp;escapedquot;element&amp;escapedquot;:{&amp;escapedquot;type&amp;escapedquot;:&amp;escapedquot;relatedContent&amp;escapedquot;,&amp;escapedquot;fieldMap&amp;escapedquot;:{},&amp;escapedquot;relation&amp;escapedquot;:{&amp;escapedquot;fields&amp;escapedquot;:{&amp;escapedquot;isPaid&amp;escapedquot;:true},&amp;escapedquot;href&amp;escapedquot;:&amp;escapedquot;\/internationales\/das-ist-ein-bedeutender-wandel-danemark-stuft-die-usa-als-bedrohung-ein--wie-russland-und-china-15039124.html&amp;escapedquot;,&amp;escapedquot;teaserTitle&amp;escapedquot;:{&amp;escapedquot;kicker&amp;escapedquot;:&amp;escapedquot;\u201eDas ist ein bedeutender Wandel\u201c&amp;escapedquot;,&amp;escapedquot;headline&amp;escapedquot;:&amp;escapedquot;D\u00e4nemark stuft die USA als Bedrohung ein \u2013 wie Russland und China&amp;escapedquot;},&amp;escapedquot;id&amp;escapedquot;:&amp;escapedquot;15039124&amp;escapedquot;,&amp;escapedquot;type&amp;escapedquot;:&amp;escapedquot;story&amp;escapedquot;},&amp;escapedquot;isPartOfList&amp;escapedquot;:true,&amp;escapedquot;topicListType&amp;escapedquot;:&amp;escapedquot;topic-list&amp;escapedquot;},&amp;escapedquot;showArrow&amp;escapedquot;:true}\" data-hydrate-slots=\"{&#039;default&#039;:[]}\" class=\"tspCWpl\" rel=\"nofollow noopener\" target=\"_blank\">\u201eDas ist ein bedeutender Wandel\u201c D\u00e4nemark stuft die USA als Bedrohung ein \u2013 wie Russland und China <\/a><a href=\"https:\/\/www.tagesspiegel.de\/internationales\/aktualisierter-friedensplan-ubermittelt-trump-berichtet-von-einladung-nach-europa-am-wochenende-15040616.html?icid=topic-list_15041623___\" data-gtm-class=\"article-mzt-link\" data-hydrate-fingerprint=\"09740a54944caac75fd2c0c63fd5c5df\" data-hydrate-props=\"{&amp;escapedquot;element&amp;escapedquot;:{&amp;escapedquot;type&amp;escapedquot;:&amp;escapedquot;relatedContent&amp;escapedquot;,&amp;escapedquot;fieldMap&amp;escapedquot;:{},&amp;escapedquot;relation&amp;escapedquot;:{&amp;escapedquot;fields&amp;escapedquot;:{&amp;escapedquot;isPaid&amp;escapedquot;:null},&amp;escapedquot;href&amp;escapedquot;:&amp;escapedquot;\/internationales\/aktualisierter-friedensplan-ubermittelt-trump-berichtet-von-einladung-nach-europa-am-wochenende-15040616.html&amp;escapedquot;,&amp;escapedquot;teaserTitle&amp;escapedquot;:{&amp;escapedquot;kicker&amp;escapedquot;:&amp;escapedquot;Aktualisierter Friedensplan \u00fcbermittelt?&amp;escapedquot;,&amp;escapedquot;headline&amp;escapedquot;:&amp;escapedquot;Trump berichtet von Einladung nach Europa am Wochenende&amp;escapedquot;},&amp;escapedquot;id&amp;escapedquot;:&amp;escapedquot;15040616&amp;escapedquot;,&amp;escapedquot;type&amp;escapedquot;:&amp;escapedquot;story&amp;escapedquot;},&amp;escapedquot;isPartOfList&amp;escapedquot;:true,&amp;escapedquot;topicListType&amp;escapedquot;:&amp;escapedquot;topic-list&amp;escapedquot;},&amp;escapedquot;showArrow&amp;escapedquot;:true}\" data-hydrate-slots=\"{&#039;default&#039;:[]}\" class=\"tspCWpl\" rel=\"nofollow noopener\" target=\"_blank\">Aktualisierter Friedensplan \u00fcbermittelt? Trump berichtet von Einladung nach Europa am Wochenende <\/a><a href=\"https:\/\/www.tagesspiegel.de\/internationales\/die-meisten-machen-sich-nach-der-ausbildung-aus-dem-staub-warum-fliehen-derzeit-so-viele-ukrainische-soldaten-aus-der-armee-15031622.html?icid=topic-list_15041623___\" data-gtm-class=\"article-mzt-link\" data-hydrate-fingerprint=\"09740a54944caac75fd2c0c63fd5c5df\" data-hydrate-props=\"{&amp;escapedquot;element&amp;escapedquot;:{&amp;escapedquot;type&amp;escapedquot;:&amp;escapedquot;relatedContent&amp;escapedquot;,&amp;escapedquot;fieldMap&amp;escapedquot;:{},&amp;escapedquot;relation&amp;escapedquot;:{&amp;escapedquot;fields&amp;escapedquot;:{&amp;escapedquot;isPaid&amp;escapedquot;:null},&amp;escapedquot;href&amp;escapedquot;:&amp;escapedquot;\/internationales\/die-meisten-machen-sich-nach-der-ausbildung-aus-dem-staub-warum-fliehen-derzeit-so-viele-ukrainische-soldaten-aus-der-armee-15031622.html&amp;escapedquot;,&amp;escapedquot;teaserTitle&amp;escapedquot;:{&amp;escapedquot;kicker&amp;escapedquot;:&amp;escapedquot;\u201eMachen sich nach der Ausbildung aus dem Staub\u201c&amp;escapedquot;,&amp;escapedquot;headline&amp;escapedquot;:&amp;escapedquot;Warum fliehen derzeit so viele ukrainische Soldaten aus der Armee?&amp;escapedquot;},&amp;escapedquot;id&amp;escapedquot;:&amp;escapedquot;15031622&amp;escapedquot;,&amp;escapedquot;type&amp;escapedquot;:&amp;escapedquot;story&amp;escapedquot;},&amp;escapedquot;isPartOfList&amp;escapedquot;:true,&amp;escapedquot;topicListType&amp;escapedquot;:&amp;escapedquot;topic-list&amp;escapedquot;},&amp;escapedquot;showArrow&amp;escapedquot;:true}\" data-hydrate-slots=\"{&#039;default&#039;:[]}\" class=\"tspCWpl\" rel=\"nofollow noopener\" target=\"_blank\">\u201eMachen sich nach der Ausbildung aus dem Staub\u201c Warum fliehen derzeit so viele ukrainische Soldaten aus der Armee? <\/a><\/p>\n<p class=\"tspCBne\">Der ukrainische Pr\u00e4sident Wolodymyr Selenskyj wiederum hat die Sicherheitsgarantien j\u00fcngst mit der Bereitschaft zu Wahlen in der Ukraine verkn\u00fcpft. Die d\u00fcrfen laut ukrainischem Recht in Kriegszeiten zwar nicht stattfinden \u2013 so wie es auch in Deutschland geregelt ist \u2013 und sie w\u00e4ren organisatorisch schwierig. <\/p>\n<p class=\"tspCBne\">Doch nach Druck aus dem Wei\u00dfen Haus <a href=\"https:\/\/www.tagesspiegel.de\/internationales\/nach-trumps-kritik-selenskyj-uberrascht-mit-bereitschaft-zu-vorzeitigen-wahlen--stellt-aber-bedingung-15035783.html?icid=in-text-link_15041623\" class=\"link link--internal\" data-gtm-class=\"article-text-link\" data-gtm-val=\"internal\" rel=\"nofollow noopener\" target=\"_blank\">erkl\u00e4rte Selenskyj am 10. Dezember trotzdem seine Bereitschaft<\/a>. Bedingung sei aber, dass die USA und Europa den Schutz vor k\u00fcnftigen Aggressionen Russlands garantieren. (mit dpa)<\/p>\n<p class=\"tspCBne\">Korrekturhinweis: Lawrow wurde das falsche Amt zugeschrieben. Der Fehler wurde korrigiert.<\/p>\n","protected":false},"excerpt":{"rendered":"Bei den Gespr\u00e4chen der Ukraine mit den USA und mit ihren europ\u00e4ischen Verb\u00fcndeten \u00fcber ein Friedensabkommen bleibt die&hellip;\n","protected":false},"author":2,"featured_media":639162,"comment_status":"","ping_status":"","sticky":false,"template":"","format":"standard","meta":{"footnotes":""},"categories":[3],"tags":[13,1435,14,15,307,12,10,8,9,11,317,64,103,104],"class_list":{"0":"post-639161","1":"post","2":"type-post","3":"status-publish","4":"format-standard","5":"has-post-thumbnail","7":"category-welt","8":"tag-headlines","9":"tag-krieg-in-der-ukraine","10":"tag-nachrichten","11":"tag-news","12":"tag-russland","13":"tag-schlagzeilen","14":"tag-top-news","15":"tag-top-meldungen","16":"tag-topmeldungen","17":"tag-topnews","18":"tag-ukraine","19":"tag-usa","20":"tag-welt","21":"tag-world"},"share_on_mastodon":{"url":"https:\/\/pubeurope.com\/@de\/115701020595827739","error":""},"_links":{"self":[{"href":"https:\/\/www.europesays.com\/de\/wp-json\/wp\/v2\/posts\/639161","targetHints":{"allow":["GET"]}}],"collection":[{"href":"https:\/\/www.europesays.com\/de\/wp-json\/wp\/v2\/posts"}],"about":[{"href":"https:\/\/www.europesays.com\/de\/wp-json\/wp\/v2\/types\/post"}],"author":[{"embeddable":true,"href":"https:\/\/www.europesays.com\/de\/wp-json\/wp\/v2\/users\/2"}],"replies":[{"embeddable":true,"href":"https:\/\/www.europesays.com\/de\/wp-json\/wp\/v2\/comments?post=639161"}],"version-history":[{"count":0,"href":"https:\/\/www.europesays.com\/de\/wp-json\/wp\/v2\/posts\/639161\/revisions"}],"wp:featuredmedia":[{"embeddable":true,"href":"https:\/\/www.europesays.com\/de\/wp-json\/wp\/v2\/media\/639162"}],"wp:attachment":[{"href":"https:\/\/www.europesays.com\/de\/wp-json\/wp\/v2\/media?parent=639161"}],"wp:term":[{"taxonomy":"category","embeddable":true,"href":"https:\/\/www.europesays.com\/de\/wp-json\/wp\/v2\/categories?post=639161"},{"taxonomy":"post_tag","embeddable":true,"href":"https:\/\/www.europesays.com\/de\/wp-json\/wp\/v2\/tags?post=639161"}],"curies":[{"name":"wp","href":"https:\/\/api.w.org\/{rel}","templated":true}]}}