{"id":639163,"date":"2025-12-11T12:50:25","date_gmt":"2025-12-11T12:50:25","guid":{"rendered":"https:\/\/www.europesays.com\/de\/639163\/"},"modified":"2025-12-11T12:50:25","modified_gmt":"2025-12-11T12:50:25","slug":"block-prozess-hauptzeuge-belastet-christina-block","status":"publish","type":"post","link":"https:\/\/www.europesays.com\/de\/639163\/","title":{"rendered":"Block-Prozess: Hauptzeuge belastet Christina Block"},"content":{"rendered":"<p>        <img decoding=\"async\" src=\"https:\/\/www.europesays.com\/de\/wp-content\/uploads\/2025\/12\/block-256.webp\" alt=\"Christina Block, Gerhard Delling, Rechtsanwalt Ingo Bott sowie Rechtsanwalt David Rieks sitzen zu Beginn eines weiteren Verhandlungstags im Prozess wegen mutma\u00dflicher Kindesentf\u00fchrung im Gerichtssaal im Landgericht Hamburg.\" title=\"Christina Block, Gerhard Delling, Rechtsanwalt Ingo Bott sowie Rechtsanwalt David Rieks sitzen zu Beginn eines weiteren Verhandlungstags im Prozess wegen mutma\u00dflicher Kindesentf\u00fchrung im Gerichtssaal im Landgericht Hamburg. | Christian Charisius\/dpa-Pool\/dpa\" class=\"responsive\"\/><\/p>\n<p>AUDIO: Hauptzeuge belastet Christina Block (1 Min)<\/p>\n<p>\n            Stand: 11.12.2025 13:01 Uhr<\/p>\n<p class=\"preface\">Im Hamburger Block-Prozess sagt heute erneut der Hauptzeuge David Barkay aus. Am Vormittag hat er Christina Block belastet. Sie habe von einer geplanten R\u00fcckholung ihrer Kinder vom Vater in D\u00e4nemark gewusst &#8211; allerdings geglaubt, dass das legal sei.<\/p>\n<p class=\"\">Zentral d\u00fcrfte ein Treffen von Christina Block mit den sp\u00e4teren Entf\u00fchrern drei Tage vor der Silvesternacht 2023 im Hotel Grand Elysee der Familie Block gewesen sein. Da habe Block dem Team, wie Barkay seine Mitt\u00e4ter nannte, daf\u00fcr gedankt, dass sie aus Israel gekommen seien, um ihre Kinder &#8222;zu retten&#8220;. Barkay sagte, Block sei sich ganz sicher gewesen, dass eine R\u00fcckholung der damals zehn und 13 Jahre alten Kinder vom Vater in D\u00e4nemark legal sei. Sie hatte damals das alleinige Aufenthaltsbestimmungsrecht f\u00fcr die beiden, ihr Ex-Mann hatte die Kinder gegen ihren Willen bei sich in D\u00e4nemark behalten.<\/p>\n<p>    &#8222;Sie dachte, sie tut das Richtige&#8220;<\/p>\n<p class=\"\">&#8222;Ich bin mir sicher, dass sie dachte, sie tut das Richtige&#8220;, so Barkay. Weiter sagte er, dass es von Anfang an immer klar gewesen sei, dass keine Gewalt angewandt werden sollte. Christina Block hat in ihrem Prozess bisher allerdings immer beteuert, nichts von einer geplanten R\u00fcckholung ihrer Kinder gewusst zu haben. Nach ihren Angaben sollte die Sicherheitsfirma lediglich die IT-Sicherheit in ihrem Hotel \u00fcberpr\u00fcfen, diese handelte bei der Entf\u00fchrung ihren Angaben zufolge auf eigene Faust.<\/p>\n<p>    Barkay belastet auch Familienanwalt der Blocks<\/p>\n<p class=\"\">Barkay hat auch den mitangeklagten Familienanwalt der Blocks belastet, der den ersten Kontakt zu Barkay Anfang 2023 hergestellt hatte. Auf die Frage der Vorsitzenden Richterin, wen genau Barkay als seinen Kunden angesehen habe, antwortete er: &#8222;Anfangs dachten wir, dass der Anwalt der Kunde sei, der im Auftrag der Familie arbeitet.&#8220;\u00a0<\/p>\n<p class=\"\">Der 68-j\u00e4hrige Barkay, der nun vor Gericht aussagt, soll nach Angaben der Staatsanwaltschaft die R\u00fcckholaktion in der Silvesternacht 2023\/24 organisiert und geleitet haben. Er gilt als einer der Hauptbeschuldigten, ist im laufenden Prozess aber nicht angeklagt. Nach ihm wurde seit 2024 mit Haftbefehl gefahndet. F\u00fcr seine Aussage in Hamburg gew\u00e4hrten ihm die Ermittlungsbeh\u00f6rden k\u00fcrzlich sicheres Geleit.<\/p>\n<p>        <img decoding=\"async\" src=\"https:\/\/www.europesays.com\/de\/wp-content\/uploads\/2025\/12\/block-250.webp\" alt=\"Christina Block auf dem Weg ins Hamburger Landgericht.\" title=\"Christina Block auf dem Weg ins Hamburger Landgericht. | picture alliance\/dpa | Georg Wendt\" class=\"responsive\" loading=\"lazy\"\/><\/p>\n<p>Am Mittwoch sagte im Block-Prozess vor dem Hamburger Landgericht David Barkay aus. Er gilt als Drahtzieher der Entf\u00fchrung.<\/p>\n<p>        <img decoding=\"async\" src=\"https:\/\/www.europesays.com\/de\/wp-content\/uploads\/2025\/12\/screenshot-85646.webp\" alt=\"Christina Block im Gerichtssaal.\" title=\"Christina Block im Gerichtssaal. | Screenshot\" class=\"responsive\" loading=\"lazy\"\/><\/p>\n<p>Laut einem Medienbericht soll sie Agenten aufgefordert haben, eine Familienrichterin zu \u00fcberpr\u00fcfen.<\/p>\n<p>        <img decoding=\"async\" src=\"https:\/\/www.europesays.com\/de\/wp-content\/uploads\/2025\/12\/block-156.webp\" alt=\"Christina Block im Gerichtssaal w\u00e4hrend des Prozesses wegen mutma\u00dflicher Kindesentf\u00fchrung im Landgericht Hamburg. \" title=\"Christina Block im Gerichtssaal w\u00e4hrend des Prozesses wegen mutma\u00dflicher Kindesentf\u00fchrung im Landgericht Hamburg.  | picture alliance\/dpa\/dpa-POOL, Marcus Brandt\" class=\"responsive\" loading=\"lazy\"\/><\/p>\n<p>Zwei der mutma\u00dflichen Entf\u00fchrer aus Israel sind wohl mittlerweise in Hamburg angekommen und belasten Christina Block.<\/p>\n<p>        <img decoding=\"async\" src=\"https:\/\/www.europesays.com\/de\/wp-content\/uploads\/2025\/12\/block-234.webp\" alt=\"Christina Block mit ihrem Anwalt vor Gericht.\" title=\"Christina Block mit ihrem Anwalt vor Gericht. | picture alliance\/dpa\/Pool dpa, Marcus Brandt\" class=\"responsive\" loading=\"lazy\"\/><\/p>\n<p>Der mutma\u00dfliche Drahtzieher der Entf\u00fchrung der Block-Kinder hatte bei der Staatsanwaltschaft ausgesagt. Dabei soll er Block als Auftraggeberin genannt haben.<\/p>\n<p>        <img decoding=\"async\" src=\"https:\/\/www.europesays.com\/de\/wp-content\/uploads\/2025\/12\/anne-kunze-102.webp\" alt=\"Anne Kunze, Gerichtsreporterin f\u00fcr &quot;Die Zeit&quot;.\" title=\"Anne Kunze, Gerichtsreporterin f\u00fcr &quot;Die Zeit&quot;. | &quot;Die Zeit&quot;, Moritz K\u00fcstner\" class=\"responsive\" loading=\"lazy\"\/><\/p>\n<p>Die Eskalation sei wahrscheinlich nur deshalb m\u00f6glich, weil sehr viel Geld und sehr viele Beziehungen vorhanden waren, sagt Anne Kunze, Kriminalreporterin der\u00a0&#8222;Zeit&#8220;.<\/p>\n<p>        <img decoding=\"async\" src=\"https:\/\/www.europesays.com\/de\/wp-content\/uploads\/2025\/12\/block-252.webp\" alt=\"Christina Block (2.v.r) und ihre Rechtsanw\u00e4ltin Paula Wlodarek (3.v.r) und ihr Rechtsanwalt Ingo Bott (r) kommen zu einem weiteren Verhandlungstag im Prozess in Hamburg.\" title=\"Christina Block (2.v.r) und ihre Rechtsanw\u00e4ltin Paula Wlodarek (3.v.r) und ihr Rechtsanwalt Ingo Bott (r) kommen zu einem weiteren Verhandlungstag im Prozess in Hamburg. | dpa, Georg Wendt\" class=\"responsive\" loading=\"lazy\"\/><\/p>\n<p>Die Medien-Pr\u00e4senz im Block-Prozess ist immens &#8211; teilweise wird sogar per Live-Ticker aus dem Gerichtssaal berichtet. Warum wurde aus einem Familiendrama ein Medienspektakel?<\/p>\n","protected":false},"excerpt":{"rendered":"AUDIO: Hauptzeuge belastet Christina Block (1 Min) Stand: 11.12.2025 13:01 Uhr Im Hamburger Block-Prozess sagt heute erneut der&hellip;\n","protected":false},"author":2,"featured_media":639164,"comment_status":"","ping_status":"","sticky":false,"template":"","format":"standard","meta":{"footnotes":""},"categories":[2],"tags":[29,30,692,13,14,15,12,10,8,9,11],"class_list":{"0":"post-639163","1":"post","2":"type-post","3":"status-publish","4":"format-standard","5":"has-post-thumbnail","7":"category-deutschland","8":"tag-deutschland","9":"tag-germany","10":"tag-hamburg","11":"tag-headlines","12":"tag-nachrichten","13":"tag-news","14":"tag-schlagzeilen","15":"tag-top-news","16":"tag-top-meldungen","17":"tag-topmeldungen","18":"tag-topnews"},"share_on_mastodon":{"url":"https:\/\/pubeurope.com\/@de\/115701026165115013","error":""},"_links":{"self":[{"href":"https:\/\/www.europesays.com\/de\/wp-json\/wp\/v2\/posts\/639163","targetHints":{"allow":["GET"]}}],"collection":[{"href":"https:\/\/www.europesays.com\/de\/wp-json\/wp\/v2\/posts"}],"about":[{"href":"https:\/\/www.europesays.com\/de\/wp-json\/wp\/v2\/types\/post"}],"author":[{"embeddable":true,"href":"https:\/\/www.europesays.com\/de\/wp-json\/wp\/v2\/users\/2"}],"replies":[{"embeddable":true,"href":"https:\/\/www.europesays.com\/de\/wp-json\/wp\/v2\/comments?post=639163"}],"version-history":[{"count":0,"href":"https:\/\/www.europesays.com\/de\/wp-json\/wp\/v2\/posts\/639163\/revisions"}],"wp:featuredmedia":[{"embeddable":true,"href":"https:\/\/www.europesays.com\/de\/wp-json\/wp\/v2\/media\/639164"}],"wp:attachment":[{"href":"https:\/\/www.europesays.com\/de\/wp-json\/wp\/v2\/media?parent=639163"}],"wp:term":[{"taxonomy":"category","embeddable":true,"href":"https:\/\/www.europesays.com\/de\/wp-json\/wp\/v2\/categories?post=639163"},{"taxonomy":"post_tag","embeddable":true,"href":"https:\/\/www.europesays.com\/de\/wp-json\/wp\/v2\/tags?post=639163"}],"curies":[{"name":"wp","href":"https:\/\/api.w.org\/{rel}","templated":true}]}}