{"id":639165,"date":"2025-12-11T12:51:21","date_gmt":"2025-12-11T12:51:21","guid":{"rendered":"https:\/\/www.europesays.com\/de\/639165\/"},"modified":"2025-12-11T12:51:21","modified_gmt":"2025-12-11T12:51:21","slug":"us-sicherheitsstrategie-friedrich-merz-will-europas-rolle-in-der-nato-staerken","status":"publish","type":"post","link":"https:\/\/www.europesays.com\/de\/639165\/","title":{"rendered":"US-Sicherheitsstrategie: Friedrich Merz will Europas Rolle in der Nato st\u00e4rken"},"content":{"rendered":"<p class=\"paragraph article__item\">Bundeskanzler <a class=\"rtr-entity\" href=\"https:\/\/www.zeit.de\/thema\/friedrich-merz\" target=\"_blank\" rel=\"noopener\">Friedrich Merz<\/a> (CDU) sieht sich von <a href=\"https:\/\/www.zeit.de\/2025\/53\/us-strategie-europa-sicherheitsstrategie-donald-trump-kreml\" class=\"\" target=\"_blank\" rel=\"noopener\">der neuen US-Sicherheitsstrategie<\/a> darin best\u00e4rkt, Europas Rolle in der Nato ausbauen zu wollen. Das Sicherheitspapier der US-Regierung &#8222;best\u00e4tigt uns, dass wir hier auf dem richtigen Weg sind&#8220;, sagte der Kanzler bei einem Treffen mit Nato-Generalsekret\u00e4r Mark Rutte in Berlin.\u00a0\n<\/p>\n<p class=\"paragraph article__item\">Merz distanzierte sich indirekt von der US-Sicherheitsstrategie, hob aber hervor, weiter an der transatlantischen Zusammenarbeit festhalten zu wollen: &#8222;Wo wir jenseits der Rhetorik im eigenen Interesse mit den USA zusammenarbeiten k\u00f6nnen, werden wir das selbstverst\u00e4ndlich weiterf\u00fchren&#8220;, sagte der Kanzler. Das gelte insbesondere f\u00fcr die Arbeit an einem Ende des russischen Krieges gegen die Ukraine und die Zukunft der <a class=\"rtr-entity\" href=\"https:\/\/www.zeit.de\/thema\/nato\" target=\"_blank\" rel=\"noopener\">Nato<\/a>.\u00a0\n<\/p>\n<p class=\"paragraph article__item\">Er habe keinen Zweifel daran, dass fr\u00fchere Zusagen der <a class=\"rtr-entity\" href=\"https:\/\/www.zeit.de\/thema\/usa\" target=\"_blank\" rel=\"noopener\">USA<\/a> im Rahmen der Nato-Zusammenarbeit weiter bestehen bleiben, sagte Merz weiter. &#8222;Es gibt keine Ank\u00fcndigung und auch keine Schritte hin zur Aufl\u00f6sung des gegenseitigen Sicherheitsversprechens, das wir uns gegeben haben.&#8220; Damit beantwortete der Kanzler eine Frage danach, ob die USA an der Zusage festhielten, <a href=\"https:\/\/www.zeit.de\/politik\/ausland\/2024-07\/usa-marschflugkoerper-stationierung-deutschland-nato\" class=\"\" target=\"_blank\" rel=\"noopener\">ab kommendem Jahr weitreichende Marschflugk\u00f6rper in Deutschland zu stationieren<\/a>.\u00a0\n<\/p>\n<p>        Merz ruft zu europ\u00e4ischer Einigkeit auf        <\/p>\n<p class=\"paragraph article__item\">Die europ\u00e4ische S\u00e4ule des westlichen Milit\u00e4rb\u00fcndnisses zu st\u00e4rken, habe &#8222;absolute Priorit\u00e4t&#8220;, sagte Merz. &#8222;Wir werden das als einiges und ein starkes Europa tun. Dieses Europa auch unter Druck zusammenzuhalten und von nichts und niemandem spalten zu lassen, das ist wichtiger denn je. <a href=\"https:\/\/www.zeit.de\/2025\/53\/us-sicherheitsstrategie-europa-donald-trump-nationale-politik\" class=\"\" target=\"_blank\" rel=\"noopener\">Das einige, starke Europa brauchen wir wie nie zuvor<\/a>.&#8220; Die US-Regierung weise in ihrer Sicherheitsstrategie zu Recht darauf hin, &#8222;dass wir f\u00fcr unsere Sicherheit in Europa sehr viel mehr tun m\u00fcssen als in der Vergangenheit&#8220;.\u00a0\n<\/p>\n<p>                            \u00a9\u00a0Lea Dohle<\/p>\n<p>\n                                        Newsletter<br \/>\n                                        Was jetzt? \u2013 Der t\u00e4gliche Morgen\u00fcberblick<\/p>\n<p class=\"newsletter-signup__text\">Starten Sie mit unserem kurzen Nachrichten-Newsletter in den Tag. Erhalten Sie zudem freitags das digitale Magazin ZEIT am Wochenende.<\/p>\n<p class=\"newsletter-signup__datapolicy\" hidden=\"\">\n            Mit Ihrer Registrierung nehmen Sie die <a href=\"https:\/\/datenschutz.zeit.de\/zon#Newsletter\" target=\"_blank\" rel=\"noopener\">Datenschutzerkl\u00e4rung<\/a> zur Kenntnis.\n        <\/p>\n<p>    Vielen Dank! Wir haben Ihnen eine E-Mail geschickt.<\/p>\n<p>Pr\u00fcfen Sie Ihr Postfach und best\u00e4tigen Sie das Newsletter-Abonnement.<\/p>\n<p class=\"paragraph article__item\">In der am vergangenen Freitag ver\u00f6ffentlichten US-Strategie positionieren sich die USA als Vermittler zwischen Russland und <a class=\"rtr-entity\" href=\"https:\/\/www.zeit.de\/thema\/europa\" target=\"_blank\" rel=\"noopener\">Europa<\/a> und kritisieren aufseiten europ\u00e4ischer L\u00e4nder eine liberale Migrations- und Gesellschaftspolitik, <a href=\"https:\/\/www.zeit.de\/politik\/ausland\/2025-12\/usa-sicherheitsstrategie-meinungsfreiheit-migration-europa-gxe\" class=\"\" target=\"_blank\" rel=\"noopener\">die zu einer &#8222;zivilisatorischen Ausl\u00f6schung&#8220; Europas f\u00fchre<\/a>. Den &#8222;Widerstand&#8220; dagegen \u2013 mutma\u00dflich sind vor allem rechtspopulistische und rechtsradikale Kr\u00e4fte in europ\u00e4ischen L\u00e4ndern gemeint \u2013 w\u00fcrden die USA unterst\u00fctzen. Sicherheitspolitisch sei es das Ziel der US-Regierung, dass Europa m\u00f6glichst bald selbstst\u00e4ndig werde und seine Abh\u00e4ngigkeit vom Schutz durch die USA abbaue.\u00a0\n<\/p>\n<p class=\"paragraph article__item\">F\u00fchrende EU-Politiker hatten die Strategie als <a href=\"https:\/\/www.zeit.de\/politik\/ausland\/2025-12\/us-sicherheitsdoktrin-james-david-vance-europa-demokratie-politische-mitte-spaltung\" class=\"\" target=\"_blank\" rel=\"noopener\">Bruch der transatlantischen Partnerschaft<\/a> kritisiert und den USA politische Einmischung in innere Angelegenheiten europ\u00e4ischer L\u00e4nder vorgeworfen. Auch die Bundesregierung \u00e4u\u00dferte sich \u00e4hnlich. Mit dem Ziel, Europas verteidigungspolitische Selbstst\u00e4ndigkeit zu f\u00f6rdern, adressierte Merz nun eine der wenigen Passagen in dem Dokument, in dem zwischen den USA und vielen europ\u00e4ischen Staaten Konsens herrscht.\n<\/p>\n<p>                    <img decoding=\"async\" class=\"podcast-player__image\"  src=\"https:\/\/www.europesays.com\/de\/wp-content\/uploads\/2025\/09\/square__CBD57F__140x140.png\" width=\"140\" height=\"140\" loading=\"lazy\"\/><\/p>\n<p>                    OK, America? &#8211; Klaus Brinkb\u00e4umer und Rieke Havertz erkl\u00e4ren die USA:<br \/>\n                Jetzt hat es Europa schriftlich<\/p>\n<p>        Ihr Browser unterst\u00fctzt die Wiedergabe von Audio Dateien nicht. Download der Datei als mp3: https:\/\/zeitonline.simplecastaudio.com\/fc02e323-077b-4b00-87bc-38d08934786a\/episodes\/44535752-8c9c-424c-9b1c-ef19fc9a5cbe\/audio\/128\/default.mp3?awCollectionId=fc02e323-077b-4b00-87bc-38d08934786a&amp;awEpisodeId=44535752-8c9c-424c-9b1c-ef19fc9a5cbe    <\/p>\n<p>                48 Min.<\/p>\n<p>        Orb\u00e1n sieht USA im &#8222;Kampf&#8220; gegen EU-Politik auf seiner Seite        <\/p>\n<p class=\"paragraph article__item\">G\u00e4nzlich anders \u00e4u\u00dferte sich dazu Ungarns Regierungschef Viktor Orb\u00e1n, dessen rechtskonservative Partei von Trump unterst\u00fctzt wird: Anders als Merz rief er nicht zu europ\u00e4ischer Einigkeit angesichts der ver\u00e4nderten Haltung der USA auf, sondern betonte die Gemeinsamkeiten zwischen seiner und der Trump-Regierung.\n<\/p>\n<p class=\"paragraph article__item\">&#8222;Amerika hat ein pr\u00e4zises Verst\u00e4ndnis von Europas Niedergang&#8220;, <a href=\"https:\/\/x.com\/PM_ViktorOrban\/status\/1999037247010582583\" class=\"\" target=\"_blank\">schrieb Orb\u00e1n auf X<\/a>. &#8222;Sie sehen den zivilisatorischen Niedergang, gegen den wir in Ungarn 15 Jahre lang gek\u00e4mpft haben. Endlich bek\u00e4mpfen wir dies nicht mehr allein.&#8220; Auch stimme er der US-Einsch\u00e4tzung zu, dass das Verh\u00e4ltnis zu Russland &#8222;auf strategischer Ebene&#8220; neu aufgebaut werden m\u00fcsse, nachdem &#8222;europ\u00e4ische Liberale das Netzwerk an Beziehungen, das es einst mit Russland gab, verbrannt&#8220; h\u00e4tten.\n<\/p>\n<p class=\"paragraph article__item\">Die USA hatten Russland in dem Papier, anders als in der letzten Sicherheitsstrategie von 2022, nicht mehr als &#8222;Bedrohung&#8220; f\u00fcr den Frieden in Europa eingestuft, sondern nur darauf verwiesen, dass viele europ\u00e4ische L\u00e4nder Russland so einsch\u00e4tzten. Die US-Regierung sei an einer &#8222;strategischen Stabilit\u00e4t&#8220; mit Russland interessiert. Das russische Pr\u00e4sidentenb\u00fcro hat die neue Strategie seit ihrer Ver\u00f6ffentlichung mehrfach gelobt und <a href=\"https:\/\/www.zeit.de\/politik\/ausland\/2025-12\/usa-russland-sicherheitsstrategie-europa-dmitri-peskow\" class=\"\" target=\"_blank\" rel=\"noopener\">Gemeinsamkeiten zwischen der sicherheitspolitischen Wahrnehmung der USA und Russlands betont.<\/a>\n<\/p>\n<p>            USA und Europa        <\/p>\n<p>Mehr zum Thema<\/p>\n<p>                <a href=\"https:\/\/www.zeit.de\/politik\/ausland\/2025-12\/us-sicherheitsdoktrin-james-david-vance-europa-demokratie-politische-mitte-spaltung\" data-ct-label=\"US-Sicherheitsdoktrin: Die Anti-Europa-Doktrin\" target=\"_blank\" rel=\"noopener\"><\/p>\n<p>        Z+ (abopflichtiger Inhalt);<\/p>\n<p>    US-Sicherheitsdoktrin:<br \/>\n                        Die Anti-Europa-Doktrin<\/p>\n<p>                <\/a><\/p>\n<p>                <a href=\"https:\/\/www.zeit.de\/2025\/53\/us-strategie-europa-sicherheitsstrategie-donald-trump-kreml\" data-ct-label=\"US-Strategie f\u00fcr Europa: Eine w\u00fctende Fantasie\" target=\"_blank\" rel=\"noopener\"><\/p>\n<p>        Z+ (abopflichtiger Inhalt);<\/p>\n<p>    US-Strategie f\u00fcr Europa:<br \/>\n                        Eine w\u00fctende Fantasie<\/p>\n<p>                <\/a><\/p>\n<p>                <a href=\"https:\/\/www.zeit.de\/2025\/53\/us-sicherheitsstrategie-europa-donald-trump-nationale-politik\" data-ct-label=\"US-Sicherheitsstrategie: Es ist an der Zeit, sich zu wehren\" target=\"_blank\" rel=\"noopener\"><\/p>\n<p>                        US-Sicherheitsstrategie:<br \/>\n                        Es ist an der Zeit, sich zu wehren<\/p>\n<p>                <\/a><\/p>\n","protected":false},"excerpt":{"rendered":"Bundeskanzler Friedrich Merz (CDU) sieht sich von der neuen US-Sicherheitsstrategie darin best\u00e4rkt, Europas Rolle in der Nato ausbauen&hellip;\n","protected":false},"author":2,"featured_media":639166,"comment_status":"","ping_status":"","sticky":false,"template":"","format":"standard","meta":{"footnotes":""},"categories":[5],"tags":[663,775,13,4543,14,1159,15,16,12,6473,10,8,9,11,150323,64],"class_list":{"0":"post-639165","1":"post","2":"type-post","3":"status-publish","4":"format-standard","5":"has-post-thumbnail","7":"category-nachrichten","8":"tag-europa","9":"tag-friedrich-merz","10":"tag-headlines","11":"tag-mark-rutte","12":"tag-nachrichten","13":"tag-nato","14":"tag-news","15":"tag-politik","16":"tag-schlagzeilen","17":"tag-sicherheitspolitik","18":"tag-top-news","19":"tag-top-meldungen","20":"tag-topmeldungen","21":"tag-topnews","22":"tag-us-sicherheitsstrategie","23":"tag-usa"},"share_on_mastodon":{"url":"https:\/\/pubeurope.com\/@de\/115701028475784159","error":""},"_links":{"self":[{"href":"https:\/\/www.europesays.com\/de\/wp-json\/wp\/v2\/posts\/639165","targetHints":{"allow":["GET"]}}],"collection":[{"href":"https:\/\/www.europesays.com\/de\/wp-json\/wp\/v2\/posts"}],"about":[{"href":"https:\/\/www.europesays.com\/de\/wp-json\/wp\/v2\/types\/post"}],"author":[{"embeddable":true,"href":"https:\/\/www.europesays.com\/de\/wp-json\/wp\/v2\/users\/2"}],"replies":[{"embeddable":true,"href":"https:\/\/www.europesays.com\/de\/wp-json\/wp\/v2\/comments?post=639165"}],"version-history":[{"count":0,"href":"https:\/\/www.europesays.com\/de\/wp-json\/wp\/v2\/posts\/639165\/revisions"}],"wp:featuredmedia":[{"embeddable":true,"href":"https:\/\/www.europesays.com\/de\/wp-json\/wp\/v2\/media\/639166"}],"wp:attachment":[{"href":"https:\/\/www.europesays.com\/de\/wp-json\/wp\/v2\/media?parent=639165"}],"wp:term":[{"taxonomy":"category","embeddable":true,"href":"https:\/\/www.europesays.com\/de\/wp-json\/wp\/v2\/categories?post=639165"},{"taxonomy":"post_tag","embeddable":true,"href":"https:\/\/www.europesays.com\/de\/wp-json\/wp\/v2\/tags?post=639165"}],"curies":[{"name":"wp","href":"https:\/\/api.w.org\/{rel}","templated":true}]}}