{"id":639169,"date":"2025-12-11T12:53:15","date_gmt":"2025-12-11T12:53:15","guid":{"rendered":"https:\/\/www.europesays.com\/de\/639169\/"},"modified":"2025-12-11T12:53:15","modified_gmt":"2025-12-11T12:53:15","slug":"alsdorf-busch-47-jaehriger-schiesst-nach-streit-mit-schusswaffe","status":"publish","type":"post","link":"https:\/\/www.europesays.com\/de\/639169\/","title":{"rendered":"Alsdorf-Busch: 47-J\u00e4hriger schie\u00dft nach Streit mit Schusswaffe"},"content":{"rendered":"<p class=\"Paragraph_paragraph__exhQA Paragraph_paragraph--default-lg-default__8QZrI articleParagraph\">Einen gr\u00f6\u00dferen Polizeieinsatz hat es am sp\u00e4teren Dienstagnachmittag im Stadtteil Busch gegeben. Nach bisherigen Erkenntnissen wurde ein 42-j\u00e4hriger Mann aus Alsdorf in der Buschstra\u00dfe von einem anderen Mann (47 Jahre, ebenfalls aus Alsdorf) beleidigt und geschubst. Ein 25-j\u00e4hriger Lebensmittel-Lieferant hatte das beobachtet und griff ein. Er trennte die beiden Personen voneinander.<\/p>\n<p class=\"Paragraph_paragraph__exhQA Paragraph_paragraph--default-lg-default__8QZrI articleParagraph\">Daraufhin entfernten sich der 42-J\u00e4hrige und der 25-J\u00e4hrige in Richtung \u201eAm Hang\u201c. Der 47-j\u00e4hrige Tatverd\u00e4chtige aber wollte sich damit offenbar nicht zufriedengeben und zog eine Schusswaffe. Aus einigen Metern Entfernung gab er mehrere Sch\u00fcsse ab, ohne jemanden zu treffen. Der 42-J\u00e4hrige war durch die anf\u00e4ngliche Auseinandersetzung leicht verletzt worden, der 25-j\u00e4hrige Lieferfahrer war dabei unverletzt geblieben.<\/p>\n<p><a href=\"https:\/\/www.aachener-zeitung.de\/lokales\/region-aachen\/herzogenrath\/vermeidbarer-mord-an-fuenffacher-mutter-die-ermittlungspanne-im-fall-konstantin-h.\/111567712.html\" class=\"RelatedTeaser_related-teaser__w3AgI RelatedTeaser_related-teaser--image__GJcRr read-more_withImage__1YJa_\" data-article-id=\"111567712\" target=\"_blank\" rel=\"noopener\"><\/p>\n<p>Lesen Sie auch:Vermeidbarer Mord an f\u00fcnffacher Mutter? Die \u201eErmittlungspanne\u201c im Fall Konstantin H.<\/p>\n<p><\/a><\/p>\n<p class=\"Paragraph_paragraph__exhQA Paragraph_paragraph--default-lg-default__8QZrI articleParagraph\">Die Polizei konnte den Tatverd\u00e4chtigen in der N\u00e4he des Tatorts ausfindig machen. Der Mann war alkoholisiert und leistete im Verlauf der polizeilichen Ma\u00dfnahmen \u2013 unter anderem  Spurensicherung \u2013 Widerstand.<\/p>\n<p class=\"Paragraph_paragraph__exhQA Paragraph_paragraph--default-lg-default__8QZrI articleParagraph\">Bei der Durchsuchung seiner Wohnung fanden die Einsatzkr\u00e4fte Waffen und Zubeh\u00f6r. Der 47-J\u00e4hrige verf\u00fcgt \u00fcber einen Waffenschein und registrierte Schusswaffen. Alle Gegenst\u00e4nde wurden sichergestellt. Die Kriminalpolizei Aachen hat die weiteren Ermittlungen in dem Fall aufgenommen.<\/p>\n","protected":false},"excerpt":{"rendered":"Einen gr\u00f6\u00dferen Polizeieinsatz hat es am sp\u00e4teren Dienstagnachmittag im Stadtteil Busch gegeben. Nach bisherigen Erkenntnissen wurde ein 42-j\u00e4hriger&hellip;\n","protected":false},"author":2,"featured_media":639170,"comment_status":"","ping_status":"","sticky":false,"template":"","format":"standard","meta":{"footnotes":""},"categories":[1853],"tags":[1424,3364,29,548,663,3934,30,13,14,15,1209,12],"class_list":{"0":"post-639169","1":"post","2":"type-post","3":"status-publish","4":"format-standard","5":"has-post-thumbnail","7":"category-aachen","8":"tag-aachen","9":"tag-de","10":"tag-deutschland","11":"tag-eu","12":"tag-europa","13":"tag-europe","14":"tag-germany","15":"tag-headlines","16":"tag-nachrichten","17":"tag-news","18":"tag-nordrhein-westfalen","19":"tag-schlagzeilen"},"share_on_mastodon":{"url":"https:\/\/pubeurope.com\/@de\/115701036304997983","error":""},"_links":{"self":[{"href":"https:\/\/www.europesays.com\/de\/wp-json\/wp\/v2\/posts\/639169","targetHints":{"allow":["GET"]}}],"collection":[{"href":"https:\/\/www.europesays.com\/de\/wp-json\/wp\/v2\/posts"}],"about":[{"href":"https:\/\/www.europesays.com\/de\/wp-json\/wp\/v2\/types\/post"}],"author":[{"embeddable":true,"href":"https:\/\/www.europesays.com\/de\/wp-json\/wp\/v2\/users\/2"}],"replies":[{"embeddable":true,"href":"https:\/\/www.europesays.com\/de\/wp-json\/wp\/v2\/comments?post=639169"}],"version-history":[{"count":0,"href":"https:\/\/www.europesays.com\/de\/wp-json\/wp\/v2\/posts\/639169\/revisions"}],"wp:featuredmedia":[{"embeddable":true,"href":"https:\/\/www.europesays.com\/de\/wp-json\/wp\/v2\/media\/639170"}],"wp:attachment":[{"href":"https:\/\/www.europesays.com\/de\/wp-json\/wp\/v2\/media?parent=639169"}],"wp:term":[{"taxonomy":"category","embeddable":true,"href":"https:\/\/www.europesays.com\/de\/wp-json\/wp\/v2\/categories?post=639169"},{"taxonomy":"post_tag","embeddable":true,"href":"https:\/\/www.europesays.com\/de\/wp-json\/wp\/v2\/tags?post=639169"}],"curies":[{"name":"wp","href":"https:\/\/api.w.org\/{rel}","templated":true}]}}