{"id":639173,"date":"2025-12-11T12:55:14","date_gmt":"2025-12-11T12:55:14","guid":{"rendered":"https:\/\/www.europesays.com\/de\/639173\/"},"modified":"2025-12-11T12:55:14","modified_gmt":"2025-12-11T12:55:14","slug":"erste-wintersonnenwende-feier-mit-lagerfeuer-und-regionalen-spezialitaeten-in-lichtenau","status":"publish","type":"post","link":"https:\/\/www.europesays.com\/de\/639173\/","title":{"rendered":"Erste Wintersonnenwende-Feier mit Lagerfeuer und regionalen Spezialit\u00e4ten in Lichtenau"},"content":{"rendered":"<p>                Premiere: Erste Wintersonnenwende-Feier mit Lagerfeuer und regionalen Spezialit\u00e4ten in Lichtenau<\/p>\n<p class=\"article__subtitle\">Am 19. Dezember l\u00e4dt die Interessengemeinschaft Wasserm\u00fchle Krumbach zur stimmungsvollen Wintersonnenwende nach Krumbach ein \u2013 mit Gl\u00fchwein, Feuer &amp; Genuss f\u00fcr die ganze Familie<\/p>\n<p>\t\t\t\t\t\t\t\t\t\t\t\t\t\t\t\t<img loading=\"lazy\" decoding=\"async\" class=\"article-meta__author-img\" src=\"https:\/\/www.europesays.com\/de\/wp-content\/uploads\/2025\/06\/elli3_M50x50.png\"  alt=\"Portrait von Simone Esper, Autor:In des Artikels\" width=\"50\" height=\"50\"\/><\/p>\n<p>\n        Feuer, Licht und Kulinarik \u2013 Das erwartet die Besucher\n    <\/p>\n<p>\n        Die Bedeutung der Wintersonnenwende\n    <\/p>\n<p>\n        Feiern, wie es fr\u00fcher war \u2013 aber mit neuem Glanz\n    <\/p>\n<p>\n        Veranstaltungsort &amp; Zeit\n    <\/p>\n","protected":false},"excerpt":{"rendered":"Premiere: Erste Wintersonnenwende-Feier mit Lagerfeuer und regionalen Spezialit\u00e4ten in Lichtenau Am 19. Dezember l\u00e4dt die Interessengemeinschaft Wasserm\u00fchle Krumbach&hellip;\n","protected":false},"author":2,"featured_media":639174,"comment_status":"","ping_status":"","sticky":false,"template":"","format":"standard","meta":{"footnotes":""},"categories":[1851],"tags":[2770,3364,29,548,663,3934,30,13,14,15,859,12,3866],"class_list":{"0":"post-639173","1":"post","2":"type-post","3":"status-publish","4":"format-standard","5":"has-post-thumbnail","7":"category-chemnitz","8":"tag-chemnitz","9":"tag-de","10":"tag-deutschland","11":"tag-eu","12":"tag-europa","13":"tag-europe","14":"tag-germany","15":"tag-headlines","16":"tag-nachrichten","17":"tag-news","18":"tag-sachsen","19":"tag-schlagzeilen","20":"tag-veranstaltungen"},"share_on_mastodon":{"url":"https:\/\/pubeurope.com\/@de\/115701045003127897","error":""},"_links":{"self":[{"href":"https:\/\/www.europesays.com\/de\/wp-json\/wp\/v2\/posts\/639173","targetHints":{"allow":["GET"]}}],"collection":[{"href":"https:\/\/www.europesays.com\/de\/wp-json\/wp\/v2\/posts"}],"about":[{"href":"https:\/\/www.europesays.com\/de\/wp-json\/wp\/v2\/types\/post"}],"author":[{"embeddable":true,"href":"https:\/\/www.europesays.com\/de\/wp-json\/wp\/v2\/users\/2"}],"replies":[{"embeddable":true,"href":"https:\/\/www.europesays.com\/de\/wp-json\/wp\/v2\/comments?post=639173"}],"version-history":[{"count":0,"href":"https:\/\/www.europesays.com\/de\/wp-json\/wp\/v2\/posts\/639173\/revisions"}],"wp:featuredmedia":[{"embeddable":true,"href":"https:\/\/www.europesays.com\/de\/wp-json\/wp\/v2\/media\/639174"}],"wp:attachment":[{"href":"https:\/\/www.europesays.com\/de\/wp-json\/wp\/v2\/media?parent=639173"}],"wp:term":[{"taxonomy":"category","embeddable":true,"href":"https:\/\/www.europesays.com\/de\/wp-json\/wp\/v2\/categories?post=639173"},{"taxonomy":"post_tag","embeddable":true,"href":"https:\/\/www.europesays.com\/de\/wp-json\/wp\/v2\/tags?post=639173"}],"curies":[{"name":"wp","href":"https:\/\/api.w.org\/{rel}","templated":true}]}}