{"id":639177,"date":"2025-12-11T12:57:16","date_gmt":"2025-12-11T12:57:16","guid":{"rendered":"https:\/\/www.europesays.com\/de\/639177\/"},"modified":"2025-12-11T12:57:16","modified_gmt":"2025-12-11T12:57:16","slug":"moenchengladbach-maenner-ueberfallen-mehrere-bewohner","status":"publish","type":"post","link":"https:\/\/www.europesays.com\/de\/639177\/","title":{"rendered":"M\u00f6nchengladbach: M\u00e4nner \u00fcberfallen mehrere Bewohner"},"content":{"rendered":"<p>M\u00f6nchengladbach &#8211; <b>Zwei M\u00e4nner haben ein Haus mit vier Bewohnern in M\u00f6nchengladbach <\/b><a href=\"https:\/\/www.tag24.de\/justiz\/ueberfall\" target=\"_blank\" rel=\"noopener\">\u00fcberfallen<\/a><b>. Bei der Festnahme durch die Polizei ist ein Tatverd\u00e4chtiger durch einen Schuss schwer verletzt worden.<\/b><\/p>\n<p>            <img loading=\"lazy\" decoding=\"async\" class=\"article__img\" alt=\"Die Polizei war am fr\u00fchen Mittwochabend zu dem Wohnhaus in Wickrath-Mitte alarmiert worden.\" width=\"951\" height=\"634\" src=\"https:\/\/www.europesays.com\/de\/wp-content\/uploads\/2025\/12\/xtj5nnpj4yp1uacj3ou541ev4chgeat8.jpg\"  \/><\/p>\n<p>            Die Polizei war am fr\u00fchen Mittwochabend zu dem Wohnhaus in Wickrath-Mitte alarmiert worden.\u00a0\u00a0\u00a9\u00a0Jan Ohmen<\/p>\n<p>Nach Angaben eines Sprechers der Beamten in M\u00f6nchengladbach hatten die T\u00e4ter am fr\u00fchen Mittwochabend gegen 17.15 Uhr zugeschlagen und waren in das Haus am Adolf-Kempken-Weg in Wickrath-Mitte eingedrungen, in dem sich ersten Erkenntnissen zufolge ein \u00e4lteres Ehepaar und zwei weitere Familienmitglieder aufhielten. <\/p>\n<p>Die Angreifer bedrohten demnach drei der Bewohner mit Schusswaffen, fesselten sie zum Teil mit Kabelbindern und stahlen Geld aus einem Tresor.<\/p>\n<p>W\u00e4hrend ein 82-j\u00e4hriger Bewohner dabei von den T\u00e4tern leicht verletzt wurden, alarmierte ein weiterer Hausbewohner, der sich von den T\u00e4tern unbemerkt im Obergeschoss aufhielt, die <a href=\"https:\/\/www.tag24.de\/justiz\/polizei\" target=\"_blank\" rel=\"noopener\">Polizei<\/a>.<\/p>\n<p>                             <a data-aid=\"3447945\" data-atype=\"news\" data-aplacement=\"inread-article\" data-aplacementid=\"3447743\" href=\"https:\/\/www.tag24.de\/justiz\/polizei\/streit-am-bahnhof-endet-mit-verletztem-und-polizeieinsatz-3447945\" target=\"_blank\" rel=\"noopener\"><img loading=\"lazy\" decoding=\"async\" width=\"85\" height=\"57\" alt=\"Streit am Bahnhof endet mit Verletztem und Polizeieinsatz\" src=\"https:\/\/www.europesays.com\/de\/wp-content\/uploads\/2025\/12\/vl2dyhjmn9rdbwy5n3zfdtfd9ouig4rg.jpg\"\/><\/a><\/p>\n<p>            Polizeimeldungen<br \/>\n                            <a class=\"inread-article__headline\" data-aid=\"3447945\" data-atype=\"news\" data-aplacement=\"inread-article\" data-aplacementid=\"3447743\" href=\"https:\/\/www.tag24.de\/justiz\/polizei\/streit-am-bahnhof-endet-mit-verletztem-und-polizeieinsatz-3447945\" target=\"_blank\" rel=\"noopener\">Streit am Bahnhof endet mit Verletztem und Polizeieinsatz<\/a><\/p>\n<p>Die Beamten nahmen das durch den Garten fl\u00fcchtende Duo dann wenig sp\u00e4ter vorl\u00e4ufig fest. Dabei sei ein Tatverd\u00e4chtiger angeschossen und schwer verletzt worden, hie\u00df es seitens der Beamten. &#8222;Das Team eines Rettungswagens brachte ihn in ein Krankenhaus&#8220;, berichtete ein Polizeisprecher.<\/p>\n<p><b>Lebensgefahr bestehe nach Angaben der Staatsanwaltschaft nicht.<\/b><\/p>\n<p>W\u00e4hrend die eingesetzten Beamten allesamt unverletzt blieben, mussten die Hausbewohner im Alter zwischen 34 und 82 Jahren psychologisch betreut werden.<\/p>\n<p><b>Aus Neutralit\u00e4tsgr\u00fcnden hat nun die Aachener Polizei die weiteren Ermittlungen aufgenommen.<\/b><\/p>\n<p>Erstmeldung vom 11. Dezember, 6.21 Uhr; zuletzt aktualisiert um 13.20 Uhr.<\/p>\n","protected":false},"excerpt":{"rendered":"M\u00f6nchengladbach &#8211; Zwei M\u00e4nner haben ein Haus mit vier Bewohnern in M\u00f6nchengladbach \u00fcberfallen. Bei der Festnahme durch die&hellip;\n","protected":false},"author":2,"featured_media":639178,"comment_status":"","ping_status":"","sticky":false,"template":"","format":"standard","meta":{"footnotes":""},"categories":[1849],"tags":[3364,29,548,663,3934,30,13,4455,14,15,1209,12],"class_list":{"0":"post-639177","1":"post","2":"type-post","3":"status-publish","4":"format-standard","5":"has-post-thumbnail","7":"category-moenchengladbach","8":"tag-de","9":"tag-deutschland","10":"tag-eu","11":"tag-europa","12":"tag-europe","13":"tag-germany","14":"tag-headlines","15":"tag-moenchengladbach","16":"tag-nachrichten","17":"tag-news","18":"tag-nordrhein-westfalen","19":"tag-schlagzeilen"},"share_on_mastodon":{"url":"https:\/\/pubeurope.com\/@de\/115701053114867450","error":""},"_links":{"self":[{"href":"https:\/\/www.europesays.com\/de\/wp-json\/wp\/v2\/posts\/639177","targetHints":{"allow":["GET"]}}],"collection":[{"href":"https:\/\/www.europesays.com\/de\/wp-json\/wp\/v2\/posts"}],"about":[{"href":"https:\/\/www.europesays.com\/de\/wp-json\/wp\/v2\/types\/post"}],"author":[{"embeddable":true,"href":"https:\/\/www.europesays.com\/de\/wp-json\/wp\/v2\/users\/2"}],"replies":[{"embeddable":true,"href":"https:\/\/www.europesays.com\/de\/wp-json\/wp\/v2\/comments?post=639177"}],"version-history":[{"count":0,"href":"https:\/\/www.europesays.com\/de\/wp-json\/wp\/v2\/posts\/639177\/revisions"}],"wp:featuredmedia":[{"embeddable":true,"href":"https:\/\/www.europesays.com\/de\/wp-json\/wp\/v2\/media\/639178"}],"wp:attachment":[{"href":"https:\/\/www.europesays.com\/de\/wp-json\/wp\/v2\/media?parent=639177"}],"wp:term":[{"taxonomy":"category","embeddable":true,"href":"https:\/\/www.europesays.com\/de\/wp-json\/wp\/v2\/categories?post=639177"},{"taxonomy":"post_tag","embeddable":true,"href":"https:\/\/www.europesays.com\/de\/wp-json\/wp\/v2\/tags?post=639177"}],"curies":[{"name":"wp","href":"https:\/\/api.w.org\/{rel}","templated":true}]}}