{"id":639179,"date":"2025-12-11T12:58:13","date_gmt":"2025-12-11T12:58:13","guid":{"rendered":"https:\/\/www.europesays.com\/de\/639179\/"},"modified":"2025-12-11T12:58:13","modified_gmt":"2025-12-11T12:58:13","slug":"ueberfall-mit-schusswaffe-auf-spielhalle-polizei-sucht-nach-schwerem-raub-in-gelsenkirchen-mit-fotos-nach-dem-taeter","status":"publish","type":"post","link":"https:\/\/www.europesays.com\/de\/639179\/","title":{"rendered":"\u00dcberfall mit Schusswaffe auf Spielhalle: Polizei sucht nach schwerem Raub in Gelsenkirchen mit Fotos nach dem T\u00e4ter"},"content":{"rendered":"<p class=\"line-clamp\" style=\"--line-clamp: 4\">\n                        Einige B\u00fcrgerreporter werden es schon bemerkt haben: Nicht jeder Beitrag im Lokalkompass wird zur Zeit in Echtzeit ver\u00f6ffentlicht. Zum Hintergrund: In letzter Zeit wurde unser Portal von Spam-Beitr\u00e4gen, wie unerlaubter Werbung, radikalen Inhalten, etc., \u00fcberschwemmt. Nach intensiven Beratungen haben wir uns entschlossen, erstmalig einen Inhaltsfilter zu installieren. Auch Beitr\u00e4ge, die gegen unsere AGB und unseren Verhaltenskodex versto\u00dfen, werden herausgefiltert. Da dieses System schnell und&#8230;\n                    <\/p>\n","protected":false},"excerpt":{"rendered":"Einige B\u00fcrgerreporter werden es schon bemerkt haben: Nicht jeder Beitrag im Lokalkompass wird zur Zeit in Echtzeit ver\u00f6ffentlicht.&hellip;\n","protected":false},"author":2,"featured_media":639180,"comment_status":"","ping_status":"","sticky":false,"template":"","format":"standard","meta":{"footnotes":""},"categories":[1848],"tags":[3364,29,548,663,3934,3658,30,13,14,15,1209,12],"class_list":{"0":"post-639179","1":"post","2":"type-post","3":"status-publish","4":"format-standard","5":"has-post-thumbnail","7":"category-gelsenkirchen","8":"tag-de","9":"tag-deutschland","10":"tag-eu","11":"tag-europa","12":"tag-europe","13":"tag-gelsenkirchen","14":"tag-germany","15":"tag-headlines","16":"tag-nachrichten","17":"tag-news","18":"tag-nordrhein-westfalen","19":"tag-schlagzeilen"},"share_on_mastodon":{"url":"https:\/\/pubeurope.com\/@de\/115701055823092637","error":""},"_links":{"self":[{"href":"https:\/\/www.europesays.com\/de\/wp-json\/wp\/v2\/posts\/639179","targetHints":{"allow":["GET"]}}],"collection":[{"href":"https:\/\/www.europesays.com\/de\/wp-json\/wp\/v2\/posts"}],"about":[{"href":"https:\/\/www.europesays.com\/de\/wp-json\/wp\/v2\/types\/post"}],"author":[{"embeddable":true,"href":"https:\/\/www.europesays.com\/de\/wp-json\/wp\/v2\/users\/2"}],"replies":[{"embeddable":true,"href":"https:\/\/www.europesays.com\/de\/wp-json\/wp\/v2\/comments?post=639179"}],"version-history":[{"count":0,"href":"https:\/\/www.europesays.com\/de\/wp-json\/wp\/v2\/posts\/639179\/revisions"}],"wp:featuredmedia":[{"embeddable":true,"href":"https:\/\/www.europesays.com\/de\/wp-json\/wp\/v2\/media\/639180"}],"wp:attachment":[{"href":"https:\/\/www.europesays.com\/de\/wp-json\/wp\/v2\/media?parent=639179"}],"wp:term":[{"taxonomy":"category","embeddable":true,"href":"https:\/\/www.europesays.com\/de\/wp-json\/wp\/v2\/categories?post=639179"},{"taxonomy":"post_tag","embeddable":true,"href":"https:\/\/www.europesays.com\/de\/wp-json\/wp\/v2\/tags?post=639179"}],"curies":[{"name":"wp","href":"https:\/\/api.w.org\/{rel}","templated":true}]}}