{"id":639183,"date":"2025-12-11T13:00:18","date_gmt":"2025-12-11T13:00:18","guid":{"rendered":"https:\/\/www.europesays.com\/de\/639183\/"},"modified":"2025-12-11T13:00:18","modified_gmt":"2025-12-11T13:00:18","slug":"jugendliche-surfen-auf-strassenbahn-polizei-spricht-von-gefaehrlichem-trend","status":"publish","type":"post","link":"https:\/\/www.europesays.com\/de\/639183\/","title":{"rendered":"Jugendliche surfen auf Stra\u00dfenbahn \u2013 Polizei spricht von \u201egef\u00e4hrlichem Trend\u201c"},"content":{"rendered":"<p class=\"mb-6 text-xs md:text-m lg:text-l font-serif group-[.font-sans]:font-sans \">\n    Zwei Jungen im Alter von zw\u00f6lf und 13 Jahren haben sich am Mittwoch an einer fahrenden Stra\u00dfenbahn festgehalten. Laut Polizei fielen die beiden gegen 20.55 Uhr einem Zeugen auf, weil sie in der Eschenhofstra\u00dfe auf einer Tram der Linie 4 mitfuhren. Den Angaben zufolge stieg der Zeuge daraufhin aus der Stra\u00dfenbahn und forderte sie auf, von der Stra\u00dfenbahn abzusteigen. Die Polizei spricht von einem \u201egef\u00e4hrlichen Internettrend\u201c. Da die beiden Jungen auch keinen Fahrschein hatten, soll laut Polizei eine Anzeige wegen Erschleichens von Leistungen folgen. Strafm\u00fcndig sind sie allerdings noch nicht. Die Polizei betont, dass derartige Aktionen durchaus gef\u00e4hrliche Folgen haben k\u00f6nnten. (jaka)\n  <\/p>\n<ul data-module-id=\"DragDropModule\" class=\"flex flex-wrap justify-start group-[.no-bookmarks]:hidden\">\n<li class=\"mb-3 mr-3\">\n    86154 Oberhausen<\/p>\n<p>      Icon Haken im Kreis gesetzt<\/p>\n<p>      Icon Plus im Kreis<\/p>\n<\/li>\n<li class=\"mb-3 mr-3\">\n    Polizei<\/p>\n<p>      Icon Haken im Kreis gesetzt<\/p>\n<p>      Icon Plus im Kreis<\/p>\n<\/li>\n<li class=\"mb-3 mr-3\">\n    Stra\u00dfenbahn<\/p>\n<p>      Icon Haken im Kreis gesetzt<\/p>\n<p>      Icon Plus im Kreis<\/p>\n<\/li>\n<\/ul>\n","protected":false},"excerpt":{"rendered":"Zwei Jungen im Alter von zw\u00f6lf und 13 Jahren haben sich am Mittwoch an einer fahrenden Stra\u00dfenbahn festgehalten.&hellip;\n","protected":false},"author":2,"featured_media":639184,"comment_status":"","ping_status":"","sticky":false,"template":"","format":"standard","meta":{"footnotes":""},"categories":[1846],"tags":[680,772,3364,29,548,663,3934,30,13,14,15,121,12,4900],"class_list":{"0":"post-639183","1":"post","2":"type-post","3":"status-publish","4":"format-standard","5":"has-post-thumbnail","7":"category-augsburg","8":"tag-augsburg","9":"tag-bayern","10":"tag-de","11":"tag-deutschland","12":"tag-eu","13":"tag-europa","14":"tag-europe","15":"tag-germany","16":"tag-headlines","17":"tag-nachrichten","18":"tag-news","19":"tag-polizei","20":"tag-schlagzeilen","21":"tag-strassenbahn"},"share_on_mastodon":{"url":"https:\/\/pubeurope.com\/@de\/115701063579101163","error":""},"_links":{"self":[{"href":"https:\/\/www.europesays.com\/de\/wp-json\/wp\/v2\/posts\/639183","targetHints":{"allow":["GET"]}}],"collection":[{"href":"https:\/\/www.europesays.com\/de\/wp-json\/wp\/v2\/posts"}],"about":[{"href":"https:\/\/www.europesays.com\/de\/wp-json\/wp\/v2\/types\/post"}],"author":[{"embeddable":true,"href":"https:\/\/www.europesays.com\/de\/wp-json\/wp\/v2\/users\/2"}],"replies":[{"embeddable":true,"href":"https:\/\/www.europesays.com\/de\/wp-json\/wp\/v2\/comments?post=639183"}],"version-history":[{"count":0,"href":"https:\/\/www.europesays.com\/de\/wp-json\/wp\/v2\/posts\/639183\/revisions"}],"wp:featuredmedia":[{"embeddable":true,"href":"https:\/\/www.europesays.com\/de\/wp-json\/wp\/v2\/media\/639184"}],"wp:attachment":[{"href":"https:\/\/www.europesays.com\/de\/wp-json\/wp\/v2\/media?parent=639183"}],"wp:term":[{"taxonomy":"category","embeddable":true,"href":"https:\/\/www.europesays.com\/de\/wp-json\/wp\/v2\/categories?post=639183"},{"taxonomy":"post_tag","embeddable":true,"href":"https:\/\/www.europesays.com\/de\/wp-json\/wp\/v2\/tags?post=639183"}],"curies":[{"name":"wp","href":"https:\/\/api.w.org\/{rel}","templated":true}]}}