{"id":639193,"date":"2025-12-11T13:06:14","date_gmt":"2025-12-11T13:06:14","guid":{"rendered":"https:\/\/www.europesays.com\/de\/639193\/"},"modified":"2025-12-11T13:06:14","modified_gmt":"2025-12-11T13:06:14","slug":"daniela-michel-aus-muenster-fuer-engagement-im-chor-geehrt","status":"publish","type":"post","link":"https:\/\/www.europesays.com\/de\/639193\/","title":{"rendered":"Daniela Michel aus M\u00fcnster f\u00fcr Engagement im Chor geehrt"},"content":{"rendered":"<p class=\"paragraph --regular --color\" data-v-7b2e5916=\"\" data-v-0c32301e=\"\">Neben der w\u00f6chentlichen Chorbetreuung \u00fcbernimmt Daniela Michel die komplette Organisation aller Abl\u00e4ufe rund um den \u201eRegenbogenchor\u201c. Sie plant und koordiniert Auftritte, bereitet Veranstaltungen und Ausfl\u00fcge vor, k\u00fcmmert sich um die Probenplanung, sorgt f\u00fcr die passende Ausstattung und Requisiten, organisiert Kost\u00fcme und Materialien und steht stets in engem Austausch mit den Eltern, um Informationen weiterzugeben, Absprachen zu treffen und sicherzustellen, dass sich die Kinder im Chor wohlf\u00fchlen.<\/p>\n","protected":false},"excerpt":{"rendered":"Neben der w\u00f6chentlichen Chorbetreuung \u00fcbernimmt Daniela Michel die komplette Organisation aller Abl\u00e4ufe rund um den \u201eRegenbogenchor\u201c. Sie plant&hellip;\n","protected":false},"author":2,"featured_media":639194,"comment_status":"","ping_status":"","sticky":false,"template":"","format":"standard","meta":{"footnotes":""},"categories":[1843],"tags":[16797,16796,16787,16795,16785,3364,29,16786,16784,16783,16791,427,347,30,16794,16788,16790,80,5882,2249,8970,14,1209,16789,16793,5661,265,16798,7195,16792],"class_list":{"0":"post-639193","1":"post","2":"type-post","3":"status-publish","4":"format-standard","5":"has-post-thumbnail","7":"category-muenster","8":"tag-beerfelden","9":"tag-bensheim","10":"tag-bergstrasse","11":"tag-bickenbach","12":"tag-darmstadt","13":"tag-de","14":"tag-deutschland","15":"tag-dieburg","16":"tag-echo-online","17":"tag-echo-zeitungen","18":"tag-erbach","19":"tag-esa","20":"tag-fussball","21":"tag-germany","22":"tag-gross-bieberau","23":"tag-gross-gerau","24":"tag-heppenheim","25":"tag-kultur","26":"tag-lokalsport","27":"tag-meldungen","28":"tag-muenster","29":"tag-nachrichten","30":"tag-nordrhein-westfalen","31":"tag-odenwald","32":"tag-pfungstadt","33":"tag-ruesselsheim","34":"tag-sport","35":"tag-sv-98","36":"tag-vereine","37":"tag-weiterstadt"},"share_on_mastodon":{"url":"https:\/\/pubeurope.com\/@de\/115701087335635771","error":""},"_links":{"self":[{"href":"https:\/\/www.europesays.com\/de\/wp-json\/wp\/v2\/posts\/639193","targetHints":{"allow":["GET"]}}],"collection":[{"href":"https:\/\/www.europesays.com\/de\/wp-json\/wp\/v2\/posts"}],"about":[{"href":"https:\/\/www.europesays.com\/de\/wp-json\/wp\/v2\/types\/post"}],"author":[{"embeddable":true,"href":"https:\/\/www.europesays.com\/de\/wp-json\/wp\/v2\/users\/2"}],"replies":[{"embeddable":true,"href":"https:\/\/www.europesays.com\/de\/wp-json\/wp\/v2\/comments?post=639193"}],"version-history":[{"count":0,"href":"https:\/\/www.europesays.com\/de\/wp-json\/wp\/v2\/posts\/639193\/revisions"}],"wp:featuredmedia":[{"embeddable":true,"href":"https:\/\/www.europesays.com\/de\/wp-json\/wp\/v2\/media\/639194"}],"wp:attachment":[{"href":"https:\/\/www.europesays.com\/de\/wp-json\/wp\/v2\/media?parent=639193"}],"wp:term":[{"taxonomy":"category","embeddable":true,"href":"https:\/\/www.europesays.com\/de\/wp-json\/wp\/v2\/categories?post=639193"},{"taxonomy":"post_tag","embeddable":true,"href":"https:\/\/www.europesays.com\/de\/wp-json\/wp\/v2\/tags?post=639193"}],"curies":[{"name":"wp","href":"https:\/\/api.w.org\/{rel}","templated":true}]}}