{"id":639197,"date":"2025-12-11T13:08:15","date_gmt":"2025-12-11T13:08:15","guid":{"rendered":"https:\/\/www.europesays.com\/de\/639197\/"},"modified":"2025-12-11T13:08:15","modified_gmt":"2025-12-11T13:08:15","slug":"pol-bi-pkw-ueberschlaegt-sich-in-linkskurve","status":"publish","type":"post","link":"https:\/\/www.europesays.com\/de\/639197\/","title":{"rendered":"POL-BI: Pkw \u00fcberschl\u00e4gt sich in Linkskurve"},"content":{"rendered":"<p class=\"date\">11.12.2025 \u2013 13:33<\/p>\n<p class=\"customer\">\n                        <a class=\"story-customer\" title=\"weiter zum newsroom von Polizei Bielefeld\" href=\"https:\/\/www.presseportal.de\/blaulicht\/nr\/12522\" rel=\"nofollow noopener\" target=\"_blank\">Polizei Bielefeld<\/a>\n                    <\/p>\n<p><a class=\"glightbox event-trigger\" href=\"https:\/\/cache.pressmailing.net\/thumbnail\/story_hires\/89a0c5c7-d663-4a84-a78b-3f4ce1a5d6c1\/Bild01.jpg.jpg\" data-description=\"Unfallstelle an der Bargholzstra\u00dfe\" data-category=\"medialightbox\" data-action=\"click\" data-label=\"single\" data-value=\"693aba1d270000fd2c396a53\" rel=\"nofollow noopener\" target=\"_blank\"><img decoding=\"async\" height=\"540\" with=\"720\" src=\"https:\/\/www.europesays.com\/de\/wp-content\/uploads\/2025\/12\/pol-bi-pkw-berschl-gt-sich-in-linkskurve.jpeg\"   alt=\"POL-BI: Pkw \u00fcberschl\u00e4gt sich in Linkskurve\" class=\"single\"\/><\/a><\/p>\n<p><a data-category=\"citylink-story-view\" data-action=\"click\" data-label=\"Citylink in Meldungsansicht\" class=\"story-city event-trigger\" href=\"https:\/\/www.presseportal.de\/regional\/Bielefeld\" title=\"News aus Bielefeld \" rel=\"nofollow noopener\" target=\"_blank\">Bielefeld<\/a> (ots)<\/p>\n<p>MK \/ Bielefeld &#8211; J\u00f6llenbeck &#8211; Beim Befahren eines Kurvenbereichs der Bargholzstra\u00dfe ist ein 24-j\u00e4hriger Autofahrer am Dienstag, 09.12.2025, leicht verletzt worden.<\/p>\n<p>Der Fahrer eines VW Golf kam gegen 14:45 Uhr aus Richtung der Beckendorfstra\u00dfe. In einer Linkskurve der Bargolzstra\u00dfe verlor er die Kontrolle \u00fcber seinen Pkw und \u00fcberschlug sich. Der VW Golf kam in der Endposition auf dem Dach liegend zum Stillstand. Bei den Sch\u00e4den in H\u00f6he von circa 5.000 Euro, ist von einem Totalschaden auszugehen. Der 24-j\u00e4hrige Bielefelder wurde leicht verletzt.<\/p>\n<p>Als Unfallursache kommt eine nicht angepasste Geschwindigkeit in Betracht. Zudem erkannten die eingesetzten Streifenbeamten, dass ein Reifenprofil abgefahren war. Den besch\u00e4digten Pkw transportierte ein Abschleppfahrzeug von der Unfallstelle ab.<\/p>\n<p class=\"contact-headline\">R\u00fcckfragen von Journalisten bitte an:<\/p>\n<p class=\"contact-text\">Polizeipr\u00e4sidium Bielefeld<br \/>Leitungsstab\/ Presse- und \u00d6ffentlichkeitsarbeit<br \/>Kurt-Schumacher-Stra\u00dfe 46<br \/>33615 Bielefeld<\/p>\n<p>Sonja Rehmert (SR), Tel. 0521\/545-3020<br \/>Katja K\u00fcster (KK), Tel. 0521\/545-3195<br \/>Sarah Siedschlag (SI), Tel. 0521\/545-3021<br \/>Michael K\u00f6tter (MK), Tel. 0521\/545-3022<br \/>Hella Christoph (HC), Tel. 0521\/545-3023<br \/>Fabian Rickel (FR), Tel. 0521\/545-3024<br \/>Caroline Steffen (CS), Tel. 0521\/545-3026<br \/>Lukas Reker (LR), Tel. 0521\/545-3222<\/p>\n<p>E-Mail: <a href=\"https:\/\/www.presseportal.de\/blaulicht\/pm\/12522\/mailto: pressestelle.bielefeld@polizei.nrw.de\" class=\"uri-mailto\" rel=\"nofollow noopener\" target=\"_blank\"> pressestelle.bielefeld@polizei.nrw.de<\/a><br \/><a target=\"_blank\" class=\"uri-ext outbound\" rel=\"noopener nofollow\" href=\"https:\/\/bielefeld.polizei.nrw\/\">https:\/\/bielefeld.polizei.nrw\/<\/a><\/p>\n<p>Au\u00dferhalb der B\u00fcrodienstzeit: Leitstelle, Tel. 0521\/545-0<\/p>\n<p class=\"originator\">Original-Content von: Polizei Bielefeld, \u00fcbermittelt durch news aktuell<\/p>\n","protected":false},"excerpt":{"rendered":"11.12.2025 \u2013 13:33 Polizei Bielefeld Bielefeld (ots) MK \/ Bielefeld &#8211; J\u00f6llenbeck &#8211; Beim Befahren eines Kurvenbereichs der&hellip;\n","protected":false},"author":2,"featured_media":639198,"comment_status":"","ping_status":"","sticky":false,"template":"","format":"standard","meta":{"footnotes":""},"categories":[1841],"tags":[1605,3364,29,30,177,1209,176,121,178,180,179,181],"class_list":{"0":"post-639197","1":"post","2":"type-post","3":"status-publish","4":"format-standard","5":"has-post-thumbnail","7":"category-bielefeld","8":"tag-bielefeld","9":"tag-de","10":"tag-deutschland","11":"tag-germany","12":"tag-kriminalitt","13":"tag-nordrhein-westfalen","14":"tag-nrw","15":"tag-polizei","16":"tag-presse","17":"tag-pressemeldung","18":"tag-pressemitteilung","19":"tag-pressemitteilungen"},"share_on_mastodon":{"url":"https:\/\/pubeurope.com\/@de\/115701095967427157","error":""},"_links":{"self":[{"href":"https:\/\/www.europesays.com\/de\/wp-json\/wp\/v2\/posts\/639197","targetHints":{"allow":["GET"]}}],"collection":[{"href":"https:\/\/www.europesays.com\/de\/wp-json\/wp\/v2\/posts"}],"about":[{"href":"https:\/\/www.europesays.com\/de\/wp-json\/wp\/v2\/types\/post"}],"author":[{"embeddable":true,"href":"https:\/\/www.europesays.com\/de\/wp-json\/wp\/v2\/users\/2"}],"replies":[{"embeddable":true,"href":"https:\/\/www.europesays.com\/de\/wp-json\/wp\/v2\/comments?post=639197"}],"version-history":[{"count":0,"href":"https:\/\/www.europesays.com\/de\/wp-json\/wp\/v2\/posts\/639197\/revisions"}],"wp:featuredmedia":[{"embeddable":true,"href":"https:\/\/www.europesays.com\/de\/wp-json\/wp\/v2\/media\/639198"}],"wp:attachment":[{"href":"https:\/\/www.europesays.com\/de\/wp-json\/wp\/v2\/media?parent=639197"}],"wp:term":[{"taxonomy":"category","embeddable":true,"href":"https:\/\/www.europesays.com\/de\/wp-json\/wp\/v2\/categories?post=639197"},{"taxonomy":"post_tag","embeddable":true,"href":"https:\/\/www.europesays.com\/de\/wp-json\/wp\/v2\/tags?post=639197"}],"curies":[{"name":"wp","href":"https:\/\/api.w.org\/{rel}","templated":true}]}}