{"id":63920,"date":"2025-04-26T22:52:11","date_gmt":"2025-04-26T22:52:11","guid":{"rendered":"https:\/\/www.europesays.com\/de\/63920\/"},"modified":"2025-04-26T22:52:11","modified_gmt":"2025-04-26T22:52:11","slug":"fortuna-duesseldorf-u23-bietet-sc-fortuna-koeln-paroli","status":"publish","type":"post","link":"https:\/\/www.europesays.com\/de\/63920\/","title":{"rendered":"Fortuna D\u00fcsseldorf U23 bietet SC Fortuna K\u00f6ln Paroli"},"content":{"rendered":"<p>                                Spielinfos:<br \/>\nDatum &amp; Uhrzeit: 26.04.2025 16.00 Uhr<br \/>Austragungsort: K\u00f6ln<br \/>Wettbewerb: Regionalliga West<br \/>Spieltag: 31<\/p>\n<p>Spielbericht: SC Fortuna K\u00f6ln gegen Fortuna D\u00fcsseldorf U23 0:2 (0:1)<\/p>\n<p id=\"absatz2\" class=\"em_text\">K\u00f6ln. Dieses Match d\u00fcrfte K\u00f6ln-Trainer Matthias Mink nicht begeistern: Im Spiel gegen die Fortunen muss seine Aufstellung sich vor 2.349 Zuschauern im eigenen Stadion 0:2 geschlagen geben.<\/p>\n<p id=\"absatz4\" class=\"em_text\">Es dauert eine Weile, bis es ernst wird. Erst kurz vor der Halbzeitpause gelingt es dann der Mannschaft von Jens Langeneke doch noch vorzulegen: Deniz Bindemann landet den ersten Treffer und verschafft den G\u00e4sten die F\u00fchrung.<\/p>\n<p id=\"absatz5\" class=\"em_text\">Beide Teams wechseln in der zweiten Halbzeit nochmal aus. Marvin Mika wird eingesetzt f\u00fcr Kingsley Sarpei und Nik Jochen Orth f\u00fcr Max Wiese. Auf der Gastseite r\u00e4umen Leonard August Brodersen f\u00fcr Tom Barth und Hamza Anhari f\u00fcr Ronay Arabaci den Platz. F\u00fcr die Ausw\u00e4rtsmannschaft lohnt sich die Aktion.<\/p>\n<p id=\"absatz6\" class=\"em_text\">In der Nachspielzeit schafft es die Fortuna D\u00fcsseldorf U23 dann noch einmal: Im letzten Moment man\u00f6vriert Ronay Arabaci den Ball mit Erfolg ins gegnerische Tor und kann den Abstand zum 0:2 ausbauen. Damit ist der Sieg der D\u00fcsseldorfer gesichert (96). Platz zehn geh\u00f6rt ihnen.<\/p>\n<p>Die Aufstellungen: SC Fortuna K\u00f6ln &#8211; Fortuna D\u00fcsseldorf U23<br \/>\nSC Fortuna K\u00f6ln: Kingsley Sarpei (7), Arnold Budimbu (10), Robin Afamefuna (22), Henri Carlo Matter (14), Dominik Ernst (2), Joshua Chima Eze (6), Max Wiese (21), Danny Breitfelder (29), Finn Torge Bauens (18), Joel Vieting (17), Lennart Winkler (30)<br \/>Fortuna D\u00fcsseldorf U23: Jan Boller (5), Leonard August Brodersen (2), Deniz Bindemann (26), Hamza Anhari (10), David Savic (12), Mechak Quiala Tito (30), Luca Jacob Klemen Majetic (9), Ben Zich (1), Danny Latza (6), Elias Aboulguie Egouli (4), Lennard Quirin Wagemann (25)<br \/>Schiedsrichter: Jan-Philipp Sch\u00f6neseiffen<\/p>\n<p id=\"absatz7\" class=\"em_text\">Assistent: David-Markus Koj<\/p>\n<p id=\"absatz8\" class=\"em_text\">Assistent: Jens Grage<\/p>\n<p id=\"absatz9\" class=\"em_text\" style=\"font-size: .8em;\">Die Inhalte dieses Berichts wurden automatisch auf der Basis von DFB-Daten zusammengestellt.<\/p>\n","protected":false},"excerpt":{"rendered":"Spielinfos: Datum &amp; Uhrzeit: 26.04.2025 16.00 UhrAustragungsort: K\u00f6lnWettbewerb: Regionalliga WestSpieltag: 31 Spielbericht: SC Fortuna K\u00f6ln gegen Fortuna D\u00fcsseldorf&hellip;\n","protected":false},"author":2,"featured_media":63921,"comment_status":"","ping_status":"","sticky":false,"template":"","format":"standard","meta":{"footnotes":""},"categories":[1831],"tags":[2499,3364,28754,29,3405,16429,5282,30,16588,28752,28749,28753,28755,28750,734,7774,1613,28751,1209,17965,3459,28748,7772,7773,7765],"class_list":{"0":"post-63920","1":"post","2":"type-post","3":"status-publish","4":"format-standard","5":"has-post-thumbnail","7":"category-duesseldorf","8":"tag-kln","9":"tag-de","10":"tag-deniz-bindemann","11":"tag-deutschland","12":"tag-duesseldorf","13":"tag-fortuna-dsseldorf-u23","14":"tag-fuball","15":"tag-germany","16":"tag-jens-langeneke","17":"tag-kingsley-sarpei","18":"tag-leonard-august-brodersen","19":"tag-marvin-mika","20":"tag-matthias-mink","21":"tag-max-wiese","22":"tag-meta_artikelklasse_nachricht","23":"tag-meta_themen_sport","24":"tag-meta_userneeds_informieremich","25":"tag-nik-jochen-orth","26":"tag-nordrhein-westfalen","27":"tag-paroli","28":"tag-regionalliga","29":"tag-sc-fortuna-kln","30":"tag-serie_ligaid_290008","31":"tag-serie_ligaid_all","32":"tag-spielinfo"},"share_on_mastodon":{"url":"https:\/\/pubeurope.com\/@de\/114406722320342945","error":""},"_links":{"self":[{"href":"https:\/\/www.europesays.com\/de\/wp-json\/wp\/v2\/posts\/63920","targetHints":{"allow":["GET"]}}],"collection":[{"href":"https:\/\/www.europesays.com\/de\/wp-json\/wp\/v2\/posts"}],"about":[{"href":"https:\/\/www.europesays.com\/de\/wp-json\/wp\/v2\/types\/post"}],"author":[{"embeddable":true,"href":"https:\/\/www.europesays.com\/de\/wp-json\/wp\/v2\/users\/2"}],"replies":[{"embeddable":true,"href":"https:\/\/www.europesays.com\/de\/wp-json\/wp\/v2\/comments?post=63920"}],"version-history":[{"count":0,"href":"https:\/\/www.europesays.com\/de\/wp-json\/wp\/v2\/posts\/63920\/revisions"}],"wp:featuredmedia":[{"embeddable":true,"href":"https:\/\/www.europesays.com\/de\/wp-json\/wp\/v2\/media\/63921"}],"wp:attachment":[{"href":"https:\/\/www.europesays.com\/de\/wp-json\/wp\/v2\/media?parent=63920"}],"wp:term":[{"taxonomy":"category","embeddable":true,"href":"https:\/\/www.europesays.com\/de\/wp-json\/wp\/v2\/categories?post=63920"},{"taxonomy":"post_tag","embeddable":true,"href":"https:\/\/www.europesays.com\/de\/wp-json\/wp\/v2\/tags?post=63920"}],"curies":[{"name":"wp","href":"https:\/\/api.w.org\/{rel}","templated":true}]}}