{"id":639207,"date":"2025-12-11T13:13:16","date_gmt":"2025-12-11T13:13:16","guid":{"rendered":"https:\/\/www.europesays.com\/de\/639207\/"},"modified":"2025-12-11T13:13:16","modified_gmt":"2025-12-11T13:13:16","slug":"nato-generalsekretaer-wir-sind-russlands-naechstes-ziel-politik","status":"publish","type":"post","link":"https:\/\/www.europesays.com\/de\/639207\/","title":{"rendered":"Nato-Generalsekret\u00e4r: \u00abWir sind Russlands n\u00e4chstes Ziel\u00bb &#8211; Politik"},"content":{"rendered":"<p class=\"rhp-dpa-teaser\"><b>Viele Staaten haben nach Einsch\u00e4tzung von Nato-Generalsekret\u00e4r Mark Rutte noch nicht begriffen, wie gro\u00df die Gefahren durch Russland sind. Der Niederl\u00e4nder wird nun deutlich.<\/b><\/p>\n<p><a class=\"rtr-entity\" data-rtr-entity=\"Berlin\" data-rtr-id=\"d0f8ca37195d12bf55f612c03cb5ae6e0ea21dfa\" data-rtr-score=\"7.474197247706422\" data-rtr-etype=\"location\" data-rtr-index=\"6\" href=\"https:\/\/www.rheinpfalz.de\/themen\/berlin?utm_source=rheinpfalz.de&amp;utm_medium=tms&amp;utm_campaign=intext\" target=\"_blank\" rel=\"noopener\">Berlin<\/a> (dpa) &#8211; Nato-Generalsekret\u00e4r Mark Rutte erwartet, dass es der russische Pr\u00e4sident <a class=\"rtr-entity\" data-rtr-entity=\"Wladimir Putin\" data-rtr-id=\"5ef5969757a883346e94228139d32a5316a67377\" data-rtr-score=\"13.41743119266055\" data-rtr-etype=\"person\" data-rtr-index=\"0\" href=\"https:\/\/www.rheinpfalz.de\/themen\/wladimir-putin?utm_source=rheinpfalz.de&amp;utm_medium=tms&amp;utm_campaign=intext\" target=\"_blank\" rel=\"noopener\">Wladimir Putin<\/a> nicht bei dem Krieg gegen die <a class=\"rtr-entity\" data-rtr-entity=\"Ukraine\" data-rtr-id=\"acb898af5ea66a22c43878bf8691be74ce4ecd86\" data-rtr-score=\"18.965022935779817\" data-rtr-etype=\"location\" data-rtr-index=\"3\" href=\"https:\/\/www.rheinpfalz.de\/themen\/ukraine?utm_source=rheinpfalz.de&amp;utm_medium=tms&amp;utm_campaign=intext\" target=\"_blank\" rel=\"noopener\">Ukraine<\/a> belassen will. \u00abWir sind <a class=\"rtr-entity\" data-rtr-entity=\"Russland\" data-rtr-id=\"1600ce7bdca92f9d620063165b2874ddee746c27\" data-rtr-score=\"61.586009174311926\" data-rtr-etype=\"location\" data-rtr-index=\"2\" href=\"https:\/\/www.rheinpfalz.de\/themen\/russland?utm_source=rheinpfalz.de&amp;utm_medium=tms&amp;utm_campaign=intext\" target=\"_blank\" rel=\"noopener\">Russlands<\/a> n\u00e4chstes Ziel\u00bb, sagte der Niederl\u00e4nder in einer Rede in Berlin. F\u00fcr die <a class=\"rtr-entity\" data-rtr-entity=\"Nato\" data-rtr-id=\"b6ef28883a006bf67b081d80876c89a75d4b0eaa\" data-rtr-score=\"149.84174311926606\" data-rtr-etype=\"organisation\" data-rtr-index=\"8\" href=\"https:\/\/www.rheinpfalz.de\/themen\/nato?utm_source=rheinpfalz.de&amp;utm_medium=tms&amp;utm_campaign=intext\" target=\"_blank\" rel=\"noopener\">Nato<\/a> gehe es nun darum, einen Krieg zu stoppen, bevor dieser beginne. \u00abDaf\u00fcr m\u00fcssen wir uns \u00fcber die Bedrohung v\u00f6llig im Klaren sein\u00bb, sagte er. Man sei bereits in Gefahr.<\/p>\n<p>Konkret forderte der Nato-Generalsekret\u00e4r erneut mehr Engagement bei der Steigerung der Verteidigungsausgaben und der Unterst\u00fctzung der Ukraine. \u00abUnsere Streitkr\u00e4fte m\u00fcssen bekommen, was sie brauchen, um uns zu sch\u00fctzen. Und die Ukraine muss bekommen, was sie braucht, um sich zu verteidigen \u2013 jetzt\u00bb, sagte er. Zu viele Alliierte sp\u00fcrten nicht die Dringlichkeit und glaubten, die Zeit arbeite f\u00fcr einen. Das tue sie aber nicht, sagte er.<\/p>\n","protected":false},"excerpt":{"rendered":"Viele Staaten haben nach Einsch\u00e4tzung von Nato-Generalsekret\u00e4r Mark Rutte noch nicht begriffen, wie gro\u00df die Gefahren durch Russland&hellip;\n","protected":false},"author":2,"featured_media":639208,"comment_status":"","ping_status":"","sticky":false,"template":"","format":"standard","meta":{"footnotes":""},"categories":[4013],"tags":[331,332,296,29,28196,13,984,4543,4823,14,1159,15,16,4043,4044,850,307,12,317,4961,306],"class_list":{"0":"post-639207","1":"post","2":"type-post","3":"status-publish","4":"format-standard","5":"has-post-thumbnail","7":"category-russland","8":"tag-aktuelle-nachrichten","9":"tag-aktuelle-news","10":"tag-berlin","11":"tag-deutschland","12":"tag-dpaticker","13":"tag-headlines","14":"tag-international","15":"tag-mark-rutte","16":"tag-meldung","17":"tag-nachrichten","18":"tag-nato","19":"tag-news","20":"tag-politik","21":"tag-russia","22":"tag-russian-federation","23":"tag-russische-foederation","24":"tag-russland","25":"tag-schlagzeilen","26":"tag-ukraine","27":"tag-verteidigung","28":"tag-wladimir-putin"},"share_on_mastodon":{"url":"https:\/\/pubeurope.com\/@de\/115701114947459174","error":""},"_links":{"self":[{"href":"https:\/\/www.europesays.com\/de\/wp-json\/wp\/v2\/posts\/639207","targetHints":{"allow":["GET"]}}],"collection":[{"href":"https:\/\/www.europesays.com\/de\/wp-json\/wp\/v2\/posts"}],"about":[{"href":"https:\/\/www.europesays.com\/de\/wp-json\/wp\/v2\/types\/post"}],"author":[{"embeddable":true,"href":"https:\/\/www.europesays.com\/de\/wp-json\/wp\/v2\/users\/2"}],"replies":[{"embeddable":true,"href":"https:\/\/www.europesays.com\/de\/wp-json\/wp\/v2\/comments?post=639207"}],"version-history":[{"count":0,"href":"https:\/\/www.europesays.com\/de\/wp-json\/wp\/v2\/posts\/639207\/revisions"}],"wp:featuredmedia":[{"embeddable":true,"href":"https:\/\/www.europesays.com\/de\/wp-json\/wp\/v2\/media\/639208"}],"wp:attachment":[{"href":"https:\/\/www.europesays.com\/de\/wp-json\/wp\/v2\/media?parent=639207"}],"wp:term":[{"taxonomy":"category","embeddable":true,"href":"https:\/\/www.europesays.com\/de\/wp-json\/wp\/v2\/categories?post=639207"},{"taxonomy":"post_tag","embeddable":true,"href":"https:\/\/www.europesays.com\/de\/wp-json\/wp\/v2\/tags?post=639207"}],"curies":[{"name":"wp","href":"https:\/\/api.w.org\/{rel}","templated":true}]}}