{"id":639209,"date":"2025-12-11T13:14:14","date_gmt":"2025-12-11T13:14:14","guid":{"rendered":"https:\/\/www.europesays.com\/de\/639209\/"},"modified":"2025-12-11T13:14:14","modified_gmt":"2025-12-11T13:14:14","slug":"ukraine-krieg-im-liveticker-1400-nato-chef-deutsche-fuehrung-unerlaesslich","status":"publish","type":"post","link":"https:\/\/www.europesays.com\/de\/639209\/","title":{"rendered":"Ukraine-Krieg im Liveticker: +++ 14:00 Nato-Chef: Deutsche F\u00fchrung &#8222;unerl\u00e4sslich&#8220; +++"},"content":{"rendered":"<p>Ukraine-Krieg im Liveticker+++ 14:00 Nato-Chef: Deutsche F\u00fchrung &#8222;unerl\u00e4sslich&#8220; +++TeilenFolgen auf:<a href=\"https:\/\/www.whatsapp.com\/channel\/0029Va5cdVJD8SDp5YZgYF01\" title=\"Auf WhatsApp folgen\" target=\"_blank\" rel=\"noopener\"><img decoding=\"async\" src=\"https:\/\/www.n-tv.de\/socialIcons\/whatsapp.svg\" alt=\"whatsapp\" class=\"ArticleShare_icon__FsrC2\"\/><\/a><a href=\"https:\/\/news.google.com\/publications\/CAAiEPMdif5mpRNxiLOeUpHCwwsqFAgKIhDzHYn-ZqUTcYiznlKRwsML?hl=de&amp;gl=DE&amp;ceid=DE%3Ade\" title=\"Auf Google News folgen\" target=\"_blank\" rel=\"noopener\"><img decoding=\"async\" src=\"https:\/\/www.n-tv.de\/socialIcons\/google.svg\" alt=\"whatsapp\" class=\"ArticleShare_icon__FsrC2\"\/><\/a><\/p>\n<p class=\"Typography_text-default__P3otY Typography_weight-normal__pqUbH storyline_paragraph_p__qSR5N\">Nato-Generalsekret\u00e4r Mark Rutte hat die Bedeutung Deutschlands f\u00fcr das Verteidigungsb\u00fcndnis hervorgehoben. Die &#8222;deutsche F\u00fchrung ist f\u00fcr unsere kollektive Verteidigung unerl\u00e4sslich&#8220;, sagt Rutte in einer Grundsatzrede in Berlin. Die geplanten deutschen Investitionen in die Bundeswehr seien &#8222;au\u00dfergew\u00f6hnlich&#8220;. Das Land ver\u00e4ndere seine Einstellung zu Verteidigung und Industrie &#8222;grundlegend&#8220;, steigere die R\u00fcstungsproduktion und sei damit eine &#8222;treibende Kraft&#8220; in der Nato. <\/p>\n<p class=\"Typography_text-default__P3otY Typography_weight-normal__pqUbH storyline_paragraph_p__qSR5N\"><b class=\"bold\">+++ 13:34 IEA: Russlands Einnahmen aus \u00d6lexporten sinken auf niedrigsten Stand seit 2022 +++<\/b><\/p>\n<p class=\"Typography_text-default__P3otY Typography_weight-normal__pqUbH storyline_paragraph_p__qSR5N\">Die Einnahmen Russlands aus \u00d6lexporten sind nach Angaben der Internationalen Energieagentur (IEA) auf den niedrigsten Stand seit dem Einmarsch in die Ukraine im Jahr 2022 gefallen. Im November h\u00e4tten die Einnahmen mit elf Milliarden Dollar (rund 9,4 Milliarden Euro) um 3,6 Milliarden Dollar unter dem Vorjahresniveau gelegen, teilt die IEA am Donnerstag in Paris mit. Grund daf\u00fcr ist demnach, dass die Exportmengen und -preise gesunken sind. Dies habe &#8222;die Exporteinnahmen auf den niedrigsten Stand seit dem Einmarsch Russlands in die Ukraine im Februar 2022 gedr\u00fcckt&#8220;, erkl\u00e4rt die IEA. Der russische Energiesektor steht unter dem Druck westlicher Sanktionen, die darauf abzielen, die Finanzierung des Krieges in der Ukraine zu erschweren. Zudem hat die ukrainische Armee ihre Angriffe auf russische Raffinerien und Infrastruktur der \u00d6lbranche seit dem Sommer verst\u00e4rkt.<\/p>\n<p class=\"Typography_text-default__P3otY Typography_weight-normal__pqUbH storyline_paragraph_p__qSR5N\"><b class=\"bold\">+++ 12:58 Munz: So reagiert der Kreml auf Selenskyjs Vorschlag +++<\/b><\/p>\n<p class=\"Typography_text-default__P3otY Typography_weight-normal__pqUbH storyline_paragraph_p__qSR5N\">Russland zieht die Daumenschrauben im eigenen Land an: Ein junger Mann muss sich f\u00fcr das Suchen von &#8222;terroristischen Inhalten&#8220; verantworten. ntv-Korrespondent Rainer Munz schildert den Fall und beschreibt, wie der Kreml auf den j\u00fcngsten Vorsto\u00df von Wolodymyr Selenskyj antwortet.<\/p>\n<p class=\"Typography_text-default__P3otY Typography_weight-normal__pqUbH storyline_paragraph_p__qSR5N\"><b class=\"bold\">+++ 12:24 Kreml nach Bericht \u00fcber US-Plan offen f\u00fcr Investitionen +++<\/b><\/p>\n<p class=\"Typography_text-default__P3otY Typography_weight-normal__pqUbH storyline_paragraph_p__qSR5N\">Russland zeigt sich nach einem Medienbericht \u00fcber einen US-Friedensplan f\u00fcr die Ukraine offen f\u00fcr ausl\u00e4ndische Investitionen. &#8222;Wir sind an einem Zufluss ausl\u00e4ndischer Investitionen interessiert&#8220;, sagt Kreml-Sprecher Dmitri Peskow. Moskau werde sich jedoch nicht an einer &#8222;Megafon-Diskussion&#8220; \u00fcber irgendwelche Pl\u00e4ne beteiligen. Die Zeitung &#8222;Wall Street Journal&#8220; hatte berichtet, der von der Regierung von US-Pr\u00e4sident Donald Trump ausgearbeitete Plan sehe Investitionen in den russischen Sektor f\u00fcr seltene Erden und Energie vor. Zudem solle die Wiederherstellung der russischen Energielieferungen nach Europa vorgeschlagen werden.<\/p>\n<p class=\"Typography_text-default__P3otY Typography_weight-normal__pqUbH storyline_paragraph_p__qSR5N\"><b class=\"bold\">+++ 12:04 Festnahme von Arch\u00e4ologen: Russland wirft Polen &#8222;juristische Willk\u00fcr&#8220; vor +++<\/b><\/p>\n<p class=\"Typography_text-default__P3otY Typography_weight-normal__pqUbH storyline_paragraph_p__qSR5N\">Russland wirft Polen nach der Festnahme eines russischen Arch\u00e4ologen &#8222;juristische Willk\u00fcr&#8220; vor. &#8222;Wir werden selbstverst\u00e4ndlich \u00fcber diplomatische Kan\u00e4le das Recht einfordern, die Interessen unseres B\u00fcrgers zu sch\u00fctzen&#8220;, erkl\u00e4rt der russische Pr\u00e4sidialamtssprecher Dmitri Peskow. Die Festnahme in Warschau war auf Ersuchen der Ukraine erfolgt, wie das russische Au\u00dfenministerium mitteilt. Die Ukraine wirft dem Mitarbeiter des Museums Eremitage in St. Petersburg vor, bei Ausgrabungen auf der von Russland 2014 annektierten Halbinsel Krim Kulturerbe zerst\u00f6rt zu haben, was die Regierung in Moskau zur\u00fcckweist.<\/p>\n<p class=\"Typography_text-default__P3otY Typography_weight-normal__pqUbH storyline_paragraph_p__qSR5N\"><b class=\"bold\">+++ 11:40 Lawrow besteht auf Sicherheitsgarantien auch f\u00fcr Russland +++<\/b><\/p>\n<p class=\"Typography_text-default__P3otY Typography_weight-normal__pqUbH storyline_paragraph_p__qSR5N\">Der russische Au\u00dfenminister Sergej Lawrow pocht in den Gespr\u00e4chen mit den USA \u00fcber eine Beendigung des Ukrainekrieges auf Sicherheitsgarantien f\u00fcr sein Land. &#8222;Wir bestehen auf einer Reihe von Vereinbarungen f\u00fcr einen dauerhaften, nachhaltigen Frieden mit Sicherheitsgarantien f\u00fcr alle beteiligten L\u00e4nder. Unsere Gespr\u00e4che mit dem US-Pr\u00e4sidenten (Donald Trump) und seinem Team konzentrieren sich genau darauf, eine langfristige L\u00f6sung zu finden, um die eigentlichen Ursachen dieser Krise zu beseitigen&#8220;, erkl\u00e4rt Lawrow. Moskau gehe davon aus, dass Trump es ernst meine mit seinen Bem\u00fchungen um eine Einigung, betont Lawrow zugleich.<\/p>\n<p class=\"Typography_text-default__P3otY Typography_weight-normal__pqUbH storyline_paragraph_p__qSR5N\"><b class=\"bold\">+++ 11:10 Merz: Werden Europa &#8222;mit aller Kraft behaupten&#8220; +++<\/b><\/p>\n<p class=\"Typography_text-default__P3otY Typography_weight-normal__pqUbH storyline_paragraph_p__qSR5N\">Bundeskanzler Friedrich Merz hat mit Blick auf den russischen Angriffskrieg gegen die Ukraine die Einheit Europas beschworen. Ein einiges und starkes Europa m\u00fcsse daran arbeiten, einen m\u00f6glichen Frieden in der Ukraine herzustellen, sagt Merz bei einer Pressekonferenz mit Nato-Generalsekret\u00e4r Mark Rutte in Berlin. &#8222;Wir werden es mit aller Kraft behaupten&#8220;, betont Merz. Europa werde sich &#8222;von nichts und niemandem spalten lassen&#8220;.<\/p>\n<p class=\"Typography_text-default__P3otY Typography_weight-normal__pqUbH storyline_paragraph_p__qSR5N\"><b class=\"bold\">+++ 10:46 Zoll darf Schattenflotten-Tanker &#8222;Eventin&#8220; vorerst nicht einziehen +++<\/b><\/p>\n<p class=\"Typography_text-default__P3otY Typography_weight-normal__pqUbH storyline_paragraph_p__qSR5N\">Der Zoll darf den als Schiff der russischen Schattenflotte gelisteten \u00d6ltanker &#8222;Eventin&#8220; samt Ladung vorl\u00e4ufig nicht einziehen und verwerten. Der Bundesfinanzhof (BFH) sieht &#8222;begr\u00fcndete Zweifel an der Rechtm\u00e4\u00dfigkeit der Einziehungsma\u00dfnahmen&#8220;, wie das Gericht mitteilt. Das havarierte Schiff liegt seit fast einem Jahr vor R\u00fcgen. Es sei rechtlich unklar, ob das Schiff trotz EU-Sanktionsregeln nicht wegen einer f\u00fcr Notf\u00e4lle geltenden Ausnahme samt Ladung in das EU-Gebiet ein- und auslaufen d\u00fcrfe.<\/p>\n<p class=\"Typography_text-default__P3otY Typography_weight-normal__pqUbH storyline_paragraph_p__qSR5N\">Im Januar waren an Bord der &#8222;Eventin&#8220; alle Systeme ausgefallen. Stundenlang war das Schiff man\u00f6vrierunf\u00e4hig in der Ostsee vor Mecklenburg-Vorpommern getrieben. Rettungsteams gelang es schlie\u00dflich, auf See Schleppverbindungen zum Tanker herzustellen .Da die nun ergangene Entscheidung des BFH Ergebnis eines einstweiligen Rechtsschutzverfahrens ist, k\u00f6nnte das juristische Tauziehen um das Schiff in einem Hauptsacheverfahren noch weitergehen.<\/p>\n<p class=\"Typography_text-default__P3otY Typography_weight-normal__pqUbH storyline_paragraph_p__qSR5N\"><b class=\"bold\">+++ 10:22 Russische \u00d6lplattform im Kaspischen Meer offenbar angegriffen +++<\/b><\/p>\n<p class=\"Typography_text-default__P3otY Typography_weight-normal__pqUbH storyline_paragraph_p__qSR5N\">Die Ukraine hat Insiderangaben zufolge erstmals eine russische \u00d6lplattform im Hunderte Kilometer entfernten Kaspischen Meer mit Drohnen angegriffen. Die \u00d6l- und Gasf\u00f6rderung der Anlage sei eingestellt worden, erf\u00e4hrt die Nachrichtenagentur Reuters aus ukrainischen Geheimdienstkreisen. Dem Insider zufolge handelt es sich um die \u00d6lplattform Filanowski, die dem russischen \u00d6lkonzern Lukoil geh\u00f6rt. Es seien mindestens vier Treffer registriert worden. Von Lukoil ist zun\u00e4chst keine Stellungnahme zu erhalten.<\/p>\n<p class=\"Typography_text-default__P3otY Typography_weight-normal__pqUbH storyline_paragraph_p__qSR5N\"><b class=\"bold\">+++ 09:50 Russland gibt Abschuss von 287 ukrainischen Drohnen bekannt +++<\/b><\/p>\n<p class=\"Typography_text-default__P3otY Typography_weight-normal__pqUbH storyline_paragraph_p__qSR5N\">Russland hat in der Nacht nach eigenen Angaben 287 ukrainische Drohnen abgeschossen. Wie das russische Verteidigungsministerium im Onlinedienst Telegram mitteilte, steuerten 32 der 287 Drohnen, die von der russischen Luftabwehr &#8222;abgefangen und abgeschossen&#8220; wurden, auf die Hauptstadt Moskau zu. Es handelte sich damit um einen der gr\u00f6\u00dften ukrainischen Drohnenangriffe seit Beginn der gro\u00dfangelegten russischen Offensive in der Ukraine im Februar 2022.<\/p>\n<p class=\"Typography_text-default__P3otY Typography_weight-normal__pqUbH storyline_paragraph_p__qSR5N\"><b class=\"bold\">+++ 09:25 Klingbeil: Wollen Treiber bei Ukraine-Hilfe sein +++<\/b><\/p>\n<p class=\"Typography_text-default__P3otY Typography_weight-normal__pqUbH storyline_paragraph_p__qSR5N\">Bei der Unterst\u00fctzung der Ukraine ist sich die Koalition nach Worten von Finanzminister Lars Klingbeil einig, &#8222;dass wir als Deutschland dort Treiber sein wollen&#8220; mit Blick auf die Nutzung von eingefrorenem russischem Verm\u00f6gen. Es habe im Koalitionsausschuss dazu keinen Beschluss gegeben. &#8222;Aber das hat gestern einen gro\u00dfen Teil des Abends eingenommen.&#8220;<\/p>\n<p class=\"Typography_text-default__P3otY Typography_weight-normal__pqUbH storyline_paragraph_p__qSR5N\"><b class=\"bold\">+++ 08:47 Magura V7 mit Raketen &#8211; Ukraine-Eigenbau jetzt Hightech +++<\/b><\/p>\n<p class=\"Typography_text-default__P3otY Typography_weight-normal__pqUbH storyline_paragraph_p__qSR5N\">Das ukrainische Milit\u00e4r entwickelt seine als improvisierte Eigenbauten gestarteten Seedrohnen immer weiter und stattet etwa die Magura V7 mit Raketenwerfern aus. Die kleinen Boote sind effektiv, um russische Kriegsschiffe anzugreifen und zur\u00fcckzudr\u00e4ngen. Auch Kampfjets und Hubschrauber z\u00e4hlen zu den Zielen.<\/p>\n<p class=\"Typography_text-default__P3otY Typography_weight-normal__pqUbH storyline_paragraph_p__qSR5N\"><b class=\"bold\">+++ 08:07 Gro\u00dfer Drohnenangriff Kiews legt Moskaus Flugh\u00e4fen lahm +++<\/b><\/p>\n<p class=\"Typography_text-default__P3otY Typography_weight-normal__pqUbH storyline_paragraph_p__qSR5N\">Zahlreiche russische Flugh\u00e4fen, darunter auch die vier Moskauer Airports, mussten offiziellen Angaben zufolge in der Nacht den Betrieb wegen eines gro\u00dfen ukrainischen Drohnenangriffs schlie\u00dfen. Nach Angaben der Luftfahrtbeh\u00f6rde Rosawijazija mussten allein in Moskau mehr als 130 Fl\u00fcge umgeleitet, verz\u00f6gert oder gestrichen werden. Insgesamt seien die Hauptstadtflugh\u00e4fen Scheremetjewo, Domodedowo, Wnukowo und Schukowski mehr als sieben Stunden au\u00dfer Betrieb gesetzt worden.<\/p>\n<p class=\"Typography_text-default__P3otY Typography_weight-normal__pqUbH storyline_paragraph_p__qSR5N\"><b class=\"bold\">+++ 07:40 R\u00fcstungsunternehmer fordert mehr Vorr\u00e4te kritischer Materialien f\u00fcr die Waffenproduktion +++<\/b><\/p>\n<p class=\"Typography_text-default__P3otY Typography_weight-normal__pqUbH storyline_paragraph_p__qSR5N\">Das R\u00fcstungsunternehmen MBDA fordert von der Bundesregierung, gr\u00f6\u00dfere Vorr\u00e4te kritischer Materialien f\u00fcr die Waffenproduktion anzulegen. &#8222;Wir m\u00fcssen die notwendigen Grundstoffe f\u00fcr den Ernstfall vorhalten&#8220;, sagt MBDA-Gesch\u00e4ftsf\u00fchrer Thomas Gottschild dem &#8222;Tagesspiegel&#8220;. Anders als aktuell, da auch eine steigende Produktionsmenge \u00fcber weltweite Eink\u00e4ufe abgedeckt werden k\u00f6nne, m\u00fcsse im Kriegsfall &#8222;mit einer Verzwanzigfachung der ben\u00f6tigten Sprengstoffmenge und unterbrochenen Lieferketten&#8220; gerechnet werden: &#8222;Daf\u00fcr haben wir noch nicht gut genug vorgesorgt.&#8220; Dies sei nach Angaben Gottschilds in der vergangenen Woche auch Thema beim R\u00fcstungsindustrie-Gipfel mit Verteidigungsminister Boris Pistorius von der SPD und Wirtschaftsministerin Katherina Reiche von der CDU gewesen: &#8222;Beide haben versprochen, das Problem anzugehen.&#8220;<\/p>\n<p class=\"Typography_text-default__P3otY Typography_weight-normal__pqUbH storyline_paragraph_p__qSR5N\"><b class=\"bold\">+++ 07:04 Bericht: Trumps Ukraine-Plan sieht russische Energie f\u00fcr Europa vor +++<\/b><\/p>\n<p class=\"Typography_text-default__P3otY Typography_weight-normal__pqUbH storyline_paragraph_p__qSR5N\">Der Ukraine-Friedensplan von US-Pr\u00e4sident Donald Trump sieht einem Medienbericht zufolge die Wiederherstellung von russischen Energielieferungen nach Europa vor. Zudem seien US-Investitionen in strategische Bereiche Russlands wie Seltene Erden geplant, berichtet das &#8222;Wall Street Journal&#8220;. Demnach sollen auch eingefrorene russische Verm\u00f6genswerte in H\u00f6he von 200 Milliarden Dollar f\u00fcr Projekte in der Ukraine genutzt werden, darunter ein neues Rechenzentrum, das vom derzeit von russischen Streitkr\u00e4ften kontrollierten Kernkraftwerk Saporischschja mit Strom versorgt werden soll. Ein namentlich nicht genannter europ\u00e4ischer Vertreter habe die vorgeschlagenen Energiegesch\u00e4fte zwischen Russland und den USA mit einer wirtschaftlichen Version der Konferenz von Jalta von 1945 verglichen. Damals teilten die Siegerm\u00e4chte des Zweiten Weltkriegs &#8211; die Sowjetunion, Gro\u00dfbritannien und die USA &#8211; ihre Einflussbereiche in Europa auf.<\/p>\n<p class=\"Typography_text-default__P3otY Typography_weight-normal__pqUbH storyline_paragraph_p__qSR5N\"><b class=\"bold\">+++ 06:25 Massive Luftangiffe auf Krementschuk +++<\/b><\/p>\n<p class=\"Typography_text-default__P3otY Typography_weight-normal__pqUbH storyline_paragraph_p__qSR5N\">Russland hat in der Nacht zahlreiche Luftangriffe auf Krementschuk im S\u00fcden der Ukraine gestartet. Die Luftwaffe warnte vor mehreren Drohnenwellen. Au\u00dferdem sollen mindestens drei ballistische Raketen auf die Stadt abgefeuert worden sein. Sp\u00e4ter wurden mehrere Explosionen gemeldet. \u00dcber Sch\u00e4den und m\u00f6gliche Opfer ist bislang nichts bekannt. Russland hatte erst vor wenigen Tagen bei massiven Angriffen mehrere Energieanlagen in Krementschuk besch\u00e4digt.<\/p>\n<p class=\"Typography_text-default__P3otY Typography_weight-normal__pqUbH storyline_paragraph_p__qSR5N\"><b class=\"bold\">+++ 05:40 Selenskyj trifft europ\u00e4ische Verb\u00fcndete +++<\/b><\/p>\n<p class=\"Typography_text-default__P3otY Typography_weight-normal__pqUbH storyline_paragraph_p__qSR5N\">Der ukrainische Pr\u00e4sident Selenskyj will heute erneut mit Vertretern europ\u00e4ischer Unterst\u00fctzerstaaten zusammenkommen. Diese Woche k\u00f6nne Neuigkeiten f\u00fcr alle und f\u00fcr ein Ende des Blutvergie\u00dfens bringen, schreibt er in sozialen Medien. Die entscheidenden Fragen seien, wie Russland dazu gebracht werden k\u00f6nne, das T\u00f6ten zu stoppen und wie es von einer erneuten Invasion abgehalten werden k\u00f6nne. Zu den Unterst\u00fctzerstaaten, der sogenannten Koalition der Willigen, z\u00e4hlen neben EU-Staaten wie Deutschland und Frankreich auch Nicht-EU-L\u00e4nder wie Gro\u00dfbritannien und Norwegen.<\/p>\n<p class=\"Typography_text-default__P3otY Typography_weight-normal__pqUbH storyline_paragraph_p__qSR5N\"><b class=\"bold\">+++ 03:20 Russland: Drohnenangriff auf Moskau abgewehrt +++<\/b><\/p>\n<p class=\"Typography_text-default__P3otY Typography_weight-normal__pqUbH storyline_paragraph_p__qSR5N\">Russland hat einen Angriff mit 31 Drohnen auf die Hauptstadt Moskau abgewehrt. Das teilt der B\u00fcrgermeister der Stadt, Sergej Sobjanin, mit. An allen Moskauer Flugh\u00e4fen wurde der Betrieb vor\u00fcbergehend eingestellt, Fl\u00fcge wurden nach St. Petersburg umgeleitet. Angaben \u00fcber Sch\u00e4den oder Verletzte gibt es bislang nicht. Bereits am Mittwochnachmittag war eine Drohne abgeschossen worden.<\/p>\n<p class=\"Typography_text-default__P3otY Typography_weight-normal__pqUbH storyline_paragraph_p__qSR5N\"><b class=\"bold\">+++ 02:22 US-Verteidigungshaushalt: Truppen sollen in Europa bleiben +++<\/b><\/p>\n<p class=\"Typography_text-default__P3otY Typography_weight-normal__pqUbH storyline_paragraph_p__qSR5N\">Das US-Repr\u00e4sentantenhaus hat den neuen Verteidigungshaushalt im Umfang von fast einer Billion Dollar beschlossen. Der Entwurf w\u00fcrde den erwarteten Truppenabzug in Europa begrenzen. Er sieht unter anderem vor, dass die US-Regierung die Zahl der US-Soldaten in Europa nicht l\u00e4ngerfristig unter 76.000 senken kann. Nun geht die Vorlage in den Senat. Nach Angaben des Pentagon waren zuletzt rund 100.000 US-Soldatinnen und -Soldaten in Europa stationiert. Davon waren gut 65.000 fest im Einsatz, der Rest wurde rotierend entsandt. Der Entwurf sieht 800 Millionen Dollar f\u00fcr die Ukraine vor. Die baltischen Staaten bekommen 175 Millionen Dollar f\u00fcr ihre Verteidigung. Die Zusammenarbeit mit Taiwan wird mit einer Milliarde Dollar unterst\u00fctzt.<\/p>\n<p class=\"Typography_text-default__P3otY Typography_weight-normal__pqUbH storyline_paragraph_p__qSR5N\"><b class=\"bold\">+++ 00:24 Rutte trifft Merz und h\u00e4lt Grundsatzrede +++<\/b><\/p>\n<p class=\"Typography_text-default__P3otY Typography_weight-normal__pqUbH storyline_paragraph_p__qSR5N\">Kanzler Friedrich Merz empf\u00e4ngt an diesem Donnerstag Nato-Generalsekret\u00e4r Mark Rutte in Berlin. Am Vormittag wollen die beiden gemeinsam vor die Presse treten. Rutte wird laut Nato zudem am Nachmittag eine Grundsatzrede bei einer Veranstaltung der M\u00fcnchner Sicherheitskonferenz halten. Die Nato muss sich mit der unvorhersehbaren Au\u00dfen- und Sicherheitspolitik von Mitglied und Schutzmacht USA unter der Regierung von US-Pr\u00e4sident Trump auseinandersetzen und will daher den europ\u00e4ischen Teil der Nato st\u00e4rken. Die Bundesregierung hatte zuletzt deutlich die neue US-Sicherheitsstrategie kritisiert, in der Washington unter anderem Russland nicht als Bedrohung einsch\u00e4tzt, wohl aber die EU mit Vorw\u00fcrfen \u00fcberh\u00e4uft&#8216;.<\/p>\n<p class=\"Typography_text-default__P3otY Typography_weight-normal__pqUbH storyline_paragraph_p__qSR5N\"><b class=\"bold\">+++ 23:09 Trump: Habe Friedensplan &#8222;in ziemlich deutlichen Worten&#8220; mit Europ\u00e4ern diskutiert +++<\/b><\/p>\n<p class=\"Typography_text-default__P3otY Typography_weight-normal__pqUbH storyline_paragraph_p__qSR5N\">Die USA sind nach den Worten von US-Pr\u00e4sident Trump zu einem Treffen am Wochenende in Europa eingeladen, bei dem auch der ukrainische Pr\u00e4sident Selenskyj anwesend sein soll. Ob die USA das Treffen wahrnehmen &#8211; und wenn ja, auf welcher Ebene &#8211; l\u00e4sst Trump bislang offen. Er werde auf Grundlage dessen entscheiden, was vorgelegt werde. Bei einem Telefonat mit europ\u00e4ischen Staats- und Regierungschefs sei in ziemlich deutlichen Worten \u00fcber den Friedensplan diskutiert worden, so der US-Pr\u00e4sident. Selenskyj hatte den urspr\u00fcnglich 28 Punkte umfassenden US-Plan gemeinsam mit Kanzler Merz, Frankreichs Pr\u00e4sident Macron und den britischen Premier Starmer \u00fcberarbeitet und auf 20 Punkte reduziert. <\/p>\n<p class=\"Typography_text-default__P3otY Typography_weight-normal__pqUbH storyline_paragraph_p__qSR5N\"><b class=\"bold\">+++ 22:12 Kiew: Sind uns mit Washington &#8222;v\u00f6llig einig&#8220; bei Wiederaufbau +++<\/b><\/p>\n<p class=\"Typography_text-default__P3otY Typography_weight-normal__pqUbH storyline_paragraph_p__qSR5N\">Der ukrainische Pr\u00e4sident Wolodymyr Selenskyj hat nach eigenen Angaben mit hochrangigen US-Vertretern Pl\u00e4ne zum Wiederaufbau seines Landes besprochen. An den Gespr\u00e4chen nahmen demnach US-Finanzminister Scott Bessent, der Schwiegersohn von US-Pr\u00e4sident Donald Trump, Jared Kushner, und Blackrock-Chef Larry Fink teil. Im Mittelpunkt habe ein &#8222;Wirtschaftsdokument&#8220; gestanden. &#8222;Die Prinzipien des Wirtschaftsdokuments sind v\u00f6llig klar und wir sind uns mit der amerikanischen Seite v\u00f6llig einig&#8220;, sagt Selenskyj.<\/p>\n<p class=\"Typography_text-default__P3otY Typography_weight-normal__pqUbH storyline_paragraph_p__qSR5N\"><b class=\"bold\">+++ 21:50 Selenskyj zu Forderungen nach Wahlen: &#8222;Druck ist nicht das, was wir brauchen&#8220; +++<\/b><\/p>\n<p class=\"Typography_text-default__P3otY Typography_weight-normal__pqUbH storyline_paragraph_p__qSR5N\">Der ukrainische Pr\u00e4sident Wolodymyr Selenskyj bittet die USA und andere L\u00e4nder, keinen Druck in der Frage m\u00f6glicher Wahlen auszu\u00fcben. Er habe mit dem Parlament \u00fcber die rechtlichen und sonstigen Fragen im Zusammenhang mit einer Wahl gesprochen, sagt Selenskyj in seiner abendlichen Videoansprache. Wenn Partner wie Washington auf Wahlen unter Kriegsrecht dr\u00e4ngten, m\u00fcsse die Abstimmung rechtlich einwandfrei ablaufen. Es m\u00fcsse Antworten auf jede Frage und jeden Zweifel geben. &#8222;Druck in dieser Frage ist jedoch nicht das, was wir brauchen.&#8220;<\/p>\n<p class=\"Typography_text-default__P3otY Typography_weight-normal__pqUbH storyline_paragraph_p__qSR5N\"><b class=\"bold\">+++ 21:23 Ukrainer berichten von Angriffen russischer Konvois in Pokrowsk +++<\/b><\/p>\n<p class=\"Typography_text-default__P3otY Typography_weight-normal__pqUbH storyline_paragraph_p__qSR5N\">Die ostukrainische Stadt Pokrowsk ist ungeachtet russischer Siegesmeldungen nach Angaben aus Kiew weiterhin heftig umk\u00e4mpft. Die russische Armee greife mit starken mechanisierten Einheiten an, meldet die ukrainische Armee. &#8222;Die Russen setzten gepanzerte Fahrzeuge, Autos und Motorr\u00e4der ein. Die Konvois versuchten, von S\u00fcden her in den n\u00f6rdlichen Teil der Stadt durchzubrechen.&#8220; Der mechanisierte Angriff sei jedoch gestoppt worden. Die Verteidigungskr\u00e4fte w\u00fcrden weiterhin den n\u00f6rdlichen Teil kontrollieren, <a class=\"inline_link\" href=\"https:\/\/www.facebook.com\/EastAFU\/posts\/pfbid0vLwtotd8wvHUAx3LgaqDVoXEXjcXPjgznYUntxHbcPfHrDqwbsRrPsPpqFhowTmAl\" target=\"_blank\" rel=\"noopener\">schreibt<\/a> die Operation Task Force &#8222;East&#8220; auf Facebook. In Armeekreisen erf\u00e4hrt Reuters, Russland habe rund 30 Fahrzeuge eingesetzt. Dies sei der bisher gr\u00f6\u00dfte Angriff dieser Art innerhalb der Stadt. Nicht unabh\u00e4ngig verifizierte <a class=\"inline_link\" href=\"https:\/\/x.com\/EuromaidanPress\/status\/1998790755733647612\" target=\"_blank\">Aufnahmen<\/a>, die von der Ukraine ver\u00f6ffentlicht wurden, zeigen schwere Fahrzeuge im Schnee und Schlamm sowie Drohnenangriffe auf russische Truppen sowie Explosionen und brennende Wrackteile. Anfang Dezember hatte der Kreml die Einnahme von Pokrowsk verk\u00fcndet. <\/p>\n<\/p>\n<p class=\"Typography_text-default__P3otY Typography_weight-normal__pqUbH storyline_paragraph_p__qSR5N\"><b class=\"bold\">+++ 20:40 Polen will bei Drohnenabwehr mit Deutschland kooperieren +++<\/b><\/p>\n<p class=\"Typography_text-default__P3otY Typography_weight-normal__pqUbH storyline_paragraph_p__qSR5N\">Zur Bek\u00e4mpfung von Drohnen will Polen auch bei bodengest\u00fctzten Abwehrsystemen st\u00e4rker mit Deutschland zusammenarbeiten. Die Regierung in Warschau werde dazu das Luftverteidigungssystem SAM auf die Beine stellen, sagt der polnische Verteidigungsstaatssekret\u00e4r Pawel Zalewski bei einem Treffen mit seinem deutschen Amtskollegen Nils Schmid auf dem Milit\u00e4rflugplatz Malbork. &#8222;Wir m\u00f6chten gerne die deutschen Erfahrungen auf diesem Gebiet nutzen und in Anspruch nehmen&#8220;, sagt Zalewski. &#8222;Es geht jetzt darum, wirklich auf eine billigere, kosteng\u00fcnstige Art und Weise die Drohnen abzuschie\u00dfen oder unsch\u00e4dlich zu machen&#8220;, sagt er. Der Einsatz billiger Drohnen habe die Wirtschaftlichkeit des Gefechtsfeldes wesentlich ver\u00e4ndert. Das eigene Luftverteidigungssystem m\u00fcsse gest\u00e4rkt und effizienter gestaltet werden.<\/p>\n<p class=\"Typography_text-default__P3otY Typography_weight-normal__pqUbH storyline_paragraph_p__qSR5N\"><b class=\"bold\">+++ 20:09 Litauen kauft selbstfahrende Haubitzen +++<\/b><\/p>\n<p class=\"Typography_text-default__P3otY Typography_weight-normal__pqUbH storyline_paragraph_p__qSR5N\">Zur St\u00e4rkung seiner Verteidigungsf\u00e4higkeiten wird Litauen franz\u00f6sische Radhaubitzen vom Typ Caesar Mk II kaufen. Das Verteidigungsministerium in Vilnius unterzeichnet dazu einen Vertrag mit der R\u00fcstungsfirma KNDS France im Wert von rund 252 Millionen Euro. Dabei handele es sich um die zweite Anschaffung dieser selbstfahrenden Artilleriegesch\u00fctze mit einem Kaliber von 155 Millimeter und das bisher gr\u00f6\u00dfte R\u00fcstungsgesch\u00e4ft des baltischen EU- und Nato-Landes mit Frankreich, teilt das Ministerium mit. Demnach geh\u00f6ren die Haubitzen zu den modernsten ihrer Art weltweit und sind bereits unter realen Kampfbedingungen in der Ukraine erprobt worden. Zur Anzahl an bestellten Haubitzen werden keine Angaben gemacht. <\/p>\n<p><img decoding=\"async\" class=\"Image_img__fQCi0 Image_Img_16_9__4BLfH widget-picture-inline_maximizable__t_E7h\" loading=\"lazy\" src=\"https:\/\/www.n-tv.de\/logo_grey.svg\" alt=\"Soldaten-der-franzoesischen-Armee-stellen-eine-franzoesische-selbstfahrende-Haubitze-Caesar-waehrend-einer-Vorfuehrung-auf-der-internationalen-Messe-fuer-Land-und-Luftverteidigung-und-Sicherheit-Eurosatory-auf-Zur-Staerkung-der-Verteidigungsfaehigkeiten-der-eigenen-Streitkraefte-wird-Litauen-franzoesische-Radhaubitzen-vom-Typ-Caesar-Mk-II-kaufen\"\/>Franz\u00f6sische Soldaten stellen w\u00e4hrend einer Vorf\u00fchrung im vergangenen Jahr eine selbstfahrende Haubitze vom Typ Caesar auf. (Foto: picture alliance\/dpa\/AFP)<\/p>\n<p class=\"Typography_text-default__P3otY Typography_weight-normal__pqUbH storyline_paragraph_p__qSR5N\">Alle fr\u00fcheren Entwicklungen k\u00f6nnen Sie <a class=\"inline_link\" href=\"https:\/\/www.n-tv.de\/politik\/23-09-Trump-Habe-Friedensplan-in-ziemlich-deutlichen-Worten-mit-Europaeern-diskutiert-id30129418.html\" target=\"_blank\" rel=\"noopener\">hier nachverfolgen.<\/a><\/p>\n","protected":false},"excerpt":{"rendered":"Ukraine-Krieg im Liveticker+++ 14:00 Nato-Chef: Deutsche F\u00fchrung &#8222;unerl\u00e4sslich&#8220; +++TeilenFolgen auf: Nato-Generalsekret\u00e4r Mark Rutte hat die Bedeutung Deutschlands f\u00fcr&hellip;\n","protected":false},"author":2,"featured_media":564124,"comment_status":"","ping_status":"","sticky":false,"template":"","format":"standard","meta":{"footnotes":""},"categories":[4012],"tags":[331,332,661,7225,13,929,7226,451,3286,14,1159,15,16,307,12,317,3081,306,107],"class_list":{"0":"post-639209","1":"post","2":"type-post","3":"status-publish","4":"format-standard","5":"has-post-thumbnail","7":"category-ukraine","8":"tag-aktuelle-nachrichten","9":"tag-aktuelle-news","10":"tag-angriff-auf-die-ukraine","11":"tag-cyberwar","12":"tag-headlines","13":"tag-kriege-und-konflikte","14":"tag-kriegsverbrechen","15":"tag-militaer","16":"tag-militaereinsaetze","17":"tag-nachrichten","18":"tag-nato","19":"tag-news","20":"tag-politik","21":"tag-russland","22":"tag-schlagzeilen","23":"tag-ukraine","24":"tag-ukraine-konflikt","25":"tag-wladimir-putin","26":"tag-wolodymyr-selenskyj"},"share_on_mastodon":{"url":"https:\/\/pubeurope.com\/@de\/115701120592147738","error":""},"_links":{"self":[{"href":"https:\/\/www.europesays.com\/de\/wp-json\/wp\/v2\/posts\/639209","targetHints":{"allow":["GET"]}}],"collection":[{"href":"https:\/\/www.europesays.com\/de\/wp-json\/wp\/v2\/posts"}],"about":[{"href":"https:\/\/www.europesays.com\/de\/wp-json\/wp\/v2\/types\/post"}],"author":[{"embeddable":true,"href":"https:\/\/www.europesays.com\/de\/wp-json\/wp\/v2\/users\/2"}],"replies":[{"embeddable":true,"href":"https:\/\/www.europesays.com\/de\/wp-json\/wp\/v2\/comments?post=639209"}],"version-history":[{"count":0,"href":"https:\/\/www.europesays.com\/de\/wp-json\/wp\/v2\/posts\/639209\/revisions"}],"wp:featuredmedia":[{"embeddable":true,"href":"https:\/\/www.europesays.com\/de\/wp-json\/wp\/v2\/media\/564124"}],"wp:attachment":[{"href":"https:\/\/www.europesays.com\/de\/wp-json\/wp\/v2\/media?parent=639209"}],"wp:term":[{"taxonomy":"category","embeddable":true,"href":"https:\/\/www.europesays.com\/de\/wp-json\/wp\/v2\/categories?post=639209"},{"taxonomy":"post_tag","embeddable":true,"href":"https:\/\/www.europesays.com\/de\/wp-json\/wp\/v2\/tags?post=639209"}],"curies":[{"name":"wp","href":"https:\/\/api.w.org\/{rel}","templated":true}]}}