{"id":639210,"date":"2025-12-11T13:15:33","date_gmt":"2025-12-11T13:15:33","guid":{"rendered":"https:\/\/www.europesays.com\/de\/639210\/"},"modified":"2025-12-11T13:15:33","modified_gmt":"2025-12-11T13:15:33","slug":"reisen-in-die-usa-die-verschaerfung-kommt-auch-fuer-uns-italiener-voraussetzung-fuer-die-einreise-ist-die-vorlage-von-fuenf-jahren-sozialer-aktivitaet","status":"publish","type":"post","link":"https:\/\/www.europesays.com\/de\/639210\/","title":{"rendered":"Reisen in die USA, die Versch\u00e4rfung kommt (auch f\u00fcr uns Italiener): Voraussetzung f\u00fcr die Einreise ist die Vorlage von f\u00fcnf Jahren sozialer Aktivit\u00e4t"},"content":{"rendered":"<p><strong>Nachrichten<\/strong> f\u00fcr diejenigen, die beabsichtigen, in den <a href=\"https:\/\/www.theflightclub.it\/de\/zielort\/news-fluge-ferien-was-zu-tun-vereinigte-staaten-amerika-usa\/\" rel=\"nofollow noopener\" target=\"_blank\">USA<\/a>. Die Trump-Administration hat einen neuen Vorschlag ver\u00f6ffentlicht, der die Einreise in die USA f\u00fcr Millionen von Touristen erheblich ver\u00e4ndern k\u00f6nnte, <strong>einschlie\u00dflich Italiener<\/strong>. Nach der <b>Ministerium f\u00fcr Innere Sicherheit (DHS)<\/b> und die <b>Zoll und Grenzschutz (CBP)<\/b>Diejenigen, die das ESTA beantragen &#8211; das bekanntlich erforderlich ist, um ohne Visum f\u00fcr einen Aufenthalt von maximal 90 Tagen in das Land einzureisen &#8211; m\u00fcssen <b>obligatorisch<\/b> ihre Aktivit\u00e4ten in den sozialen Medien ihrer Vorg\u00e4nger bereitstellen <b>f\u00fcnf<\/b> <b>Jahre<\/b>.<\/p>\n<p data-insertion=\"1\" data-new=\"1\" data-parent-tag-name=\"body\"><img loading=\"lazy\" decoding=\"async\" class=\"alignnone size-medium wp-image-80467\" src=\"https:\/\/www.europesays.com\/de\/wp-content\/uploads\/2025\/12\/toronto24h2977-992x744.jpeg\" alt=\"\" width=\"992\" height=\"744\"  \/><\/p>\n<p>Die betreffende Ma\u00dfnahme, die im Rahmen der Aktualisierung der<strong>Elektronisches System zur Reisegenehmigung<\/strong>stellt eine <strong>Versteifung<\/strong> sehr wichtig f\u00fcr das Programm zur Befreiung von der Visumpflicht.<\/p>\n<p><b>Was der neue Vorschlag vorsieht<\/b><\/p>\n<p data-insertion=\"1\" data-new=\"1\" data-parent-tag-name=\"body\">Die Aufforderung erfolgt, um der<b>Durchf\u00fchrungsverordnung 14161<\/b>das von Trump im Januar 2025 unterzeichnet wurde und das darauf abzielt, die Kontrollen gegen &#8222;Bedrohungen der nationalen Sicherheit, der \u00f6ffentlichen Sicherheit und des Terrorismus&#8220; zu verst\u00e4rken.<\/p>\n<p><img loading=\"lazy\" decoding=\"async\" class=\"alignnone wp-image-25121 size-full\" src=\"https:\/\/www.europesays.com\/de\/wp-content\/uploads\/2025\/12\/IMG_0071.jpeg\" alt=\"\" width=\"1600\" height=\"1200\"  \/><\/p>\n<p data-insertion=\"1\" data-new=\"1\" data-parent-tag-name=\"body\">Nach den Dokumenten, die in der BundesregisterDie neue Version von ESTA wird die Aktivit\u00e4ten in den sozialen Medien in den letzten f\u00fcnf Jahren einbeziehen (bisher war die Angabe von sozialen Profilen freiwillig, aber nach der neuen Regelung w\u00fcrde dies ein obligatorischer Punkt auf dem ESTA-Antrag werden; es ist jedoch noch nicht klar, welcher Detaillierungsgrad erforderlich ist: wir sprechen \u00fcber Konten, nicht \u00fcber den Inhalt von Beitr\u00e4gen, aber die <b>Zoll und Grenzschutz<\/b> hat die Vereinbarungen noch nicht offiziell gemacht). Aber nicht nur das: Die US-Regierung will auch sammeln <b>in den letzten f\u00fcnf Jahren verwendete E-Mails und Telefonnummern<\/b>sowie die Informationen der Familienangeh\u00f6rigen des Reisenden (<b>Namen, Adressen, Geburtsdaten und -orte<\/b> von Verwandten, einschlie\u00dflich Kindern). Nochmals: In dem Vorschlag wird die M\u00f6glichkeit erw\u00e4hnt, Folgendes aufzunehmen <b>Selfies, Gesichtsscans, Fingerabdr\u00fccke, DNA und Iris<\/b>Erweiterung der durch das laufende Verfahren gesammelten Informationen.<\/p>\n<p><b>F\u00fcr wen gelten die neuen Vorschriften?<\/b><\/p>\n<p>Die Ma\u00dfnahmen w\u00fcrden die B\u00fcrger von <b>42 L\u00e4nder des Programms f\u00fcr visumfreies Reisen<\/b>einschlie\u00dflich\u00a0 &#8211; um nur einige zu nennen &#8211; Deutschland, Frankreich, das Vereinigte K\u00f6nigreich, Japan, Australien und Italien. Diese als &#8222;risikoarm&#8220; eingestuften Reisenden k\u00f6nnen nun ohne Visum in die USA einreisen, indem sie einfach das ESTA-Formular ausf\u00fcllen (das 40 Dollar kostet und zwei Jahre lang g\u00fcltig ist).<\/p>\n<p data-insertion=\"1\" data-new=\"1\" data-parent-tag-name=\"body\"><img loading=\"lazy\" decoding=\"async\" class=\"alignnone size-medium wp-image-81548\" src=\"https:\/\/www.europesays.com\/de\/wp-content\/uploads\/2025\/11\/IMG_9444-992x744.jpeg\" alt=\"\" width=\"992\" height=\"744\"  \/><\/p>\n<p><b>Warum diese Versch\u00e4rfung der Kontrollen<\/b><\/p>\n<p>Die <b>Zoll und Grenzschutz<\/b> erkl\u00e4rt, dass das Ziel darin besteht <b>St\u00e4rkung der nationalen Sicherheit<\/b>auch vor dem Hintergrund der j\u00fcngsten Vorf\u00e4lle wie dem Angriff der Nationalgarde in Washington D.C. vor Thanksgiving.<br \/>Die neue Politik sei &#8222;ein erster Schritt zur Er\u00f6rterung neuer Kontrollm\u00f6glichkeiten zum Schutz des amerikanischen Volkes&#8220;, so die Beamten. Allerdings sagte ein Sprecher des <b>Ministerium f\u00fcr Innere Sicherheit<\/b> machte deutlich, dass <b>der Vorschlag ist noch nicht endg\u00fcltig<\/b>sind vorgesehen <b>60 Tage f\u00fcr Kommentare und \u00c4nderungsw\u00fcnsche<\/b>.<\/p>\n<p><img loading=\"lazy\" decoding=\"async\" class=\"alignnone wp-image-28520 size-full\" src=\"https:\/\/www.europesays.com\/de\/wp-content\/uploads\/2025\/07\/stati-uniti.jpeg\" alt=\"\" width=\"1024\" height=\"768\"  \/><\/p>\n<p><b>Es regnet Kritik: Privatsph\u00e4re und Meinungsfreiheit (und Tourismus) in Gefahr<\/b><\/p>\n<p>Die Ma\u00dfnahmen wurden nicht nur von einzelnen Reisenden, sondern auch von B\u00fcrgerrechts- und Meinungsfreiheitsbeh\u00f6rden scharf kritisiert. Die <b>Stiftung f\u00fcr individuelle Rechte und Meinungs\u00e4u\u00dferung (FIRE)<\/b>argumentiert beispielsweise, dass die Forderung, dass Touristen jahrelange soziale Aktivit\u00e4ten mitteilen m\u00fcssen, bedeutet, dass &#8222;das Engagement der USA f\u00fcr die Redefreiheit nur eine Fassade ist&#8220;.<\/p>\n<p><img loading=\"lazy\" decoding=\"async\" class=\"alignnone size-medium wp-image-81541\" src=\"https:\/\/www.europesays.com\/de\/wp-content\/uploads\/2025\/12\/IMG_9437-992x744.jpeg\" alt=\"\" width=\"992\" height=\"744\"  \/><\/p>\n<p>Die Verpflichtung k\u00f6nnte auch die Bedeutung der <b>bereits erheblicher R\u00fcckgang des Tourismus in die USA<\/b>. Es sei daran erinnert, dass im Jahr 2026 die Fu\u00dfballweltmeisterschaft stattfinden wird und die Vereinigten Staaten &#8211; gemeinsam mit Kanada und Mexiko &#8211; Gastgeber der Veranstaltung sein werden. Dar\u00fcber hinaus haben andere Ma\u00dfnahmen der Trump-Administration die Einreise in das Land bereits komplizierter gemacht: Denken Sie zum Beispiel an die neue <b>100 Dollar Geb\u00fchr pro Tag f\u00fcr ausl\u00e4ndische Besucher in Nationalparks<\/b>oder weitere Beschr\u00e4nkungen f\u00fcr bestimmte Visumkategorien (Studenten, H-1B-Arbeitnehmer, Journalisten).<\/p>\n<p><b>Zusammenfassend<\/b><\/p>\n<p>Sollte der Vorschlag der Trump-Administration best\u00e4tigt werden, w\u00e4re dies ein <b>bahnbrechend<\/b> f\u00fcr Reisende aus L\u00e4ndern, die von der Visumspflicht befreit sind, einschlie\u00dflich Italien, bei der Einreise in die Vereinigten Staaten von Bedeutung. Die Verpflichtung zur Bereitstellung <b>f\u00fcnf Jahre soziales Engagement <\/b>&#8211; zusammen mit E-Mails, Telefonnummern und biometrischen Daten &#8211; w\u00fcrde ESTA zu einem <b>Kontrollinstrument<\/b> viel invasiver als in der Vergangenheit. Die Ma\u00dfnahme hat bereits Zweifel an der <b>Datenschutz<\/b> aber wir d\u00fcrfen nicht vergessen, dass im Moment <b>der Vorschlag wird derzeit konsultiert<\/b>Ob, wie und wann es Wirklichkeit wird, wird sich in den n\u00e4chsten 60 Tagen zeigen. Die Hoffnung ist nat\u00fcrlich, dass die Verwaltung es sich noch einmal \u00fcberlegen wird.\u00a0<\/p>\n","protected":false},"excerpt":{"rendered":"Nachrichten f\u00fcr diejenigen, die beabsichtigen, in den USA. Die Trump-Administration hat einen neuen Vorschlag ver\u00f6ffentlicht, der die Einreise&hellip;\n","protected":false},"author":2,"featured_media":639211,"comment_status":"","ping_status":"","sticky":false,"template":"","format":"standard","meta":{"footnotes":""},"categories":[3977],"tags":[331,332,13,14,15,12,4017,4018,4016,64,4019,4020],"class_list":{"0":"post-639210","1":"post","2":"type-post","3":"status-publish","4":"format-standard","5":"has-post-thumbnail","7":"category-usa","8":"tag-aktuelle-nachrichten","9":"tag-aktuelle-news","10":"tag-headlines","11":"tag-nachrichten","12":"tag-news","13":"tag-schlagzeilen","14":"tag-united-states","15":"tag-united-states-of-america","16":"tag-us","17":"tag-usa","18":"tag-vereinigte-staaten","19":"tag-vereinigte-staaten-von-amerika"},"share_on_mastodon":{"url":"https:\/\/pubeurope.com\/@de\/115701123089963991","error":""},"_links":{"self":[{"href":"https:\/\/www.europesays.com\/de\/wp-json\/wp\/v2\/posts\/639210","targetHints":{"allow":["GET"]}}],"collection":[{"href":"https:\/\/www.europesays.com\/de\/wp-json\/wp\/v2\/posts"}],"about":[{"href":"https:\/\/www.europesays.com\/de\/wp-json\/wp\/v2\/types\/post"}],"author":[{"embeddable":true,"href":"https:\/\/www.europesays.com\/de\/wp-json\/wp\/v2\/users\/2"}],"replies":[{"embeddable":true,"href":"https:\/\/www.europesays.com\/de\/wp-json\/wp\/v2\/comments?post=639210"}],"version-history":[{"count":0,"href":"https:\/\/www.europesays.com\/de\/wp-json\/wp\/v2\/posts\/639210\/revisions"}],"wp:featuredmedia":[{"embeddable":true,"href":"https:\/\/www.europesays.com\/de\/wp-json\/wp\/v2\/media\/639211"}],"wp:attachment":[{"href":"https:\/\/www.europesays.com\/de\/wp-json\/wp\/v2\/media?parent=639210"}],"wp:term":[{"taxonomy":"category","embeddable":true,"href":"https:\/\/www.europesays.com\/de\/wp-json\/wp\/v2\/categories?post=639210"},{"taxonomy":"post_tag","embeddable":true,"href":"https:\/\/www.europesays.com\/de\/wp-json\/wp\/v2\/tags?post=639210"}],"curies":[{"name":"wp","href":"https:\/\/api.w.org\/{rel}","templated":true}]}}