{"id":63922,"date":"2025-04-26T22:53:12","date_gmt":"2025-04-26T22:53:12","guid":{"rendered":"https:\/\/www.europesays.com\/de\/63922\/"},"modified":"2025-04-26T22:53:12","modified_gmt":"2025-04-26T22:53:12","slug":"mini-car-club-leinfelden-echterdingen-vereinsgelaende-muss-erdaushub-weichen","status":"publish","type":"post","link":"https:\/\/www.europesays.com\/de\/63922\/","title":{"rendered":"Mini-Car-Club Leinfelden-Echterdingen: Vereinsgel\u00e4nde muss Erdaushub weichen"},"content":{"rendered":"<p>Der Mini-Car-Club hat 30 Jahre lang ein st\u00e4dtisches Grundst\u00fcck in Leinfelden-Echterdingen genutzt. Nun muss der Verein den Platz zur\u00fcckgeben. Der Frust ist gro\u00df.<\/p>\n<p>            \tCaroline Holowiecki                      <\/p>\n<p>           26.04.2025 &#8211; 06:28 Uhr       <\/p>\n<p>Nebenan brausen in einer Tour unz\u00e4hlige Autos auf der Bundesstra\u00dfe 27 vorbei, und obendr\u00fcber startet gerade ein Flugzeug in Richtung Westen durch. Nein, auf dem Vereinsgel\u00e4nde des Mini-Car-Clubs (MCC) <a href=\"https:\/\/www.stuttgarter-zeitung.de\/thema\/Leinfelden-Echterdingen\" title=\"Leinfelden-Echterdingen\" class=\"art_thema\" rel=\"nofollow noopener\" target=\"_blank\">Leinfelden-Echterdingen<\/a> am \u00e4u\u00dfersten Rand von Stetten ist es alles andere als idyllisch. Die Mitglieder hat der L\u00e4rm allerdings nie gest\u00f6rt. Im Gegenteil. \u201eEs war ideal\u201c, sagt Ulf Weidenhammer aus Wolfschlugen, der stellvertretende Vereinsvorsitzende. Denn ja, die Fahrzeuge, die beim MCC im Mittelpunkt stehen, ferngesteuerte kleine Verbrenner-Autos im Ma\u00dfstab 1:8 oder 1:6, machen auch ordentlich Krach, das Publikum und die Lautsprecher-Ansagen bei Veranstaltungen ebenso. Und so gab es zumindest nie Konflikte mit irgendwelchen Nachbarn.<\/p>\n<p>Das ist jedoch vorbei. Der MCC muss das Gel\u00e4nde r\u00e4umen. Seit nahezu 30 Jahren hatte der Verein das dreieckig zugeschnittene Grundst\u00fcck neben dem Bau- und dem Recyclinghof von der Stadt gepachtet, der Vertrag war in der Vergangenheit immer h\u00e4ppchenweise verl\u00e4ngert worden. Nun aber nicht mehr. Zum 30. April muss der Club die Fl\u00e4che nicht nur verlassen, sondern auch alles, was darauf ist, zur\u00fcckbauen. 13\u2009000 Euro werden die Arbeiten laut dem Vorsitzenden Daniel Miedtank aus Holzgerlingen kosten. Im Mai soll schlie\u00dflich die \u00dcbergabe sein. Dann ist der Verein nicht nur heimatlos, er verliert auch seine existenzielle Grundlage.<\/p>\n<p>Seit 2010 war der Eigenbedarf angek\u00fcndigt <\/p>\n<p>Die Stadt will das Areal indes nutzen, um dort Erdaushub zu lagern, der bei kommunalen Bauprojekten anf\u00e4llt. Die verpachtete Fl\u00e4che liege innerhalb des Bebauungsplans \u201eGewerbegebiet Sielminger Stra\u00dfe\u201c, teilt der Stadt-Sprecher Thomas Kr\u00e4mer mit. \u201eDer Bebauungsplan weist dort schon seit vielen Jahren eine Erweiterungsfl\u00e4che f\u00fcr den Lagerbetrieb des Bauhofes aus.\u201c Andere Fl\u00e4chen st\u00fcnden der Stadt f\u00fcr die Lagerung von Erd- und Baumaterial nicht zur Verf\u00fcgung. Das Grundst\u00fcck werde nun vielmehr der schon lange beabsichtigen Nutzung zugef\u00fchrt \u2013 dauerhaft. \u201eBereits seit 2010 wurden dem Verein eventueller Eigenbedarf wegen Neuaufstellung des Abfallwirtschaftsbetriebs angek\u00fcndigt\u201c, betont Thomas Kr\u00e4mer. Seit 2023 sei der Eigenbedarf ganz konkret angek\u00fcndigt worden.<\/p>\n<p>Die MCC-Mitglieder best\u00e4tigen das, dennoch herrscht Frust. \u201eImmerhin stecken hier zig Jahre Arbeit drin\u201c, sagt Volkmar Bude aus Wolfschlugen. Die zwei bis vier Rennveranstaltungen im Jahr h\u00e4tten stets viel Publikum angezogen, von den Deutschen Meisterschaft bis zum Ba-W\u00fc-Cup. Das ist nun jedoch vorbei. Was noch zu gebrauchen gewesen sei, Container oder Garten- und Bauger\u00e4te, habe man teils ver\u00e4u\u00dfert, teils verschenkt. Aufbauten auf der Strecke k\u00f6nne man nicht retten. \u201eDas ist Geld, das kaputt ist\u201c, sagt Daniel Miedtank. <\/p>\n<p>Von 120 Mitgliedern sind nur noch 30 \u00fcbrig <\/p>\n<p>Auch um den Verein selbst ist es augenscheinlich nicht gut bestellt. In Spitzenzeiten habe er gut und gerne 120 Mitglied gehabt, derzeit seien noch knapp \u00fcber 30 \u00fcbrig. Corona sei am Schwund schuld, aber auch das Aus der Strecke. \u201eDie sind alle weggerannt\u201c, sagt Ulf Weidenhammer. Das Damoklesschwert habe schon lang \u00fcber dem MCC gehangen, sagt Daniel Miedtank, und das wiederum habe Investitionen gehemmt. Auch um die Jugendarbeit oder ein Mitwirken am Ferienprogramm habe man sich nicht mehr bem\u00fcht. \u201eDoch im Stillen haben wir gehofft, es geht l\u00e4nger\u201c, sagt Volkmar Bude. Er schaut sich zwischen H\u00fcgeln, Kurven und Hindernissen um. \u201eSchade! Wir haben hier viel, viel Freizeit verbracht.\u201c <\/p>\n<p>Und nun? Aufgel\u00f6st werden soll der MCC nicht. Die verbliebenen Vereinsmitglieder wollen so gut es geht Strecken anderer Clubs nutzen. In Nufringen oder Weilheim seien die n\u00e4chsten. Au\u00dferdem will der MCC auf der Filderebene nach einem neuen Areal Ausschau halten. Daniel Miedtank wei\u00df aber auch: Das wird schwer. \u201eDie H\u00fcrden, kurzfristig eine Alternative zu finden, sind hoch\u201c, sagt er, sei es in Sachen Baurecht oder L\u00e4rmschutz. Und \u00fcberhaupt, wo gebe es noch freie Grundst\u00fccke von der Gr\u00f6\u00dfe eines halben Fu\u00dfballplatzes? Die Stadt jedenfalls k\u00f6nne keine Alternative anbieten.<\/p>\n<p>Verein besteht seit den 80er Jahren <\/p>\n<p class=\"infobox\"> <strong>Club<\/strong><br \/>Der Mini-Car-Club Leinfelden-Echterdingen besteht seit dem Jahr 1981. Der Vereinssitz ist in Leinfelden-Echterdingen, die Mitglieder kommen aber auch von au\u00dferhalb, aus dem Kreis Esslingen sowie aus den umliegenden Landkreisen.<\/p>\n<p class=\"infobox\"> <strong>Grundst\u00fcck<\/strong><br \/>Seit 1997 hatte der Verein ein Grundst\u00fcck in einer Gr\u00f6\u00dfe von etwa 3200 Quadratmetern von der Stadt gepachtet und darauf in Eigenarbeit seine Rennbahn gebaut: eine Teppichstrecke mit einer L\u00e4nge von etwa 280 Metern, einer Br\u00fccke, f\u00fcnf Spr\u00fcngen sowie einer h\u00e4ngenden Kurve. Davor hatte der Verein eine Wiese gepachtet gehabt, dort hatte es aber Probleme mit dem Naturschutz gegeben, erkl\u00e4rt das Mitglied J\u00fcrgen Reimold aus Leinfelden. Mehr Informationen online unter: www.mccle.org<\/p>\n","protected":false},"excerpt":{"rendered":"Der Mini-Car-Club hat 30 Jahre lang ein st\u00e4dtisches Grundst\u00fcck in Leinfelden-Echterdingen genutzt. Nun muss der Verein den Platz&hellip;\n","protected":false},"author":2,"featured_media":63923,"comment_status":"","ping_status":"","sticky":false,"template":"","format":"standard","meta":{"footnotes":""},"categories":[1830],"tags":[1634,3364,29,28757,9716,30,3438,9714,28756,28758,1441],"class_list":{"0":"post-63922","1":"post","2":"type-post","3":"status-publish","4":"format-standard","5":"has-post-thumbnail","7":"category-stuttgart","8":"tag-baden-wuerttemberg","9":"tag-de","10":"tag-deutschland","11":"tag-erdaushub","12":"tag-filderpost","13":"tag-germany","14":"tag-landkreis-esslingen","15":"tag-leinfelden-echterdingen","16":"tag-mini-car-club","17":"tag-platz","18":"tag-stuttgart"},"share_on_mastodon":{"url":"https:\/\/pubeurope.com\/@de\/114406726337026730","error":""},"_links":{"self":[{"href":"https:\/\/www.europesays.com\/de\/wp-json\/wp\/v2\/posts\/63922","targetHints":{"allow":["GET"]}}],"collection":[{"href":"https:\/\/www.europesays.com\/de\/wp-json\/wp\/v2\/posts"}],"about":[{"href":"https:\/\/www.europesays.com\/de\/wp-json\/wp\/v2\/types\/post"}],"author":[{"embeddable":true,"href":"https:\/\/www.europesays.com\/de\/wp-json\/wp\/v2\/users\/2"}],"replies":[{"embeddable":true,"href":"https:\/\/www.europesays.com\/de\/wp-json\/wp\/v2\/comments?post=63922"}],"version-history":[{"count":0,"href":"https:\/\/www.europesays.com\/de\/wp-json\/wp\/v2\/posts\/63922\/revisions"}],"wp:featuredmedia":[{"embeddable":true,"href":"https:\/\/www.europesays.com\/de\/wp-json\/wp\/v2\/media\/63923"}],"wp:attachment":[{"href":"https:\/\/www.europesays.com\/de\/wp-json\/wp\/v2\/media?parent=63922"}],"wp:term":[{"taxonomy":"category","embeddable":true,"href":"https:\/\/www.europesays.com\/de\/wp-json\/wp\/v2\/categories?post=63922"},{"taxonomy":"post_tag","embeddable":true,"href":"https:\/\/www.europesays.com\/de\/wp-json\/wp\/v2\/tags?post=63922"}],"curies":[{"name":"wp","href":"https:\/\/api.w.org\/{rel}","templated":true}]}}