{"id":639221,"date":"2025-12-11T13:22:13","date_gmt":"2025-12-11T13:22:13","guid":{"rendered":"https:\/\/www.europesays.com\/de\/639221\/"},"modified":"2025-12-11T13:22:13","modified_gmt":"2025-12-11T13:22:13","slug":"ukraine-uebergibt-usa-ueberarbeiteten-friedensplan","status":"publish","type":"post","link":"https:\/\/www.europesays.com\/de\/639221\/","title":{"rendered":"Ukraine \u00fcbergibt USA \u00fcberarbeiteten Friedensplan"},"content":{"rendered":"<p class=\"tspCBne tspCBnf\">Die Ukraine hat den USA eine \u00fcberarbeitete Fassung ihres Plans zur Beendigung des Kriegs gegen Russland vorgelegt. <strong>Das Dokument ging gestern am sp\u00e4ten Mittwochnachmittag (10. Dezember) an US-Pr\u00e4sident Donald Trump<\/strong>, wie Bundeskanzler Friedrich Merz am Donnerstag bei einem Treffen mit Nato-Generalsekret\u00e4r Mark Rutte in Berlin mitteilte. Zuvor hatten sich mehrere Medien unter Berufung auf ukrainische Regierungsvertreter \u00fcber die \u00dcbergabe berichtet.<\/p>\n<p class=\"tspCBne\">Der Plan enth\u00e4lt nach Angaben eines ukrainischen Regierungsvertreters <strong>20 Punkte und beinhaltet \u201eeinige neue Ideen\u201c <\/strong>bez\u00fcglich der von Russland beanspruchten ukrainischen Gebiete und der Kontrolle \u00fcber das Atomkraftwerk Saporischschja, berichtet der US-Sender ABC News. Der ukrainische Pr\u00e4sident Wolodymyr Selenskyj hatte zuvor bereits gesagt, dass der neue Plan auch zwei separate Papiere zu Sicherheitsgarantien und zum Wiederaufbau der Ukraine nach dem Krieg enth\u00e4lt.<\/p>\n<p class=\"tspCBne\">\u201eEs geht hier vor allem um die Frage, welche territorialen Zugest\u00e4ndnisse die Ukraine bereit ist zu machen\u201c, sagte Merz. <strong>Selenskyj hatte bisher jegliche territoriale Zugest\u00e4ndnisse abgelehnt<\/strong>, die Russland als Voraussetzung f\u00fcr eine Friedensl\u00f6sung nennt. Merz betonte: \u201eDas ist aber eine Frage, die vor allem der ukrainische Pr\u00e4sident und das ukrainische Volk beantworten m\u00fcssen. Das haben wir Pr\u00e4sident Trump auch verdeutlicht.\u201c<\/p>\n<p> Telefonat mit Trump <\/p>\n<p class=\"tspCBne\">Merz hatte am Mittwochnachmittag <strong>gemeinsam mit Frankreichs Pr\u00e4sidenten Emmanuel Macron und dem britischen Premier Keir Starmer mit Trump \u00fcber die Lage in der Ukraine gesprochen<\/strong>. Zum Zeitpunkt des Telefonats war <a href=\"https:\/\/www.tagesspiegel.de\/internationales\/wochenlanges-chaos-und-missverstandnisse-wo-die-ukraine-verhandlungen-tatsachlich-stehen-15037311.html?icid=in-text-link_15040616\" class=\"link link--internal\" data-gtm-class=\"article-text-link\" data-gtm-val=\"internal\" target=\"_blank\" rel=\"noopener\">der mit Europa abgestimmte Vorschlag der Ukraine<\/a> dem US-Pr\u00e4sidenten laut Merz noch nicht bekannt, da er noch nicht \u00fcbersandt war.<\/p>\n<p class=\"tspUe2\">Empfohlener redaktioneller Inhalt<\/p>\n<p> An dieser Stelle finden Sie einen von unseren Redakteuren ausgew\u00e4hlten, externen Inhalt, der den Artikel f\u00fcr Sie mit zus\u00e4tzlichen Informationen anreichert. Sie k\u00f6nnen sich hier den externen Inhalt mit einem Klick anzeigen lassen oder wieder ausblenden. <\/p>\n<p> Externen Inhalt anzeigen <\/p>\n<p class=\"tspUe8\"> Ich bin damit einverstanden, dass mir der externe Inhalt angezeigt wird. Damit k\u00f6nnen personenbezogene Daten an Drittplattformen \u00fcbermittelt werden.  Mehr Informationen dazu erhalten Sie in den Datenschutz-Einstellungen. Diese finden Sie ganz unten auf unserer Seite im Footer, sodass Sie Ihre Einstellungen jederzeit verwalten oder widerrufen k\u00f6nnen. <\/p>\n<p class=\"tspCBne\">Man habe Trump vorgeschlagen, die vorliegenden Dokumente \u00fcber das Wochenende gemeinsam mit der US-Regierung abschlie\u00dfend zu besprechen. Vorstellbar sei nun, dass es nach Gespr\u00e4chen am Wochenende <strong>zu Beginn der n\u00e4chsten Woche in Berlin ein Treffen<\/strong> gebe, sagte Merz. <strong>Ob die US-Regierung daran teilnehme, sei noch offen.<\/strong> \u201eDas h\u00e4ngt auch sehr stark von der gemeinsamen Abfassung der Papiere jetzt ab, die zurzeit bearbeitet werden. Ich bin einigerma\u00dfen zuversichtlich, dass uns das gelingt.\u201c<\/p>\n<p class=\"tspCBne\"><strong>Der Kanzler zeigte sich optimistisch:<\/strong> Er habe aus dem Telefonat mit Trump \u201eden festen Eindruck mitgenommen, dass er bereit ist, diesen Weg mit uns zu gehen, weil er wei\u00df, dass die Europ\u00e4er hier auch mit ihren eigenen Interessen geh\u00f6rt werden m\u00fcssen.\u201c Es sei \u201eein wirklich <strong>sehr konstruktives Telefonat<\/strong>, wo auch die gegenseitigen Positionen klar wurden und auch gegenseitiger Respekt zum Ausdruck kam\u201c.<\/p>\n<p> Neues Treffen der Ukraine-Unterst\u00fctzer am Donnerstag <\/p>\n<p class=\"tspCBne\">Selenskyj will am heutigen Donnerstag erneut mit Vertretern europ\u00e4ischer Unterst\u00fctzerstaaten zusammenkommen. Diese Woche k\u00f6nne Neuigkeiten f\u00fcr alle und f\u00fcr ein Ende des Blutvergie\u00dfens bringen, schrieb er in sozialen Medien.<\/p>\n<p class=\"tspCBne\"><strong>US-Pr\u00e4sident Donald Trump<\/strong> erkl\u00e4rte am Mittwoch fast zeitgleich, dass er zu einem <strong>Treffen am Wochenende in Europa eingeladen<\/strong> worden sei, bei dem auch Selenskyj\u00a0anwesend sein soll. Trump lie\u00df aber offen, ob die USA das Treffen wahrnehmen \u2013 und wenn ja, auf welcher Ebene. Die US-Regierung werde ihre Entscheidung davon abh\u00e4ngig machen, \u201ewomit sie zur\u00fcckkommen\u201c, sagte Trump und erg\u00e4nzte: \u201eWir wollen keine Zeit verschwenden.\u201c<\/p>\n<p><a href=\"https:\/\/www.tagesspiegel.de\/internationales\/das-ist-ein-bedeutender-wandel-danemark-stuft-die-usa-als-bedrohung-ein--wie-russland-und-china-15039124.html?icid=single-topic_15040616___\" data-gtm-class=\"article-mzt-link\" class=\"tspCWpl\" target=\"_blank\" rel=\"noopener\">\u201eDas ist ein bedeutender Wandel\u201c D\u00e4nemark stuft die USA als Bedrohung ein \u2013 wie Russland und China <\/a><\/p>\n<p class=\"tspCBne\">Zum Telefonat mit Merz, Macron und Starmer sagt Trump \u201eWir haben in ziemlich deutlichen Worten \u00fcber die Ukraine gesprochen.\u201c <strong>Dabei habe es \u201eeinige kleine Meinungsverschiedenheiten \u00fcber Personen\u201c gegeben<\/strong>, erl\u00e4uterte er, ohne Details zu nennen.<\/p>\n<p> Kritik am urspr\u00fcnglichen US-Plan <\/p>\n<p class=\"tspCBne\">Der urspr\u00fcnglich von der Trump-Administration vorgelegte Plan war <strong>teilweise als \u201erussische Wunschliste\u201c scharf kritisiert<\/strong> worden, weil er im Wesentlichen die Forderungen Moskaus \u00fcbernommen hatte. So sollte die Ukraine nicht nur auf den Nato-Beitritt verzichten, sondern auch die Truppenzahl des Milit\u00e4rs beschr\u00e4nken und weitere Gebiete mit gut ausgebauten Verteidigungsanlagen im Osten des Landes r\u00e4umen, die sie bislang kontrolliert. Im Gegenzug sollte sich Moskau dazu verpflichten, keine weiteren Angriffe auf das Nachbarland zu starten.<\/p>\n<p> Lesen Sie au\u00dferdem <a href=\"https:\/\/www.tagesspiegel.de\/internationales\/wollen-nicht-gegen-europa-krieg-fuhren-aber--wie-russland-schon-jetzt-sicherheitsgarantien-fur-die-ukraine-torpediert-15041623.html?icid=topic-list_15040616___\" data-gtm-class=\"article-mzt-link\" data-hydrate-fingerprint=\"09740a54944caac75fd2c0c63fd5c5df\" data-hydrate-props=\"{&amp;escapedquot;element&amp;escapedquot;:{&amp;escapedquot;type&amp;escapedquot;:&amp;escapedquot;relatedContent&amp;escapedquot;,&amp;escapedquot;fieldMap&amp;escapedquot;:{},&amp;escapedquot;relation&amp;escapedquot;:{&amp;escapedquot;fields&amp;escapedquot;:{&amp;escapedquot;isPaid&amp;escapedquot;:null},&amp;escapedquot;href&amp;escapedquot;:&amp;escapedquot;\/internationales\/wollen-nicht-gegen-europa-krieg-fuhren-aber--wie-russland-schon-jetzt-sicherheitsgarantien-fur-die-ukraine-torpediert-15041623.html&amp;escapedquot;,&amp;escapedquot;teaserTitle&amp;escapedquot;:{&amp;escapedquot;kicker&amp;escapedquot;:&amp;escapedquot;\u201eWollen nicht gegen Europa Krieg f\u00fchren, aber \u2026\u201c&amp;escapedquot;,&amp;escapedquot;headline&amp;escapedquot;:&amp;escapedquot;Wie Russland schon jetzt Sicherheitsgarantien f\u00fcr die Ukraine torpediert&amp;escapedquot;},&amp;escapedquot;id&amp;escapedquot;:&amp;escapedquot;15041623&amp;escapedquot;,&amp;escapedquot;type&amp;escapedquot;:&amp;escapedquot;story&amp;escapedquot;},&amp;escapedquot;isPartOfList&amp;escapedquot;:true,&amp;escapedquot;topicListType&amp;escapedquot;:&amp;escapedquot;topic-list&amp;escapedquot;},&amp;escapedquot;showArrow&amp;escapedquot;:true}\" data-hydrate-slots=\"{&#039;default&#039;:[]}\" class=\"tspCWpl\" target=\"_blank\" rel=\"noopener\">\u201eWollen nicht gegen Europa Krieg f\u00fchren, aber \u2026\u201c Wie Russland schon jetzt Sicherheitsgarantien f\u00fcr die Ukraine torpediert <\/a><a href=\"https:\/\/www.tagesspiegel.de\/internationales\/fruhere-sicherheitsstrategie-geleakt-trump-regierung-plante-offenbar-eine-spaltung-der-eu-15040793.html?icid=topic-list_15040616___\" data-gtm-class=\"article-mzt-link\" data-hydrate-fingerprint=\"09740a54944caac75fd2c0c63fd5c5df\" data-hydrate-props=\"{&amp;escapedquot;element&amp;escapedquot;:{&amp;escapedquot;type&amp;escapedquot;:&amp;escapedquot;relatedContent&amp;escapedquot;,&amp;escapedquot;fieldMap&amp;escapedquot;:{},&amp;escapedquot;relation&amp;escapedquot;:{&amp;escapedquot;fields&amp;escapedquot;:{&amp;escapedquot;isPaid&amp;escapedquot;:null},&amp;escapedquot;href&amp;escapedquot;:&amp;escapedquot;\/internationales\/fruhere-sicherheitsstrategie-geleakt-trump-regierung-plante-offenbar-eine-spaltung-der-eu-15040793.html&amp;escapedquot;,&amp;escapedquot;teaserTitle&amp;escapedquot;:{&amp;escapedquot;kicker&amp;escapedquot;:&amp;escapedquot;US-Sicherheitsstrategie&amp;escapedquot;,&amp;escapedquot;headline&amp;escapedquot;:&amp;escapedquot;Trump-Regierung plante offenbar Spaltung der EU \u2013 und Sicherheitsallianz mit Russland und China &amp;escapedquot;},&amp;escapedquot;id&amp;escapedquot;:&amp;escapedquot;15040793&amp;escapedquot;,&amp;escapedquot;type&amp;escapedquot;:&amp;escapedquot;story&amp;escapedquot;},&amp;escapedquot;isPartOfList&amp;escapedquot;:true,&amp;escapedquot;topicListType&amp;escapedquot;:&amp;escapedquot;topic-list&amp;escapedquot;},&amp;escapedquot;showArrow&amp;escapedquot;:true}\" data-hydrate-slots=\"{&#039;default&#039;:[]}\" class=\"tspCWpl\" target=\"_blank\" rel=\"noopener\">US-Sicherheitsstrategie Trump-Regierung plante offenbar Spaltung der EU \u2013 und Sicherheitsallianz mit Russland und China  <\/a><a href=\"https:\/\/www.tagesspiegel.de\/internationales\/die-meisten-machen-sich-nach-der-ausbildung-aus-dem-staub-warum-fliehen-derzeit-so-viele-ukrainische-soldaten-aus-der-armee-15031622.html?icid=topic-list_15040616___\" data-gtm-class=\"article-mzt-link\" data-hydrate-fingerprint=\"09740a54944caac75fd2c0c63fd5c5df\" data-hydrate-props=\"{&amp;escapedquot;element&amp;escapedquot;:{&amp;escapedquot;type&amp;escapedquot;:&amp;escapedquot;relatedContent&amp;escapedquot;,&amp;escapedquot;fieldMap&amp;escapedquot;:{},&amp;escapedquot;relation&amp;escapedquot;:{&amp;escapedquot;fields&amp;escapedquot;:{&amp;escapedquot;isPaid&amp;escapedquot;:null},&amp;escapedquot;href&amp;escapedquot;:&amp;escapedquot;\/internationales\/die-meisten-machen-sich-nach-der-ausbildung-aus-dem-staub-warum-fliehen-derzeit-so-viele-ukrainische-soldaten-aus-der-armee-15031622.html&amp;escapedquot;,&amp;escapedquot;teaserTitle&amp;escapedquot;:{&amp;escapedquot;kicker&amp;escapedquot;:&amp;escapedquot;\u201eMachen sich nach der Ausbildung aus dem Staub\u201c&amp;escapedquot;,&amp;escapedquot;headline&amp;escapedquot;:&amp;escapedquot;Warum fliehen derzeit so viele ukrainische Soldaten aus der Armee?&amp;escapedquot;},&amp;escapedquot;id&amp;escapedquot;:&amp;escapedquot;15031622&amp;escapedquot;,&amp;escapedquot;type&amp;escapedquot;:&amp;escapedquot;story&amp;escapedquot;},&amp;escapedquot;isPartOfList&amp;escapedquot;:true,&amp;escapedquot;topicListType&amp;escapedquot;:&amp;escapedquot;topic-list&amp;escapedquot;},&amp;escapedquot;showArrow&amp;escapedquot;:true}\" data-hydrate-slots=\"{&#039;default&#039;:[]}\" class=\"tspCWpl\" target=\"_blank\" rel=\"noopener\">\u201eMachen sich nach der Ausbildung aus dem Staub\u201c Warum fliehen derzeit so viele ukrainische Soldaten aus der Armee? <\/a><\/p>\n<p class=\"tspCBne\"><strong>Die Territorialfrage und Sicherheiten f\u00fcr die Ukraine waren die Knackpunkte des Papiers. <\/strong>Kiew will sich nicht nur auf das Versprechen Moskaus verlassen m\u00fcssen, nicht noch einmal milit\u00e4risch zu intervenieren. Der urspr\u00fcngliche Entwurf wurde auf Dr\u00e4ngen Kiews und seiner europ\u00e4ischen Verb\u00fcndeten in zentralen Punkten \u00fcberarbeitet. Sowohl Kiew als auch die Europ\u00e4er fordern weitere \u00c4nderungen zugunsten der Ukraine, insbesondere Sicherheitsgarantien. (Tsp\/dpa\/Reuters\/AFP)<\/p>\n","protected":false},"excerpt":{"rendered":"Die Ukraine hat den USA eine \u00fcberarbeitete Fassung ihres Plans zur Beendigung des Kriegs gegen Russland vorgelegt. Das&hellip;\n","protected":false},"author":2,"featured_media":639222,"comment_status":"","ping_status":"","sticky":false,"template":"","format":"standard","meta":{"footnotes":""},"categories":[5],"tags":[331,332,3364,29,106,1356,156,775,30,13,5554,14,1159,15,307,12,317,64,107],"class_list":{"0":"post-639221","1":"post","2":"type-post","3":"status-publish","4":"format-standard","5":"has-post-thumbnail","7":"category-nachrichten","8":"tag-aktuelle-nachrichten","9":"tag-aktuelle-news","10":"tag-de","11":"tag-deutschland","12":"tag-donald-trump","13":"tag-emmanuel-macron","14":"tag-frankreich","15":"tag-friedrich-merz","16":"tag-germany","17":"tag-headlines","18":"tag-keir-starmer","19":"tag-nachrichten","20":"tag-nato","21":"tag-news","22":"tag-russland","23":"tag-schlagzeilen","24":"tag-ukraine","25":"tag-usa","26":"tag-wolodymyr-selenskyj"},"share_on_mastodon":{"url":"https:\/\/pubeurope.com\/@de\/115701150136938827","error":""},"_links":{"self":[{"href":"https:\/\/www.europesays.com\/de\/wp-json\/wp\/v2\/posts\/639221","targetHints":{"allow":["GET"]}}],"collection":[{"href":"https:\/\/www.europesays.com\/de\/wp-json\/wp\/v2\/posts"}],"about":[{"href":"https:\/\/www.europesays.com\/de\/wp-json\/wp\/v2\/types\/post"}],"author":[{"embeddable":true,"href":"https:\/\/www.europesays.com\/de\/wp-json\/wp\/v2\/users\/2"}],"replies":[{"embeddable":true,"href":"https:\/\/www.europesays.com\/de\/wp-json\/wp\/v2\/comments?post=639221"}],"version-history":[{"count":0,"href":"https:\/\/www.europesays.com\/de\/wp-json\/wp\/v2\/posts\/639221\/revisions"}],"wp:featuredmedia":[{"embeddable":true,"href":"https:\/\/www.europesays.com\/de\/wp-json\/wp\/v2\/media\/639222"}],"wp:attachment":[{"href":"https:\/\/www.europesays.com\/de\/wp-json\/wp\/v2\/media?parent=639221"}],"wp:term":[{"taxonomy":"category","embeddable":true,"href":"https:\/\/www.europesays.com\/de\/wp-json\/wp\/v2\/categories?post=639221"},{"taxonomy":"post_tag","embeddable":true,"href":"https:\/\/www.europesays.com\/de\/wp-json\/wp\/v2\/tags?post=639221"}],"curies":[{"name":"wp","href":"https:\/\/api.w.org\/{rel}","templated":true}]}}