{"id":639223,"date":"2025-12-11T13:23:16","date_gmt":"2025-12-11T13:23:16","guid":{"rendered":"https:\/\/www.europesays.com\/de\/639223\/"},"modified":"2025-12-11T13:23:16","modified_gmt":"2025-12-11T13:23:16","slug":"trendwende-durch-internationale-nachfrage-tageskarte","status":"publish","type":"post","link":"https:\/\/www.europesays.com\/de\/639223\/","title":{"rendered":"Trendwende durch internationale Nachfrage: Tageskarte"},"content":{"rendered":"<p>Nach einem uneinheitlichen Verlauf im bisherigen Jahr verzeichnet der deutsche Incoming-Tourismus im Oktober 2025 einen deutlichen Anstieg der Nachfrage internationaler G\u00e4ste. Auf Basis der aktuell vorliegenden Marktdaten rechnet die Deutsche Zentrale f\u00fcr Tourismus (DZT) auch f\u00fcr die kommenden Monate mit einer anhaltenden Belebung.<\/p>\n<p>Entwicklung der \u00dcbernachtungszahlen und Hotelkennzahlen<\/p>\n<p>Die vorl\u00e4ufigen Zahlen des Statistischen Bundesamtes zeigen, dass die Zahl der \u00dcbernachtungen ausl\u00e4ndischer G\u00e4ste in deutschen Hotels und Pensionen mit mindestens zehn Betten im Oktober 2025 im Vergleich zum Vorjahresmonat um 4,1 Prozent auf 7,3 Millionen stieg.<\/p>\n<p>Damit konnte der kumulierte R\u00fcckstand zum Vorjahr, der Ende des dritten Quartals noch bei minus 2,9 Prozent lag, bis Ende Oktober auf 2,3 Prozent reduziert werden.<\/p>\n<p>Dieser Aufw\u00e4rtstrend wird durch Hoteldaten von MKG Consulting best\u00e4tigt. Die durchschnittliche Auslastung \u00fcber alle Kategorien erreichte im Oktober 75,2 Prozent, was fast drei Prozentpunkte \u00fcber dem Vorjahresniveau liegt. Trotz des sich versch\u00e4rfenden internationalen Wettbewerbs stiegen auch die Durchschnittspreise erstmalig wieder. Sie notierten im Oktober bei 126 Euro, was einer Steigerung von 10,1 Prozentpunkten gegen\u00fcber den Vergleichswerten des Vorjahres entspricht.<\/p>\n<p>Reisebereitschaft bleibt hoch trotz fr\u00fcherer Herausforderungen<\/p>\n<p>Petra Hedorfer, Vorsitzende des Vorstandes der DZT, ordnet die Entwicklung ein. Sie erkl\u00e4rte, dass die ersten Monate des Jahres 2025 von mehreren Faktoren beeinflusst wurden: \u201eIn den ersten Monaten dieses Jahres verunsicherten Handelskonflikte und geostrategische Auseinandersetzungen die Verbraucher in vielen Quellm\u00e4rkten. Dazu kam ein R\u00fcckgang bei den Gesch\u00e4ftsreisen und ein anhaltend starker Kurs des Euro gegen\u00fcber dem US-Dollar, der insbesondere Reisen aus wichtigen \u00dcberseem\u00e4rkten nach Europa verteuerte. Im unmittelbaren Vorjahresvergleich machte sich au\u00dferdem der Sondereffekt der UEFA Euro und der gro\u00dfen Konzertereignisse im Sommer 2024 bemerkbar.\u201c<\/p>\n<p>Trotz dieser Herausforderungen sei die Reisebereitschaft weiterhin hoch. Laut dem Monitoring Sentiment for Intra-European Travel der European Travel Commission (ETC) planen 73 Prozent der Europ\u00e4er, in den Monaten Oktober 2025 bis M\u00e4rz 2026 zu verreisen. Dies entspreche einem stabilen Wert gegen\u00fcber dem Vorjahr. Auch das ETC-Longhaul Travel Barometer weise f\u00fcr ausgew\u00e4hlte \u00dcberseem\u00e4rkte in den letzten Monaten des Jahres weitgehend stabile Reiseabsichten aus.<\/p>\n<p>Deutschland kann in diesem Marktumfeld insbesondere durch die Vorweihnachtszeit punkten. Das j\u00fcngste DZT Travel Industry Expert Panel f\u00fcr das vierte Quartal 2025 ergab, dass 88 Prozent der befragten CEOs und Key Accounts Deutschland als starkes Ziel f\u00fcr Weihnachtsm\u00e4rkte sehen und 78 Prozent Weihnachtsm\u00e4rkte aktiv in ihrem Produktportfolio f\u00fcr Deutschlandreisen vermarkten.<\/p>\n<p>Zuwachs bei Flugank\u00fcnften und positive Vorausbuchungen<\/p>\n<p>Die Daten von Forward Keys belegen den positiven Trend auch im internationalen Reiseverkehr. F\u00fcr den Oktober 2025 verzeichnen sie ein Plus von 8,2 Prozent bei den internationalen Flugank\u00fcnften in Deutschland im Vorjahresvergleich.<\/p>\n<p>F\u00fcr die kommenden sechs Monate liegen die Vorausbuchungen von Fl\u00fcgen insbesondere aus \u00dcberseem\u00e4rkten wie den USA, Indien, Brasilien und den Arabischen Emiraten heute bereits \u00fcber dem Niveau des Vorjahres.<\/p>\n<p>\u00a0<\/p>\n","protected":false},"excerpt":{"rendered":"Nach einem uneinheitlichen Verlauf im bisherigen Jahr verzeichnet der deutsche Incoming-Tourismus im Oktober 2025 einen deutlichen Anstieg der&hellip;\n","protected":false},"author":2,"featured_media":639224,"comment_status":"","ping_status":"","sticky":false,"template":"","format":"standard","meta":{"footnotes":""},"categories":[2],"tags":[331,3924,332,3922,18596,3364,29,150679,10957,6763,30,13,10353,150677,105776,14,3923,15,3921,12,150678,82175,150680],"class_list":{"0":"post-639223","1":"post","2":"type-post","3":"status-publish","4":"format-standard","5":"has-post-thumbnail","7":"category-deutschland","8":"tag-aktuelle-nachrichten","9":"tag-aktuelle-nachrichten-aus-deutschland","10":"tag-aktuelle-news","11":"tag-aktuelle-news-aus-deutschland","12":"tag-auslastung","13":"tag-de","14":"tag-deutschland","15":"tag-durchschnittspreise","16":"tag-dzt","17":"tag-gastronomie","18":"tag-germany","19":"tag-headlines","20":"tag-hotellerie","21":"tag-incoming-tourismus","22":"tag-internationale-gaeste","23":"tag-nachrichten","24":"tag-nachrichten-aus-deutschland","25":"tag-news","26":"tag-news-aus-deutschland","27":"tag-schlagzeilen","28":"tag-tourismus-trends","29":"tag-uebernachtungszahlen","30":"tag-vorausbuchungen"},"share_on_mastodon":{"url":"https:\/\/pubeurope.com\/@de\/115701154289834534","error":""},"_links":{"self":[{"href":"https:\/\/www.europesays.com\/de\/wp-json\/wp\/v2\/posts\/639223","targetHints":{"allow":["GET"]}}],"collection":[{"href":"https:\/\/www.europesays.com\/de\/wp-json\/wp\/v2\/posts"}],"about":[{"href":"https:\/\/www.europesays.com\/de\/wp-json\/wp\/v2\/types\/post"}],"author":[{"embeddable":true,"href":"https:\/\/www.europesays.com\/de\/wp-json\/wp\/v2\/users\/2"}],"replies":[{"embeddable":true,"href":"https:\/\/www.europesays.com\/de\/wp-json\/wp\/v2\/comments?post=639223"}],"version-history":[{"count":0,"href":"https:\/\/www.europesays.com\/de\/wp-json\/wp\/v2\/posts\/639223\/revisions"}],"wp:featuredmedia":[{"embeddable":true,"href":"https:\/\/www.europesays.com\/de\/wp-json\/wp\/v2\/media\/639224"}],"wp:attachment":[{"href":"https:\/\/www.europesays.com\/de\/wp-json\/wp\/v2\/media?parent=639223"}],"wp:term":[{"taxonomy":"category","embeddable":true,"href":"https:\/\/www.europesays.com\/de\/wp-json\/wp\/v2\/categories?post=639223"},{"taxonomy":"post_tag","embeddable":true,"href":"https:\/\/www.europesays.com\/de\/wp-json\/wp\/v2\/tags?post=639223"}],"curies":[{"name":"wp","href":"https:\/\/api.w.org\/{rel}","templated":true}]}}