{"id":639225,"date":"2025-12-11T13:24:26","date_gmt":"2025-12-11T13:24:26","guid":{"rendered":"https:\/\/www.europesays.com\/de\/639225\/"},"modified":"2025-12-11T13:24:26","modified_gmt":"2025-12-11T13:24:26","slug":"11-jaehriges-maedchen-in-koenigswinter-angefahren","status":"publish","type":"post","link":"https:\/\/www.europesays.com\/de\/639225\/","title":{"rendered":"11-j\u00e4hriges M\u00e4dchen in K\u00f6nigswinter angefahren"},"content":{"rendered":"<p>&#13;<br \/>\n            <b>K\u00f6nigswinter. <\/b>Am heutigen Donnerstagmorgen, 11. Dezember 2025, ereignete sich in K\u00f6nigswinter ein Verkehrsunfall, bei dem eine 11-j\u00e4hrige Radfahrerin leicht verletzt wurde. Ein unbekannter Autofahrer hatte das M\u00e4dchen mit einem Auto angefahren und sich anschlie\u00dfend von der Unfallstelle entfernt. Das Verkehrskommissariat 1 der Bonner Polizei bittet die Bev\u00f6lkerung um Hinweise. <\/p>\n<p>Der Unfall ereignete sich gegen 08:40 Uhr, als das Kind mit seinem Fahrrad die Longenburger Stra\u00dfe in Richtung K\u00f6nigswinter-Niederdollendorf befuhr. In der entgegengesetzten Richtung n\u00e4herte sich ein Fahrzeugf\u00fchrer, der als Mann im Alter von etwa 70 bis 75 Jahren beschrieben wird. <\/p>\n<p>Er trug eine Brille mit Metallrahmen und hatte kurze, graue, stoppelige Haare. Der Mann fuhr in einem auff\u00e4lligen schwarzen Kleinwagen, der durch pinke Streifen gekennzeichnet war. An einer Engstelle in der N\u00e4he der Zufahrt zur Hausnummer 18 a hielt die 11-J\u00e4hrige an. <\/p>\n<p>Dort touchierte der Kleinwagen das Hinterrad und das linke Bein des M\u00e4dchens, wodurch sie leicht verletzt wurde. Der Autofahrer hielt kurz an und erkundigte sich, ob alles in Ordnung sei. Die \u00fcberforderte Sch\u00fclerin antwortete mit ja, woraufhin der Autofahrer weiterfuhr. <\/p>\n<p>Die Polizei nimmt Hinweise zu dem beschriebenen auff\u00e4lligen Pkw und dem Fahrer unter der Telefonnummer 0228 15-0 oder per E-Mail an vk1.bonn@polizei.nrw.de entgegen. BA <\/p>\n<p>                <a href=\"https:\/\/www.blick-aktuell.de\/Nachrichten\/912-Betrueger-erbeuten-Geld-und-Schmuck-in-Millionenhoehe-648687.html?StoryId=648926\" rel=\"nofollow noopener\" target=\"_blank\">&#13;<br \/>\n                  <img decoding=\"async\" class=\"img-responsive WebStoryLink-Image\" src=\"https:\/\/www.europesays.com\/de\/wp-content\/uploads\/2025\/12\/912-Betrueger-erbeuten-Geld-und-Schmuck-in-Millionenhoehe-648687t.jpg\" alt=\"9.12.: Betr\u00fcger erbeuten Geld und Schmuck in Millionenh\u00f6he\"\/>&#13;<br \/>\n                <\/a><\/p>\n<p>                <a href=\"https:\/\/www.blick-aktuell.de\/Nachrichten\/2711-Bad-Honnef-Person-von-Zug-erfasst-647317.html?StoryId=648926\" rel=\"nofollow noopener\" target=\"_blank\">&#13;<br \/>\n                  <img decoding=\"async\" class=\"img-responsive WebStoryLink-Image\" src=\"https:\/\/www.europesays.com\/de\/wp-content\/uploads\/2025\/12\/2711-Bad-Honnef-Person-von-Zug-erfasst-647317t.jpg\" alt=\"27.11.: Bad Honnef: Person von Zug erfasst\"\/>&#13;<br \/>\n                <\/a><\/p>\n<p>                <a href=\"https:\/\/www.blick-aktuell.de\/Nachrichten\/1012Bonn-Jugendlicher-zuendet-Feuerwerkskoerper-in-Linienbus-648742.html?StoryId=648926\" rel=\"nofollow noopener\" target=\"_blank\">&#13;<br \/>\n                  <img decoding=\"async\" class=\"img-responsive WebStoryLink-Image\" src=\"https:\/\/www.europesays.com\/de\/wp-content\/uploads\/2025\/12\/1012Bonn-Jugendlicher-zuendet-Feuerwerkskoerper-in-Linienbus-648742t.jpg\" alt=\"10.12.:Bonn: Jugendlicher z\u00fcndet Feuerwerksk\u00f6rper in Linienbus\"\/>&#13;<br \/>\n                <\/a><\/p>\n<p>                <a href=\"https:\/\/www.blick-aktuell.de\/Nachrichten\/912-Unbekannter-nach-Koerperverletzung-identifiziert-648583.html?StoryId=648926\" rel=\"nofollow noopener\" target=\"_blank\">&#13;<br \/>\n                  <img decoding=\"async\" class=\"img-responsive WebStoryLink-Image\" src=\"https:\/\/www.europesays.com\/de\/wp-content\/uploads\/2025\/12\/912-Unbekannter-nach-Koerperverletzung-identifiziert-648583t.jpg\" alt=\"9.12.: Unbekannter nach K\u00f6rperverletzung identifiziert\"\/>&#13;<br \/>\n                <\/a><\/p>\n","protected":false},"excerpt":{"rendered":"&#13; K\u00f6nigswinter. Am heutigen Donnerstagmorgen, 11. Dezember 2025, ereignete sich in K\u00f6nigswinter ein Verkehrsunfall, bei dem eine 11-j\u00e4hrige&hellip;\n","protected":false},"author":2,"featured_media":639226,"comment_status":"","ping_status":"","sticky":false,"template":"","format":"standard","meta":{"footnotes":""},"categories":[1842],"tags":[17628,1741,3364,29,30,1209,121,18270,3260],"class_list":{"0":"post-639225","1":"post","2":"type-post","3":"status-publish","4":"format-standard","5":"has-post-thumbnail","7":"category-bonn","8":"tag-knigswinter","9":"tag-bonn","10":"tag-de","11":"tag-deutschland","12":"tag-germany","13":"tag-nordrhein-westfalen","14":"tag-polizei","15":"tag-unfallflucht","16":"tag-verkehrsunfall"},"share_on_mastodon":{"url":"https:\/\/pubeurope.com\/@de\/115701160105445163","error":""},"_links":{"self":[{"href":"https:\/\/www.europesays.com\/de\/wp-json\/wp\/v2\/posts\/639225","targetHints":{"allow":["GET"]}}],"collection":[{"href":"https:\/\/www.europesays.com\/de\/wp-json\/wp\/v2\/posts"}],"about":[{"href":"https:\/\/www.europesays.com\/de\/wp-json\/wp\/v2\/types\/post"}],"author":[{"embeddable":true,"href":"https:\/\/www.europesays.com\/de\/wp-json\/wp\/v2\/users\/2"}],"replies":[{"embeddable":true,"href":"https:\/\/www.europesays.com\/de\/wp-json\/wp\/v2\/comments?post=639225"}],"version-history":[{"count":0,"href":"https:\/\/www.europesays.com\/de\/wp-json\/wp\/v2\/posts\/639225\/revisions"}],"wp:featuredmedia":[{"embeddable":true,"href":"https:\/\/www.europesays.com\/de\/wp-json\/wp\/v2\/media\/639226"}],"wp:attachment":[{"href":"https:\/\/www.europesays.com\/de\/wp-json\/wp\/v2\/media?parent=639225"}],"wp:term":[{"taxonomy":"category","embeddable":true,"href":"https:\/\/www.europesays.com\/de\/wp-json\/wp\/v2\/categories?post=639225"},{"taxonomy":"post_tag","embeddable":true,"href":"https:\/\/www.europesays.com\/de\/wp-json\/wp\/v2\/tags?post=639225"}],"curies":[{"name":"wp","href":"https:\/\/api.w.org\/{rel}","templated":true}]}}