{"id":639229,"date":"2025-12-11T13:26:24","date_gmt":"2025-12-11T13:26:24","guid":{"rendered":"https:\/\/www.europesays.com\/de\/639229\/"},"modified":"2025-12-11T13:26:24","modified_gmt":"2025-12-11T13:26:24","slug":"weihnachtsbaumverkauf-am-duisburg-live","status":"publish","type":"post","link":"https:\/\/www.europesays.com\/de\/639229\/","title":{"rendered":"Weihnachtsbaumverkauf am &#8211; Duisburg Live"},"content":{"rendered":"<p>Auch in diesem Jahr setzt sich der gemeinn\u00fctzige Verein &#8222;Gemeinsam gegen K\u00e4lte Duisburg e.V.&#8220; mit einem Weihnachtsbaumverkauf f\u00fcr die Unterst\u00fctzung wohnungsloser Menschen in Duisburg ein<\/p>\n<p>Am Freitag, 12. Dezember, startet ab 10.30 Uhr der Verkauf auf dem Friedrich-Wilhelm-Platz in der Innenstadt. Er endet am Sonntag, 21. Dezember. Neben zahlreichen helfenden H\u00e4nden des Vereins sind mit dabei: der Kinderschulchor der katholischen Grundschule Goldstra\u00dfe, Bezirksb\u00fcrgermeisterin Sabrina Whitley und die Bezirksverwaltung Mitte.\u00a0<\/p>\n<p>Der Erl\u00f6s aus dem Baumverkauf kommt ausschlie\u00dflich der Betreuung und Beratung von Menschen, die von Wohnungslosigkeit bedroht sind, zugute.\u00a0<\/p>\n<p>\u201eGemeinsam gegen K\u00e4lte Duisburg e.V.\u201c wurde 1998 von Duisburger B\u00fcrgern gegr\u00fcndet. Der Verein setzt sich f\u00fcr Menschen ein, die an den Rand unserer Gesellschaft geraten sind und Hilfe ben\u00f6tigen. Er unterst\u00fctzt Betroffene im gesamten Stadtgebiet ganzj\u00e4hrig mit Beratungen, medizinischer und materieller Hilfe.\u00a0<\/p>\n<p>Weitere Informationen gibt es bei der Bezirksverwaltung Mitte oder \u00fcber den Verein an: gemeinsam-gegen-kaelte-duisburg@menschen-hilfe.de bzw. bza.mitte@stadt-duisburg.de<\/p>\n<p>                                Bildnachweis<\/p>\n<p class=\"image-licence\">\n                                Adobe Stock\n                            <\/p>\n","protected":false},"excerpt":{"rendered":"Auch in diesem Jahr setzt sich der gemeinn\u00fctzige Verein &#8222;Gemeinsam gegen K\u00e4lte Duisburg e.V.&#8220; mit einem Weihnachtsbaumverkauf f\u00fcr&hellip;\n","protected":false},"author":2,"featured_media":639230,"comment_status":"","ping_status":"","sticky":false,"template":"","format":"standard","meta":{"footnotes":""},"categories":[1838],"tags":[3364,29,3715,30,1209],"class_list":{"0":"post-639229","1":"post","2":"type-post","3":"status-publish","4":"format-standard","5":"has-post-thumbnail","7":"category-duisburg","8":"tag-de","9":"tag-deutschland","10":"tag-duisburg","11":"tag-germany","12":"tag-nordrhein-westfalen"},"share_on_mastodon":{"url":"https:\/\/pubeurope.com\/@de\/115701165817822157","error":""},"_links":{"self":[{"href":"https:\/\/www.europesays.com\/de\/wp-json\/wp\/v2\/posts\/639229","targetHints":{"allow":["GET"]}}],"collection":[{"href":"https:\/\/www.europesays.com\/de\/wp-json\/wp\/v2\/posts"}],"about":[{"href":"https:\/\/www.europesays.com\/de\/wp-json\/wp\/v2\/types\/post"}],"author":[{"embeddable":true,"href":"https:\/\/www.europesays.com\/de\/wp-json\/wp\/v2\/users\/2"}],"replies":[{"embeddable":true,"href":"https:\/\/www.europesays.com\/de\/wp-json\/wp\/v2\/comments?post=639229"}],"version-history":[{"count":0,"href":"https:\/\/www.europesays.com\/de\/wp-json\/wp\/v2\/posts\/639229\/revisions"}],"wp:featuredmedia":[{"embeddable":true,"href":"https:\/\/www.europesays.com\/de\/wp-json\/wp\/v2\/media\/639230"}],"wp:attachment":[{"href":"https:\/\/www.europesays.com\/de\/wp-json\/wp\/v2\/media?parent=639229"}],"wp:term":[{"taxonomy":"category","embeddable":true,"href":"https:\/\/www.europesays.com\/de\/wp-json\/wp\/v2\/categories?post=639229"},{"taxonomy":"post_tag","embeddable":true,"href":"https:\/\/www.europesays.com\/de\/wp-json\/wp\/v2\/tags?post=639229"}],"curies":[{"name":"wp","href":"https:\/\/api.w.org\/{rel}","templated":true}]}}