{"id":639233,"date":"2025-12-11T13:28:11","date_gmt":"2025-12-11T13:28:11","guid":{"rendered":"https:\/\/www.europesays.com\/de\/639233\/"},"modified":"2025-12-11T13:28:11","modified_gmt":"2025-12-11T13:28:11","slug":"pol-mfr-1162-versammlungsgeschehen-in-nuernberg-am-12-12-2025-verkehrslagemeldung","status":"publish","type":"post","link":"https:\/\/www.europesays.com\/de\/639233\/","title":{"rendered":"POL-MFR: (1162) Versammlungsgeschehen in N\u00fcrnberg am 12.12.2025 &#8211; Verkehrslagemeldung"},"content":{"rendered":"<p class=\"date\">11.12.2025 \u2013 14:25<\/p>\n<p class=\"customer\">\n                        <a class=\"story-customer\" title=\"weiter zum newsroom von Polizeipr\u00e4sidium Mittelfranken\" href=\"https:\/\/www.presseportal.de\/blaulicht\/nr\/6013\" rel=\"nofollow noopener\" target=\"_blank\">Polizeipr\u00e4sidium Mittelfranken<\/a>\n                    <\/p>\n<p><a data-category=\"citylink-story-view\" data-action=\"click\" data-label=\"Citylink in Meldungsansicht\" class=\"story-city event-trigger\" href=\"https:\/\/www.presseportal.de\/regional\/N%FCrnberg\" title=\"News aus N\u00fcrnberg \" rel=\"nofollow noopener\" target=\"_blank\">N\u00fcrnberg<\/a> (ots)<\/p>\n<p>Am Freitag (12.12.2025) findet im Stadtgebiet N\u00fcrnberg eine Versammlung mit Aufzug statt. Verkehrsteilnehmer m\u00fcssen sich auf entsprechende Behinderungen einstellen.<\/p>\n<p>Die Demonstration wird sich im Zeitraum zwischen 15:30 Uhr und 17:15 Uhr entlang folgender Wegstrecke bewegen:<\/p>\n<p>Rosenaupark &#8211; Bleichstra\u00dfe &#8211; B\u00e4renschanzstra\u00dfe &#8211; Roonstra\u00dfe &#8211; F\u00fcrther Stra\u00dfe &#8211; Kernstra\u00dfe &#8211; Volprechtstra\u00dfe &#8211; M\u00fcllnerstra\u00dfe &#8211; Veit-Sto\u00df-Platz<\/p>\n<p>Im Umfeld dieser Route kann es zu Verkehrssperren und entsprechenden Behinderungen f\u00fcr den Fahrzeugverkehr kommen. Verkehrsteilnehmer werden gebeten, die Weisungen der eingesetzten Polizeibeamten zu beachten und den Bereich zur genannten Zeit m\u00f6glichst zu umfahren.<\/p>\n<p>Erstellt durch: Michael Konrad<\/p>\n<p class=\"contact-headline\">R\u00fcckfragen bitte an:<\/p>\n<p class=\"contact-text\">Polizeipr\u00e4sidium Mittelfranken<br \/>Pr\u00e4sidialb\u00fcro &#8211; Pressestelle<br \/>Richard-Wagner-Platz 1<br \/>D-90443 N\u00fcrnberg<br \/>E-Mail: <a href=\"https:\/\/www.presseportal.de\/blaulicht\/pm\/6013\/mailto: pp-mfr.pressestelle@polizei.bayern.de\" class=\"uri-mailto\" rel=\"nofollow noopener\" target=\"_blank\"> pp-mfr.pressestelle@polizei.bayern.de<\/a><\/p>\n<p>Erreichbarkeiten:<br \/>Montag bis Donnerstag<br \/>07:00 bis 16:00 Uhr<br \/>Freitag<br \/>07:00 bis 15:00 Uhr<br \/>Sonntag<br \/>11:00 bis 14:00 Uhr<\/p>\n<p>Telefon: +49 (0)911 2112 1030<\/p>\n<p>Au\u00dferhalb der B\u00fcrozeiten:<\/p>\n<p>Telefon: +49 (0)911 2112 1553<\/p>\n<p>Die Pressestelle des Polizeipr\u00e4sidiums Mittelfranken im Internet:<br \/><a target=\"_blank\" class=\"uri-ext outbound\" rel=\"noopener nofollow\" href=\"http:\/\/ots.de\/P4TQ8h\">http:\/\/ots.de\/P4TQ8h<\/a><\/p>\n<p class=\"originator\">Original-Content von: Polizeipr\u00e4sidium Mittelfranken, \u00fcbermittelt durch news aktuell<\/p>\n","protected":false},"excerpt":{"rendered":"11.12.2025 \u2013 14:25 Polizeipr\u00e4sidium Mittelfranken N\u00fcrnberg (ots) Am Freitag (12.12.2025) findet im Stadtgebiet N\u00fcrnberg eine Versammlung mit Aufzug&hellip;\n","protected":false},"author":2,"featured_media":386213,"comment_status":"","ping_status":"","sticky":false,"template":"","format":"standard","meta":{"footnotes":""},"categories":[1837],"tags":[772,2918,3364,29,30,177,3783,121,178,180,179,181],"class_list":{"0":"post-639233","1":"post","2":"type-post","3":"status-publish","4":"format-standard","5":"has-post-thumbnail","7":"category-nuernberg","8":"tag-bayern","9":"tag-by","10":"tag-de","11":"tag-deutschland","12":"tag-germany","13":"tag-kriminalitt","14":"tag-nuernberg","15":"tag-polizei","16":"tag-presse","17":"tag-pressemeldung","18":"tag-pressemitteilung","19":"tag-pressemitteilungen"},"share_on_mastodon":{"url":"https:\/\/pubeurope.com\/@de\/115701173894246810","error":""},"_links":{"self":[{"href":"https:\/\/www.europesays.com\/de\/wp-json\/wp\/v2\/posts\/639233","targetHints":{"allow":["GET"]}}],"collection":[{"href":"https:\/\/www.europesays.com\/de\/wp-json\/wp\/v2\/posts"}],"about":[{"href":"https:\/\/www.europesays.com\/de\/wp-json\/wp\/v2\/types\/post"}],"author":[{"embeddable":true,"href":"https:\/\/www.europesays.com\/de\/wp-json\/wp\/v2\/users\/2"}],"replies":[{"embeddable":true,"href":"https:\/\/www.europesays.com\/de\/wp-json\/wp\/v2\/comments?post=639233"}],"version-history":[{"count":0,"href":"https:\/\/www.europesays.com\/de\/wp-json\/wp\/v2\/posts\/639233\/revisions"}],"wp:featuredmedia":[{"embeddable":true,"href":"https:\/\/www.europesays.com\/de\/wp-json\/wp\/v2\/media\/386213"}],"wp:attachment":[{"href":"https:\/\/www.europesays.com\/de\/wp-json\/wp\/v2\/media?parent=639233"}],"wp:term":[{"taxonomy":"category","embeddable":true,"href":"https:\/\/www.europesays.com\/de\/wp-json\/wp\/v2\/categories?post=639233"},{"taxonomy":"post_tag","embeddable":true,"href":"https:\/\/www.europesays.com\/de\/wp-json\/wp\/v2\/tags?post=639233"}],"curies":[{"name":"wp","href":"https:\/\/api.w.org\/{rel}","templated":true}]}}