{"id":639236,"date":"2025-12-11T13:30:46","date_gmt":"2025-12-11T13:30:46","guid":{"rendered":"https:\/\/www.europesays.com\/de\/639236\/"},"modified":"2025-12-11T13:30:46","modified_gmt":"2025-12-11T13:30:46","slug":"brandstiftung-in-grundschule-in-hannover-13-jaehriger-unter-verdacht","status":"publish","type":"post","link":"https:\/\/www.europesays.com\/de\/639236\/","title":{"rendered":"Brandstiftung in Grundschule in Hannover: 13-J\u00e4hriger unter Verdacht"},"content":{"rendered":"<p>        <img decoding=\"async\" src=\"https:\/\/www.europesays.com\/de\/wp-content\/uploads\/2025\/12\/grundschule-156.webp\" alt=\"Ein Gro\u00dfbrand hat Teile von einer Grundschule in Hannover zerst\u00f6rt.\" title=\"Ein Gro\u00dfbrand hat Teile von einer Grundschule in Hannover zerst\u00f6rt. | dpa\/Kilian Genius\" class=\"responsive\"\/><\/p>\n<p>\n            Stand: 11.12.2025 13:11 Uhr<\/p>\n<p class=\"preface\">Ein 13-J\u00e4hriger soll f\u00fcr die Brandstiftung an der Grundschule in Hannover-Mittelfeld verantwortlich sein, wie die Staatsanwaltschaft dem NDR Niedersachsen best\u00e4tigte. Teile der Schule sind abgebrannt.<\/p>\n<p class=\"\">Wie die Ermittler dem 13-J\u00e4hrigen auf die Spur gekommen sind, sagte die Sprecherin der Staatsanwaltschaft &#8222;aus ermittlungstaktischen Gr\u00fcnden&#8220; nicht. Ob es sich bei dem Verd\u00e4chtigen um einen ehemaligen Sch\u00fcler der Grundschule in der Beuthener Stra\u00dfe handelt, werde gepr\u00fcft. Das Motiv: unklar. Das Feuer hatte Ende November <a href=\"https:\/\/www.ndr.de\/nachrichten\/niedersachsen\/hannover_weser-leinegebiet\/grossbrand-in-grundschule-in-hannover-teile-des-dachs-eingestuerzt,schulbrand-100.html\" title=\"Gro\u00dfbrand in Grundschule in Hannover - Teile des Dachs eingest\u00fcrzt\" target=\"_blank\" rel=\"noopener\">Teile der Schule<\/a> im Stadtteil Mittelfeld zerst\u00f6rt. Ein Gutachter geht von mindestens zwei Millionen Euro Schaden aus. Die Ermittler waren sehr schnell sicher, dass der Brand vors\u00e4tzlich gelegt wurde.<\/p>\n<p>        <img decoding=\"async\" src=\"https:\/\/www.europesays.com\/de\/wp-content\/uploads\/2025\/12\/grundschule-138.webp\" alt=\"Blick auf den ausgebrannten Geb\u00e4udetrakt einer Grundschule.\" title=\"Blick auf den ausgebrannten Geb\u00e4udetrakt einer Grundschule. | Nord-West-Media TV\" class=\"responsive\" loading=\"lazy\"\/><\/p>\n<p>\n                                    1 Min<\/p>\n<p>Ein Dach ist eingest\u00fcrzt, die Aula ist zerst\u00f6rt. Wann wieder Unterricht stattfinden kann, ist unklar.<\/p>\n<p>    Sch\u00fcler und Lehrer kommen in Kronsberg unter<\/p>\n<p class=\"\"><a href=\"https:\/\/www.ndr.de\/nachrichten\/niedersachsen\/hannover_weser-leinegebiet\/von-80-auf-430-kinder-schule-in-hannover-ploetzlich-voll,feuergrundschule-100.html\" title=\"Von 80 auf 430 Kinder - Schule in Hannover pl\u00f6tzlich voll\" target=\"_blank\" rel=\"noopener\">Sch\u00fcler und Lehrkr\u00e4fte<\/a> sind seit Montag in der <a href=\"https:\/\/www.ndr.de\/nachrichten\/niedersachsen\/hannover_weser-leinegebiet\/nach-brand-in-grundschule-unterricht-startet-in-ausweich-raeumen,grundschule-158.html\" title=\"Nach Brand in Grundschule: Unterricht startet in Ausweich-R\u00e4umen\" target=\"_blank\" rel=\"noopener\">K\u00e4the-Paulus-Schule am Kronsberg<\/a> untergebracht &#8211; mindestens bis zu den Sommerferien. Wie es danach weitergeht, ist unklar. Die Instandsetzungs- und Sanierungsarbeiten des denkmalgesch\u00fctzten Schulgeb\u00e4udes k\u00f6nnten der Stadt Hannover zufolge mehrere Jahre dauern. Teile der Dachkonstruktion sind eingest\u00fcrzt, andere zumindest einsturzgef\u00e4hrdet. Zudem hatte L\u00f6schwasser Flure besch\u00e4digt.<\/p>\n<p>        <img decoding=\"async\" src=\"https:\/\/www.europesays.com\/de\/wp-content\/uploads\/2025\/12\/grundschule-160.webp\" alt=\"An einer Garderobe sind Jacken und Schulranzen zu sehen (Symbolbild Grundschule).\" title=\"An einer Garderobe sind Jacken und Schulranzen zu sehen (Symbolbild Grundschule). | picture alliance, SZ Photo, Robert Haas\" class=\"responsive\" loading=\"lazy\"\/><\/p>\n<p>350 Kinder werden nun in Hannover-Bemerode statt in Mittelfeld unterrichtet. Ein Bus-Shuttle bringt sie zu der Schule.<\/p>\n<p>        <img decoding=\"async\" src=\"https:\/\/www.europesays.com\/de\/wp-content\/uploads\/2025\/12\/1765459836_36_feuergrundschule-102.webp\" alt=\"Zwei Frauen und ein Mann tragen Kartons.\" title=\"Kartons schleppen: Schulleiter Martin Preisigke und Schulleiterin Kathrin Bennigsen packen mit an. | NDR, Gino Egbers\" class=\"responsive\" loading=\"lazy\"\/><\/p>\n<p>Nach dem Feuer in einer Grundschule nimmt eine benachbarte Einrichtung Kinder und Lehrkr\u00e4fte auf. Ein echter &#8222;Gl\u00fccksfall&#8220;.<\/p>\n<p>        <img decoding=\"async\" src=\"https:\/\/www.europesays.com\/de\/wp-content\/uploads\/2025\/12\/grundschule-148.webp\" alt=\"Blick auf den ausgebrannten Geb\u00e4udetrakt einer Grundschule.\" title=\"Blick auf den ausgebrannten Geb\u00e4udetrakt einer Grundschule. | Nord-West-Media TV\" class=\"responsive\" loading=\"lazy\"\/><\/p>\n<p>Ab Montag findet der Unterricht in einer anderen Schule statt. Die Polizei geht von Brandstiftung aus.<\/p>\n<p>        <img decoding=\"async\" src=\"https:\/\/www.europesays.com\/de\/wp-content\/uploads\/2025\/12\/schule-346.webp\" alt=\"Eine riesige Rauchwolke ist \u00fcber einem brennenden Schulgeb\u00e4ude zu sehen.\" title=\"Eine riesige Rauchwolke ist \u00fcber einem brennenden Schulgeb\u00e4ude zu sehen. | Nord-West-Media TV\" class=\"responsive\" loading=\"lazy\"\/><\/p>\n<p>Der Geb\u00e4udetrakt, in dem die Aula liegt, wurde komplett zerst\u00f6rt. 130 Feuerwehrleute waren bis in die Nacht im Einsatz.<\/p>\n<p>        <img decoding=\"async\" src=\"https:\/\/www.europesays.com\/de\/wp-content\/uploads\/2025\/12\/podcastbild800.webp\" alt=\"Ein Mann in rotem Pullover und eine Frau in Feuerwehruniform mit Helm stehen vor einem roten Feuerwehrauto mit Blaulicht und Rauch im Hintergrund.\" title=\"Ein Mann in rotem Pullover und eine Frau in Feuerwehruniform mit Helm stehen vor einem roten Feuerwehrauto mit Blaulicht und Rauch im Hintergrund. | NDR, Andrea Seifert\" class=\"responsive\" loading=\"lazy\"\/><\/p>\n<p>In der ARD Audiothek h\u00f6ren Sie die neuesten Folgen des NDR Feuerwehrpodcasts Mein Einsatz zuerst.<\/p>\n<p>        <img decoding=\"async\" src=\"https:\/\/www.europesays.com\/de\/wp-content\/uploads\/2025\/12\/feuerwehr4812.webp\" alt=\"Eine Einsatzkraft der Feuerwehr steht neben einem Einsatzfahrzeug der Feuerwehr.\" title=\"Eine Einsatzkraft der Feuerwehr steht neben einem Einsatzfahrzeug der Feuerwehr. | picture alliance\/dpa , Marijan Murat\" class=\"responsive\" loading=\"lazy\"\/><\/p>\n<p>Br\u00e4nde l\u00f6schen, Leben retten, Hilfe leisten &#8211; wie funktioniert die Feuerwehr? Antworten auf h\u00e4ufig gestellte Fragen.<\/p>\n<p>        <img decoding=\"async\" src=\"https:\/\/www.europesays.com\/de\/wp-content\/uploads\/2025\/12\/feuerwehr4844.webp\" alt=\"Das Bild zeigt eine Feuerwehrfrau im Einsatz.\" title=\"Das Bild zeigt eine Feuerwehrfrau im Einsatz. | NDR\" class=\"responsive\" loading=\"lazy\"\/><\/p>\n<p>Packende Eins\u00e4tze, mutige Rettungen und starkes Ehrenamt &#8211; eintauchen in die Welt der Feuerwehr.<\/p>\n<p>Dieses Thema im Programm:<\/p>\n<p>                NDR 1 Niedersachsen | Aktuell | 11.12.2025 | 13:00 Uhr<\/p>\n","protected":false},"excerpt":{"rendered":"Stand: 11.12.2025 13:11 Uhr Ein 13-J\u00e4hriger soll f\u00fcr die Brandstiftung an der Grundschule in Hannover-Mittelfeld verantwortlich sein, wie&hellip;\n","protected":false},"author":2,"featured_media":617610,"comment_status":"","ping_status":"","sticky":false,"template":"","format":"standard","meta":{"footnotes":""},"categories":[1836],"tags":[5871,92397,2919,4852,3364,29,987,985,30,46,11455,1411,28424],"class_list":{"0":"post-639236","1":"post","2":"type-post","3":"status-publish","4":"format-standard","5":"has-post-thumbnail","7":"category-hannover","8":"tag-grundschule","9":"tag-13-jaehriger","10":"tag-brand","11":"tag-brandstiftung","12":"tag-de","13":"tag-deutschland","14":"tag-feuer","15":"tag-feuerwehr","16":"tag-germany","17":"tag-hannover","18":"tag-mittelfeld","19":"tag-niedersachsen","20":"tag-staatsanwaltschaft-hannover"},"share_on_mastodon":{"url":"https:\/\/pubeurope.com\/@de\/115701183004221018","error":""},"_links":{"self":[{"href":"https:\/\/www.europesays.com\/de\/wp-json\/wp\/v2\/posts\/639236","targetHints":{"allow":["GET"]}}],"collection":[{"href":"https:\/\/www.europesays.com\/de\/wp-json\/wp\/v2\/posts"}],"about":[{"href":"https:\/\/www.europesays.com\/de\/wp-json\/wp\/v2\/types\/post"}],"author":[{"embeddable":true,"href":"https:\/\/www.europesays.com\/de\/wp-json\/wp\/v2\/users\/2"}],"replies":[{"embeddable":true,"href":"https:\/\/www.europesays.com\/de\/wp-json\/wp\/v2\/comments?post=639236"}],"version-history":[{"count":0,"href":"https:\/\/www.europesays.com\/de\/wp-json\/wp\/v2\/posts\/639236\/revisions"}],"wp:featuredmedia":[{"embeddable":true,"href":"https:\/\/www.europesays.com\/de\/wp-json\/wp\/v2\/media\/617610"}],"wp:attachment":[{"href":"https:\/\/www.europesays.com\/de\/wp-json\/wp\/v2\/media?parent=639236"}],"wp:term":[{"taxonomy":"category","embeddable":true,"href":"https:\/\/www.europesays.com\/de\/wp-json\/wp\/v2\/categories?post=639236"},{"taxonomy":"post_tag","embeddable":true,"href":"https:\/\/www.europesays.com\/de\/wp-json\/wp\/v2\/tags?post=639236"}],"curies":[{"name":"wp","href":"https:\/\/api.w.org\/{rel}","templated":true}]}}