{"id":639237,"date":"2025-12-11T13:32:20","date_gmt":"2025-12-11T13:32:20","guid":{"rendered":"https:\/\/www.europesays.com\/de\/639237\/"},"modified":"2025-12-11T13:32:20","modified_gmt":"2025-12-11T13:32:20","slug":"in-hannover-13-jaehriger-nach-brand-an-grundschule-unter-verdacht-panorama","status":"publish","type":"post","link":"https:\/\/www.europesays.com\/de\/639237\/","title":{"rendered":"In Hannover &#8211; 13-J\u00e4hriger nach Brand an Grundschule unter Verdacht &#8211; Panorama"},"content":{"rendered":"<p data-manual=\"paragraph\" data-schema-org-speakable=\"true\" class=\"css-1eosz7k\">Hannover (dpa\/lni) &#8211; Nach dem Brand an einer Grundschule in Hannover steht ein 13-J\u00e4hriger unter Verdacht. Das teilte die Staatsanwaltschaft mit. Zu einem m\u00f6glichen Motiv oder der Verbindung des Jungen zu der <a href=\"https:\/\/www.sueddeutsche.de\/thema\/Schule\" rel=\"nofollow noopener\" target=\"_blank\">Schule<\/a> machten die Ermittler zun\u00e4chst keine Angaben. Es handele sich um eine strafunm\u00fcndige Person, erkl\u00e4rte eine Sprecherin.<\/p>\n<p data-manual=\"paragraph\" data-schema-org-speakable=\"true\" class=\"css-1eosz7k\">Das Feuer an der Schule war vor anderthalb Wochen am 30. November ausgebrochen. Am Tatort gefundene Spuren und Brandmuster sprachen laut fr\u00fcheren Angaben der Polizei f\u00fcr Brandstiftung. Laut einem Gutachten entstand ein Schaden von rund zwei Millionen Euro.<\/p>\n<p>Unterricht vier Kilometer entfernt<\/p>\n<p data-manual=\"paragraph\" data-schema-org-speakable=\"true\" class=\"css-1eosz7k\">Teile des Daches sind nach Angaben der Stadt eingest\u00fcrzt, weitere Teile einsturzgef\u00e4hrdet. Das Feuer zerst\u00f6rte die Aula, angrenzende Flure sowie Teile des Ganztagsbereichs und die Sanit\u00e4ranlagen. Das Geb\u00e4ude ist vorerst nicht nutzbar.<\/p>\n<p data-manual=\"paragraph\" data-schema-org-speakable=\"true\" class=\"css-1eosz7k\">Die 370 Sch\u00fclerinnen und Sch\u00fcler werden seit dieser Woche in einer vier Kilometer entfernten Schule unterrichtet. Busse bringen sie dorthin. Bis mindestens zu den Sommerferien sollen sie dort unterrichtet werden.<\/p>\n<p data-manual=\"paragraph\" data-schema-org-speakable=\"true\" class=\"css-1eosz7k\">\u00a9 dpa-infocom, dpa:251211-930-410627\/1<\/p>\n","protected":false},"excerpt":{"rendered":"Hannover (dpa\/lni) &#8211; Nach dem Brand an einer Grundschule in Hannover steht ein 13-J\u00e4hriger unter Verdacht. Das teilte&hellip;\n","protected":false},"author":2,"featured_media":639238,"comment_status":"","ping_status":"","sticky":false,"template":"","format":"standard","meta":{"footnotes":""},"categories":[1836],"tags":[986,150681,3364,29,987,30,46,1114,1584,150682,1411,1974,966,149],"class_list":{"0":"post-639237","1":"post","2":"type-post","3":"status-publish","4":"format-standard","5":"has-post-thumbnail","7":"category-hannover","8":"tag-braende","9":"tag-brandort-grundschule-beuthener-strasse","10":"tag-de","11":"tag-deutschland","12":"tag-feuer","13":"tag-germany","14":"tag-hannover","15":"tag-kinder","16":"tag-kriminalitaet","17":"tag-neuer-unterrichtsort-kaethe-paulus-schule-hannover","18":"tag-niedersachsen","19":"tag-panorama","20":"tag-schule","21":"tag-sueddeutsche-zeitung"},"share_on_mastodon":{"url":"https:\/\/pubeurope.com\/@de\/115701189503259921","error":""},"_links":{"self":[{"href":"https:\/\/www.europesays.com\/de\/wp-json\/wp\/v2\/posts\/639237","targetHints":{"allow":["GET"]}}],"collection":[{"href":"https:\/\/www.europesays.com\/de\/wp-json\/wp\/v2\/posts"}],"about":[{"href":"https:\/\/www.europesays.com\/de\/wp-json\/wp\/v2\/types\/post"}],"author":[{"embeddable":true,"href":"https:\/\/www.europesays.com\/de\/wp-json\/wp\/v2\/users\/2"}],"replies":[{"embeddable":true,"href":"https:\/\/www.europesays.com\/de\/wp-json\/wp\/v2\/comments?post=639237"}],"version-history":[{"count":0,"href":"https:\/\/www.europesays.com\/de\/wp-json\/wp\/v2\/posts\/639237\/revisions"}],"wp:featuredmedia":[{"embeddable":true,"href":"https:\/\/www.europesays.com\/de\/wp-json\/wp\/v2\/media\/639238"}],"wp:attachment":[{"href":"https:\/\/www.europesays.com\/de\/wp-json\/wp\/v2\/media?parent=639237"}],"wp:term":[{"taxonomy":"category","embeddable":true,"href":"https:\/\/www.europesays.com\/de\/wp-json\/wp\/v2\/categories?post=639237"},{"taxonomy":"post_tag","embeddable":true,"href":"https:\/\/www.europesays.com\/de\/wp-json\/wp\/v2\/tags?post=639237"}],"curies":[{"name":"wp","href":"https:\/\/api.w.org\/{rel}","templated":true}]}}