{"id":639260,"date":"2025-12-11T13:45:14","date_gmt":"2025-12-11T13:45:14","guid":{"rendered":"https:\/\/www.europesays.com\/de\/639260\/"},"modified":"2025-12-11T13:45:14","modified_gmt":"2025-12-11T13:45:14","slug":"ob-nopper-zur-lea-weilimdorf-wir-haben-das-bestmoegliche-aus-der-situation-gemacht","status":"publish","type":"post","link":"https:\/\/www.europesays.com\/de\/639260\/","title":{"rendered":"OB Nopper zur LEA Weilimdorf: \u201eWir haben das Bestm\u00f6gliche aus der Situation gemacht&#8220;"},"content":{"rendered":"<p>In Verhandlungen erreichte die Stadt zus\u00e4tzliche Sicherheitsma\u00dfnahmen wie Zaun, Polizeiwache, Sicherheitsdienst und Streetworker. Nopper h\u00e4lt Stuttgart weiter f\u00fcr ungeeignet.<\/p>\n<p>Oberb\u00fcrgermeister Dr. Frank Nopper nimmt die Entscheidung des baden-w\u00fcrttembergischen Ministerrats, eine Landeserstaufnahmeeinrichtung (LEA) f\u00fcr Gefl\u00fcchtete in Stuttgart-Weilimdorf zu errichten, zum Anlass, um Folgendes klarzustellen: \u201eDie Stadt hat von Rechts wegen keinen Einfluss auf die Standortentscheidung des Landes in Sachen Landeserstaufnahmeeinrichtungen. Die Standortentscheidung trifft vielmehr das Ministerium der Justiz und f\u00fcr Migration des Landes Baden-W\u00fcrttemberg, ohne dass die Landeshauptstadt Stuttgart hieran irgendetwas \u00e4ndern k\u00f6nnte.\u201c<\/p>\n","protected":false},"excerpt":{"rendered":"In Verhandlungen erreichte die Stadt zus\u00e4tzliche Sicherheitsma\u00dfnahmen wie Zaun, Polizeiwache, Sicherheitsdienst und Streetworker. Nopper h\u00e4lt Stuttgart weiter f\u00fcr&hellip;\n","protected":false},"author":2,"featured_media":4018,"comment_status":"","ping_status":"","sticky":false,"template":"","format":"standard","meta":{"footnotes":""},"categories":[1830],"tags":[142913,1634,3364,29,5249,12241,30,140939,10261,88933,1009,150684,3931,31034,1441,150683],"class_list":{"0":"post-639260","1":"post","2":"type-post","3":"status-publish","4":"format-standard","5":"has-post-thumbnail","7":"category-stuttgart","8":"tag-aufklaerungsquote","9":"tag-baden-wuerttemberg","10":"tag-de","11":"tag-deutschland","12":"tag-fluechtlinge","13":"tag-gefluechtete","14":"tag-germany","15":"tag-landeserstaufnahmeeinrichtung","16":"tag-lea","17":"tag-ob-nopper","18":"tag-recht","19":"tag-rechtspflege","20":"tag-sicherheit","21":"tag-sicherheitspartnerschaft","22":"tag-stuttgart","23":"tag-weilimdorf"},"share_on_mastodon":{"url":"https:\/\/pubeurope.com\/@de\/115701240649424658","error":""},"_links":{"self":[{"href":"https:\/\/www.europesays.com\/de\/wp-json\/wp\/v2\/posts\/639260","targetHints":{"allow":["GET"]}}],"collection":[{"href":"https:\/\/www.europesays.com\/de\/wp-json\/wp\/v2\/posts"}],"about":[{"href":"https:\/\/www.europesays.com\/de\/wp-json\/wp\/v2\/types\/post"}],"author":[{"embeddable":true,"href":"https:\/\/www.europesays.com\/de\/wp-json\/wp\/v2\/users\/2"}],"replies":[{"embeddable":true,"href":"https:\/\/www.europesays.com\/de\/wp-json\/wp\/v2\/comments?post=639260"}],"version-history":[{"count":0,"href":"https:\/\/www.europesays.com\/de\/wp-json\/wp\/v2\/posts\/639260\/revisions"}],"wp:featuredmedia":[{"embeddable":true,"href":"https:\/\/www.europesays.com\/de\/wp-json\/wp\/v2\/media\/4018"}],"wp:attachment":[{"href":"https:\/\/www.europesays.com\/de\/wp-json\/wp\/v2\/media?parent=639260"}],"wp:term":[{"taxonomy":"category","embeddable":true,"href":"https:\/\/www.europesays.com\/de\/wp-json\/wp\/v2\/categories?post=639260"},{"taxonomy":"post_tag","embeddable":true,"href":"https:\/\/www.europesays.com\/de\/wp-json\/wp\/v2\/tags?post=639260"}],"curies":[{"name":"wp","href":"https:\/\/api.w.org\/{rel}","templated":true}]}}