{"id":639263,"date":"2025-12-11T13:47:14","date_gmt":"2025-12-11T13:47:14","guid":{"rendered":"https:\/\/www.europesays.com\/de\/639263\/"},"modified":"2025-12-11T13:47:14","modified_gmt":"2025-12-11T13:47:14","slug":"busse-mit-kameras-sollen-falschparker-erfassen","status":"publish","type":"post","link":"https:\/\/www.europesays.com\/de\/639263\/","title":{"rendered":"Busse mit Kameras sollen Falschparker erfassen"},"content":{"rendered":"<p>Pilotprojekt gegen Bus-Blockierer <\/p>\n<p>Frankfurt r\u00fcstet Busse gegen Parks\u00fcnder auf<\/p>\n<p>11.12.2025 &#8211; 14:31 UhrLesedauer: 1 Min.<\/p>\n<p><a href=\"#focus-0\" class=\"transition-colors duration-200 block text-current relative\" data-sctrack=\"FocusGalleryImage.Reference\"><img fetchpriority=\"high\" data-testid=\"Opener.Image\" style=\"--lqipURL:url('https:\/\/images.t-online.de\/2025\/12\/b-Ssa0lDXqvo\/0x107:2048x1152\/fit-in\/150x0\/filters:blur(25)\/so-sieht-die-neue-anti-falschparkerkamera-im-bus-aus-links-im-bild-mobilitaetsdezernent-wolfgang-siefert-gruene.jpg')\"   loading=\"eager\" src=\"https:\/\/www.europesays.com\/de\/wp-content\/uploads\/2025\/12\/so-sieht-die-neue-anti-falschparkerkamera-im-bus-aus-links-im-bild-mobilitaetsdezernent-wolfgang-sie.jpeg\" alt=\"So sieht die neue Anti-Falschparkerkamera im Bus aus. Links im Bild: Mobilit\u00e4tsdezernent Wolfgang Siefert (Gr\u00fcne).\" title=\"So sieht die neue Anti-Falschparkerkamera im Bus aus. Links im Bild: Mobilit\u00e4tsdezernent Wolfgang Siefert (Gr\u00fcne).\" width=\"2048\" height=\"1152\" class=\"bg-[url:var(--lqipURL)] bg-cover bg-center flex h-full w-full max-w-full\" decoding=\"async\"\/><img style=\"--width:32;--height:32\" loading=\"lazy\" src=\"https:\/\/frankfurt.t-online.de\/s\/paper\/_next\/static\/media\/zoom-in.f7dae02f.svg\" alt=\"Vergr\u00f6\u00dfern des Bildes\" title=\"Vergr\u00f6\u00dfern des Bildes\" class=\"block h-[calc(var(--height)_\/_16_*_1rem)] w-[calc(var(--width)_\/_16_*_1rem)] max-w-none absolute bottom-8 right-8 rounded-4 bg-snow p-8\" decoding=\"async\"\/><\/a><\/p>\n<p>So sieht die neue Anti-Falschparkerkamera im Bus aus. Links im Bild: Mobilit\u00e4tsdezernent Wolfgang Siefert (Gr\u00fcne). (Quelle: Helmut Fricke\/dpa)<\/p>\n<p class=\"font-bold text-18 leading-17\">Die Stadt Frankfurt startet ein neues Projekt gegen Verkehrss\u00fcnder im \u00d6PNV. Falschparker auf Busspuren m\u00fcssen mit versch\u00e4rften Kontrollen rechnen.<\/p>\n<p class=\"text-18 leading-17\">Die Stadt Frankfurt und die Verkehrsgesellschaft traffiq haben ein Pilotprojekt zur \u00dcberwachung von Falschparkern auf Busspuren gestartet. Zehn Busse erhalten Frontkameras, die automatisch Fotos von Verkehrss\u00fcndern machen. Damit wollen sie gegen Blockierer von Busspuren vorgehen. <\/p>\n<p class=\"text-18 leading-17\">&#8222;Eine Kamera an der Frontscheibe macht mehrere Fotos; diese gehen automatisiert und nach Anonymisierung Unbeteiligter an die Bu\u00dfgeldstelle&#8220;, erkl\u00e4rten sie beim Vorstellungstermin des Projekts gemeinsam. Bisher habe es eine solche digitale L\u00f6sung f\u00fcr die Fahrerinnen und Fahrer nicht gegeben. Die Kameradaten w\u00fcrden nach der R\u00fcckkehr des Busses in den Betriebshof versendet und gel\u00f6scht. <\/p>\n<p class=\"text-18 leading-17\">Mobilit\u00e4tsdezernent Wolfgang Siefert (Gr\u00fcne) betont: &#8222;Hier geht es nicht darum, eine Verkehrsart gegen die andere auszuspielen, sondern darum, den \u00d6PNV verl\u00e4sslicher zu machen.&#8220;<\/p>\n<p class=\"text-18 leading-17\">Die Kameras kommen vor allem auf den st\u00f6ranf\u00e4lligen Linien M36, M55 und M64 zum Einsatz. Nach der R\u00fcckkehr der Busse in den Betriebshof werden die Daten versendet und gel\u00f6scht.<\/p>\n<p class=\"text-18 leading-17\">Der Testbetrieb soll in den kommenden Tagen beginnen und zun\u00e4chst bis Ende 2026 laufen. Ab Mitte 2026 plant die Stadt, auch Stra\u00dfenbahnen mit Kameras auszustatten.<\/p>\n<p class=\"text-18 leading-17\">traffiq-Gesch\u00e4ftsf\u00fchrer Tom Reinhold erkl\u00e4rt: &#8222;Wir haben die Erwartung, dass durch die abschreckende Ma\u00dfnahme die Disziplin im Miteinander auf den Stra\u00dfen zunimmt.&#8220; Das Projekt orientiert sich an einem Test in Wiesbaden, den das dortige Verkehrsunternehmen ESWE seit 2023 durchf\u00fchrt.<\/p>\n","protected":false},"excerpt":{"rendered":"Pilotprojekt gegen Bus-Blockierer Frankfurt r\u00fcstet Busse gegen Parks\u00fcnder auf 11.12.2025 &#8211; 14:31 UhrLesedauer: 1 Min. So sieht die&hellip;\n","protected":false},"author":2,"featured_media":639264,"comment_status":"","ping_status":"","sticky":false,"template":"","format":"standard","meta":{"footnotes":""},"categories":[1829],"tags":[722,17161,35956,29,2050,2051,30,2052,3523,36761,601,71653],"class_list":{"0":"post-639263","1":"post","2":"type-post","3":"status-publish","4":"format-standard","5":"has-post-thumbnail","7":"category-frankfurt-am-main","8":"tag-722","9":"tag-17161","10":"tag-busspur","11":"tag-deutschland","12":"tag-frankfurt","13":"tag-frankfurt-am-main","14":"tag-germany","15":"tag-hessen","16":"tag-kamera","17":"tag-pilotprojekt","18":"tag-verkehr","19":"tag-wolfgang-siefert"},"share_on_mastodon":{"url":"https:\/\/pubeurope.com\/@de\/115701249263071262","error":""},"_links":{"self":[{"href":"https:\/\/www.europesays.com\/de\/wp-json\/wp\/v2\/posts\/639263","targetHints":{"allow":["GET"]}}],"collection":[{"href":"https:\/\/www.europesays.com\/de\/wp-json\/wp\/v2\/posts"}],"about":[{"href":"https:\/\/www.europesays.com\/de\/wp-json\/wp\/v2\/types\/post"}],"author":[{"embeddable":true,"href":"https:\/\/www.europesays.com\/de\/wp-json\/wp\/v2\/users\/2"}],"replies":[{"embeddable":true,"href":"https:\/\/www.europesays.com\/de\/wp-json\/wp\/v2\/comments?post=639263"}],"version-history":[{"count":0,"href":"https:\/\/www.europesays.com\/de\/wp-json\/wp\/v2\/posts\/639263\/revisions"}],"wp:featuredmedia":[{"embeddable":true,"href":"https:\/\/www.europesays.com\/de\/wp-json\/wp\/v2\/media\/639264"}],"wp:attachment":[{"href":"https:\/\/www.europesays.com\/de\/wp-json\/wp\/v2\/media?parent=639263"}],"wp:term":[{"taxonomy":"category","embeddable":true,"href":"https:\/\/www.europesays.com\/de\/wp-json\/wp\/v2\/categories?post=639263"},{"taxonomy":"post_tag","embeddable":true,"href":"https:\/\/www.europesays.com\/de\/wp-json\/wp\/v2\/tags?post=639263"}],"curies":[{"name":"wp","href":"https:\/\/api.w.org\/{rel}","templated":true}]}}