{"id":639269,"date":"2025-12-11T13:50:23","date_gmt":"2025-12-11T13:50:23","guid":{"rendered":"https:\/\/www.europesays.com\/de\/639269\/"},"modified":"2025-12-11T13:50:23","modified_gmt":"2025-12-11T13:50:23","slug":"1-fc-koeln-fieser-kollegen-streich-vorm-derby-bundesliga-profi-muss-auto-freischneiden-sport","status":"publish","type":"post","link":"https:\/\/www.europesays.com\/de\/639269\/","title":{"rendered":"1. FC K\u00f6ln: Fieser Kollegen-Streich vorm Derby: Bundesliga-Profi muss Auto freischneiden | Sport"},"content":{"rendered":"<p><b>Das erlebt man auch nicht alle Tage in der Bundesliga&#8230;<\/b><\/p>\n<p>Zwei Tage vor dem Derby Samstag (18.30 Uhr) in Leverkusen spielten die FC-Profis von Trainer Lukas Kwasniok (44) ihrem Abr\u00e4umer und Mittelfeld-Chef Eric Martel (23) einen fiesen Streich am K\u00f6lner Gei\u00dfbockheim.<\/p>\n<p><b>Am Ende musste Martel seinen Wagen nach dem Geheimtraining im Franz-Kremer-Stadion freischneiden.<\/b><\/p>\n<p>Mehr zum ThemaDienstwagen mit Flatterband eingewickelt<\/p>\n<p><b>Kein Witz! Martel hatte seinen Dienst-Ford vor dem Donnerstag-Training direkt hinter der Spielerschranke neben der Gesch\u00e4ftsstelle geparkt und staunte knapp vier Stunden sp\u00e4ter nicht schlecht, als er frisch geduscht wieder ins Auto steigen und nach Hause fahren wollte.<\/b><\/p>\n<p>Auch interessant<\/p>\n<p>Anzeige<\/p>\n<p>Auch interessant<\/p>\n<p>Anzeige<\/p>\n<p>Martels Wagen war in der Zwischenzeit von oben bis unten und von der Motorhaube bis zum Kofferraum wie ein vorzeitiges Weihnachtsgeschenk mit Flatterband eingewickelt worden \u2013 nat\u00fcrlich passend in den Vereinsfarben Rot und Wei\u00df, wie auch auf Baustellen \u00fcblich.<\/p>\n<p>Die Mannschafts-Kollegen hatten sich den Scherz nach dem Training erlaubt. Nicht die erste Spa\u00df-Aktion beim FC, die zeigt, wie gut der Teamgeist und die Chemie innerhalb der Aufsteiger-Truppe ist. Dazu belegt der K\u00f6ln-Streich, dass die Jungs den Frust \u00fcber das Last-Minute-1:1 zuletzt gegen St. Pauli abgehakt haben.<\/p>\n<p><img decoding=\"async\" width=\"992\" height=\"558\" alt=\"Losfahren geht nicht! Eric Martel (23) wurde nach dem Training vom Kollegen-Streich \u00fcberrascht\" src=\"https:\/\/www.europesays.com\/de\/wp-content\/uploads\/2025\/12\/7648726e2d771230f44cbc60f2437237,70749131\"   class=\"landscape\" loading=\"lazy\"\/><\/p>\n<p class=\"fig__caption__text\">Losfahren geht nicht! Eric Martel (23) wurde nach dem Training vom Kollegen-Streich \u00fcberrascht<\/p>\n<p>Foto: Jan Huebner\/Jan Huebner<\/p>\n<p>Kollegen filmten Martel-Aktion<\/p>\n<p><b>Und Martel? Der nahm es zumindest am Ende mit Humor. Zuvor allerdings musste K\u00f6lns Abr\u00e4umer erstmal wutschnaubend zur\u00fcck in die FC-Gesch\u00e4ftsstelle, um sich eine Schere und weiteres Werkzeug zu holen und machte sich dann so bewaffnet an die Befreiung seines Autos.<\/b><\/p>\n<p>Die ganze Aktion wurde am Ende nicht nur von den Spazierg\u00e4ngern im Gr\u00fcng\u00fcrtel gesehen. Martel wurde auch vom Gel\u00e4chter einiger FC-Mitarbeiter begleitet. Die anderen FC-Profis hielten Martels Auspack-Arie per Handy auf Video fest. Und selbst Sportboss Thomas Kessler (39) schaute zwischendurch verdutzt aus dem Fenster.<\/p>\n<p>Am Ende packte Martel den ganzen Ballen Flatterband in seinen Kofferraum und d\u00fcste ab&#8230;<\/p>\n<p>Perfekter Konter: El Mala einfach wunderbar!<a class=\"anchor video-teaser__anchor\" href=\"https:\/\/www.bild.de\/sport\/fussball\/perfekter-konter-el-mala-einfach-wunderbar-69348d279a8dfe01d71ae25c\" target=\"_blank\" rel=\"noopener\"><img decoding=\"async\" width=\"992\" height=\"558\" alt=\"\" src=\"https:\/\/www.europesays.com\/de\/wp-content\/uploads\/2025\/12\/fafe9578fcf89dcfa49eab93d19cebca-landscape,3a441977\"   class=\"landscape teaser__image\" loading=\"lazy\"\/><\/a><\/p>\n<p>Quelle: BILD\/DFL08.12.2025<\/p>\n","protected":false},"excerpt":{"rendered":"Das erlebt man auch nicht alle Tage in der Bundesliga&#8230; Zwei Tage vor dem Derby Samstag (18.30 Uhr)&hellip;\n","protected":false},"author":2,"featured_media":639270,"comment_status":"","ping_status":"","sticky":false,"template":"","format":"standard","meta":{"footnotes":""},"categories":[1828],"tags":[623,5098,29,538,2460,347,30,1420,20101,1209,819,45],"class_list":{"0":"post-639269","1":"post","2":"type-post","3":"status-publish","4":"format-standard","5":"has-post-thumbnail","7":"category-koeln","8":"tag-1-fc-koeln","9":"tag-derby","10":"tag-deutschland","11":"tag-erste-bundesliga","12":"tag-ford","13":"tag-fussball","14":"tag-germany","15":"tag-koeln","16":"tag-kwasniok-lukas","17":"tag-nordrhein-westfalen","18":"tag-sport-leuchtturm-essen","19":"tag-texttospeech"},"share_on_mastodon":{"url":"https:\/\/pubeurope.com\/@de\/115701261364580761","error":""},"_links":{"self":[{"href":"https:\/\/www.europesays.com\/de\/wp-json\/wp\/v2\/posts\/639269","targetHints":{"allow":["GET"]}}],"collection":[{"href":"https:\/\/www.europesays.com\/de\/wp-json\/wp\/v2\/posts"}],"about":[{"href":"https:\/\/www.europesays.com\/de\/wp-json\/wp\/v2\/types\/post"}],"author":[{"embeddable":true,"href":"https:\/\/www.europesays.com\/de\/wp-json\/wp\/v2\/users\/2"}],"replies":[{"embeddable":true,"href":"https:\/\/www.europesays.com\/de\/wp-json\/wp\/v2\/comments?post=639269"}],"version-history":[{"count":0,"href":"https:\/\/www.europesays.com\/de\/wp-json\/wp\/v2\/posts\/639269\/revisions"}],"wp:featuredmedia":[{"embeddable":true,"href":"https:\/\/www.europesays.com\/de\/wp-json\/wp\/v2\/media\/639270"}],"wp:attachment":[{"href":"https:\/\/www.europesays.com\/de\/wp-json\/wp\/v2\/media?parent=639269"}],"wp:term":[{"taxonomy":"category","embeddable":true,"href":"https:\/\/www.europesays.com\/de\/wp-json\/wp\/v2\/categories?post=639269"},{"taxonomy":"post_tag","embeddable":true,"href":"https:\/\/www.europesays.com\/de\/wp-json\/wp\/v2\/tags?post=639269"}],"curies":[{"name":"wp","href":"https:\/\/api.w.org\/{rel}","templated":true}]}}