{"id":639271,"date":"2025-12-11T13:51:23","date_gmt":"2025-12-11T13:51:23","guid":{"rendered":"https:\/\/www.europesays.com\/de\/639271\/"},"modified":"2025-12-11T13:51:23","modified_gmt":"2025-12-11T13:51:23","slug":"staatsehrenpreis-fuer-baeckerei-konditorei-manhart-aus-landsberg","status":"publish","type":"post","link":"https:\/\/www.europesays.com\/de\/639271\/","title":{"rendered":"Staatsehrenpreis f\u00fcr B\u00e4ckerei-Konditorei Manhart aus Landsberg"},"content":{"rendered":"<ol class=\"id-DonaldBreadcrumb lp_west_breadcrumb id-DonaldBreadcrumb--default\" data-k5a-pos=\"west_breadcrumb\">\n<li class=\"id-Breadcrumb-item\"><a href=\"https:\/\/www.kreisbote.de\/\" class=\"id-Breadcrumb-link\" data-id-ec=\"{\" shn=\"\" textlink=\"\" data-k5a-pos=\"1_kreisboteDe\" rel=\"nofollow noopener\" target=\"_blank\">kreisbote-de<\/a><\/li>\n<li class=\"id-Breadcrumb-item\"><a href=\"https:\/\/www.kreisbote.de\/lokales\/\" class=\"id-Breadcrumb-link\" data-id-ec=\"{\" shn=\"\" textlink=\"\" data-k5a-pos=\"2_lokales\" rel=\"nofollow noopener\" target=\"_blank\">Lokales<\/a><\/li>\n<li class=\"id-Breadcrumb-item\"><a href=\"https:\/\/www.kreisbote.de\/lokales\/landsberg\/\" class=\"id-Breadcrumb-link\" data-id-ec=\"{\" shn=\"\" textlink=\"\" data-k5a-pos=\"3_landsberg\" rel=\"nofollow noopener\" target=\"_blank\">Landsberg<\/a><\/li>\n<\/ol>\n<p class=\"id-Story-timestamp id-Story-timestamp--default\">Stand: 11.12.2025, 12:27 Uhr<\/p>\n<p class=\"id-Story-interactionBar id-Story-interactionBar--default\">DruckenTeilen<\/p>\n<p><img decoding=\"async\" class=\"id-RatioPlaceholder-element wv_story_el_image\" src=\"https:\/\/www.europesays.com\/de\/wp-content\/uploads\/2025\/12\/40785618-staatsehrenpreis-fuer-baeckerei-manhart-2o1yNWWo0e7a.jpg\" loading=\"eager\" fetchpriority=\"high\"   height=\"792\" width=\"1408\" alt=\"Staatsehrenpreis f&#xFC;r B&#xE4;ckerei Manhart\"\/>Bei der Verleihung des Staatsehrenpreises gratulierten Abteilungsleiterin Alexandra Schenk (l.) und Landesinnungsmeister G\u00fcnter Wagner (r.) Michael und Fabian Gerum (v.l.). \u00a9\u00a0Flo Huber\/StMELF<\/p>\n<p class=\"id-StoryElement-leadText\">Handwerkliches Geschick, Fachwissen, Leidenschaft und meisterliches Feingef\u00fchl \u2013 diese und viele andere Qualit\u00e4ten pr\u00e4gen tagt\u00e4glich die Produkte des bayerischen B\u00e4ckerhandwerks. In Vertretung der Ern\u00e4hrungs- und Landwirtschaftsministerin Michaela Kaniber hat Abteilungsleiterin Alexandra Schenk in der M\u00fcnchner Residenz den Staatsehrenpreis f\u00fcr das bayerische B\u00e4ckerhandwerk verliehen. Gemeinsam mit Landesinnungsmeister G\u00fcnter Wagner \u00fcberreichte sie den 20 besten bayerischen B\u00e4ckereien Medaillen und Urkunden. Eine davon ist die B\u00e4ckerei Manhart aus Landsberg.<\/p>\n<p class=\"id-StoryElement-paragraph\">Landsberg &#8211; \u201eMit dem Staatsehrenpreis zeichnen wir die Besten der Besten unter den bayerischen Handwerksb\u00e4ckereien aus. Diese Betriebe stehen f\u00fcr h\u00f6chste Qualit\u00e4t, denn sie veredeln mit gro\u00dfem handwerklichen K\u00f6nnen hervorragende bayerische Rohstoffe zu Spitzenprodukten\u201c, so Ministerin Kaniber in einer Mitteilung anl\u00e4sslich der Ehrung. Und weiter: \u201eDas B\u00e4ckerhandwerk ist systemrelevant und tr\u00e4gt ma\u00dfgeblich zum Erhalt unserer Ern\u00e4hrungssouver\u00e4nit\u00e4t bei. Es ist eine lebendige Tradition, die unsere Kulturlandschaft pr\u00e4gt und die wir f\u00fcr die Zukunft bewahren m\u00fcssen. Wir bedanken uns mit der Auszeichnung f\u00fcr Ihre \u00fcberlebenswichtige hervorragende Arbeit.\u201c<\/p>\n<p>Der Staatsehrenpreis feierte in diesem Jahr 25j\u00e4hriges Jubil\u00e4um; erstmals ausgereicht wurde er im Jahr 2001. Heuer haben sich daf\u00fcr 272 Betriebe aus 42 bayerischen Innungen beworben. Insgesamt reichten die Betriebe 2.419 Brote zur Pr\u00fcfung ein. Der Bayerische Staatsehrenpreis basiert auf den j\u00e4hrlichen Brotpr\u00fcfungen der Innungen und w\u00fcrdigt die hohe Qualit\u00e4t und das handwerkliche K\u00f6nnen der bayerischen B\u00e4cker. Der Landes-Innungsverband f\u00fcr das bayerische B\u00e4ckerhandwerk umfasst derzeit 1.160 Innungsbetriebe, verteilt auf 45 Innungen.<\/p>\n<p class=\"id-StoryElement-paragraph\">Mit dem\u00a0<a href=\"https:\/\/www.kreisbote.de\/ueber-uns\/newsletter-anmeldung\/\" target=\"_blank\" class=\"id-import-Link\" data-id-ec=\"{&quot;sht&quot;:&quot;Container&quot;,&quot;shn&quot;:&quot;Story&quot;,&quot;p&quot;:{&quot;containerType&quot;:&quot;Paragraph&quot;,&quot;displayType&quot;:&quot;Paragraph InlineLink&quot;,&quot;type&quot;:&quot;INLINE_LINK&quot;,&quot;value&quot;:&quot;Kreisbote-Newsletter&quot;,&quot;variant&quot;:&quot;standardLink&quot;,&quot;sponsored&quot;:false,&quot;linkHref&quot;:&quot;https:\/\/www.kreisbote.de\/ueber-uns\/newsletter-anmeldung\/&quot;,&quot;storyElementPosition&quot;:10,&quot;storyElementCount&quot;:10}}\" rel=\"nofollow noopener\">Kreisbote-Newsletter<\/a>\u00a0t\u00e4glich zum Feierabend oder mit der neuen <a href=\"https:\/\/www.kreisbote.de\/multimedia\/mit-kreisboten-app-immer-auf-laufenden-bleiben-8799887.html\" class=\"id-import-Link\" data-id-ec=\"{&quot;sht&quot;:&quot;Container&quot;,&quot;shn&quot;:&quot;Story&quot;,&quot;p&quot;:{&quot;containerType&quot;:&quot;Paragraph&quot;,&quot;displayType&quot;:&quot;Paragraph InlineLink&quot;,&quot;type&quot;:&quot;INLINE_LINK&quot;,&quot;value&quot;:&quot;&#x201E;Kreisbote&#x201C;-App&quot;,&quot;variant&quot;:&quot;standardLink&quot;,&quot;sponsored&quot;:false,&quot;linkHref&quot;:&quot;https:\/\/www.kreisbote.de\/multimedia\/mit-kreisboten-app-immer-auf-laufenden-bleiben-8799887.html&quot;,&quot;storyElementPosition&quot;:10,&quot;storyElementCount&quot;:10}}\" rel=\"nofollow noopener\" target=\"_blank\">\u201eKreisbote\u201c-App<\/a> immer aktuell \u00fcber die wichtigsten Geschichten informiert. <\/p>\n","protected":false},"excerpt":{"rendered":"kreisbote-de Lokales Landsberg Stand: 11.12.2025, 12:27 Uhr DruckenTeilen Bei der Verleihung des Staatsehrenpreises gratulierten Abteilungsleiterin Alexandra Schenk (l.)&hellip;\n","protected":false},"author":2,"featured_media":639272,"comment_status":"","ping_status":"","sticky":false,"template":"","format":"standard","meta":{"footnotes":""},"categories":[1827],"tags":[772,29,30,1268],"class_list":{"0":"post-639271","1":"post","2":"type-post","3":"status-publish","4":"format-standard","5":"has-post-thumbnail","7":"category-muenchen","8":"tag-bayern","9":"tag-deutschland","10":"tag-germany","11":"tag-muenchen"},"share_on_mastodon":{"url":"https:\/\/pubeurope.com\/@de\/115701264453207070","error":""},"_links":{"self":[{"href":"https:\/\/www.europesays.com\/de\/wp-json\/wp\/v2\/posts\/639271","targetHints":{"allow":["GET"]}}],"collection":[{"href":"https:\/\/www.europesays.com\/de\/wp-json\/wp\/v2\/posts"}],"about":[{"href":"https:\/\/www.europesays.com\/de\/wp-json\/wp\/v2\/types\/post"}],"author":[{"embeddable":true,"href":"https:\/\/www.europesays.com\/de\/wp-json\/wp\/v2\/users\/2"}],"replies":[{"embeddable":true,"href":"https:\/\/www.europesays.com\/de\/wp-json\/wp\/v2\/comments?post=639271"}],"version-history":[{"count":0,"href":"https:\/\/www.europesays.com\/de\/wp-json\/wp\/v2\/posts\/639271\/revisions"}],"wp:featuredmedia":[{"embeddable":true,"href":"https:\/\/www.europesays.com\/de\/wp-json\/wp\/v2\/media\/639272"}],"wp:attachment":[{"href":"https:\/\/www.europesays.com\/de\/wp-json\/wp\/v2\/media?parent=639271"}],"wp:term":[{"taxonomy":"category","embeddable":true,"href":"https:\/\/www.europesays.com\/de\/wp-json\/wp\/v2\/categories?post=639271"},{"taxonomy":"post_tag","embeddable":true,"href":"https:\/\/www.europesays.com\/de\/wp-json\/wp\/v2\/tags?post=639271"}],"curies":[{"name":"wp","href":"https:\/\/api.w.org\/{rel}","templated":true}]}}