{"id":639273,"date":"2025-12-11T13:52:14","date_gmt":"2025-12-11T13:52:14","guid":{"rendered":"https:\/\/www.europesays.com\/de\/639273\/"},"modified":"2025-12-11T13:52:14","modified_gmt":"2025-12-11T13:52:14","slug":"landkreis-muenchen-postpaten-helfen-ueberforderten-senioren-landkreis-muenchen","status":"publish","type":"post","link":"https:\/\/www.europesays.com\/de\/639273\/","title":{"rendered":"Landkreis M\u00fcnchen: Postpaten helfen \u00fcberforderten Senioren &#8211; Landkreis M\u00fcnchen"},"content":{"rendered":"<p data-manual=\"paragraph\" data-schema-org-speakable=\"true\" class=\"css-1eosz7k\">Post im Briefkasten stellt f\u00fcr manche Seniorinnen und <a href=\"https:\/\/www.sueddeutsche.de\/thema\/Senioren\" target=\"_blank\" rel=\"noopener\">Senioren<\/a> eine Herausforderung dar: Steckt in dem Umschlag nur Werbung oder ist das eine Rechnung? Und was tun mit der Ablehnung des beantragten Pflegegrads? In solchen F\u00e4llen sind die Postpaten zur Stelle. Die Ehrenamtlichen unterst\u00fctzen Senioren im <a href=\"https:\/\/www.sueddeutsche.de\/thema\/Landkreis_M%C3%BCnchen\" target=\"_blank\" rel=\"noopener\">Landkreis M\u00fcnchen<\/a> dabei, die t\u00e4gliche Post zu bew\u00e4ltigen. Von Januar an gibt es einen neuen Kurs, der in das Ehrenamt einf\u00fchrt.<\/p>\n<p data-manual=\"paragraph\" data-schema-org-speakable=\"true\" class=\"css-1eosz7k\">K\u00f6rperliche Beeintr\u00e4chtigungen oder psychische \u00dcberforderung seien die Hauptgr\u00fcnde, warum jemand sich nicht um seine Post k\u00fcmmern kann, sagt Sonja Burcherts von der Aufsuchenden Seniorenberatung des Landratsamts M\u00fcnchen. Deshalb wurde 2022 das Projekt Postpaten unter dem Dach der Beratungsstelle gegr\u00fcndet. Inzwischen gibt es 60 Ehrenamtliche. \u201eWir wollen nochmal 20 hinzugewinnen, denn der Bedarf ist gro\u00df\u201c, sagt Burchert. Vor allem im M\u00fcnchner Norden werden noch Paten gesucht.<\/p>\n<p>Die Verantwortung tragen Sozialp\u00e4dagogen<\/p>\n<p data-manual=\"paragraph\" data-schema-org-speakable=\"true\" class=\"css-1eosz7k\">In einem Vorgespr\u00e4ch wird ausgelotet, wer f\u00fcr das Ehrenamt geeignet ist. Viele der aktuellen Paten h\u00e4tten im kaufm\u00e4nnischen Bereich gearbeitet, sagt Burchert, was aber keine Voraussetzung sei. Die Aufgabe der Postpaten ist klar umrissen: Sie helfen bei regelm\u00e4\u00dfigen Hausbesuchen, die Post zu sortieren und zu sichten. Die Bearbeitung gr\u00f6\u00dferer Vorg\u00e4nge liege dann in der Hand der Sozialp\u00e4dagogen der Beratungsstelle, betont Burchert: \u201eSie tragen die Fallverantwortung.\u201c Strenge Vertraulichkeit und Einhaltung des Datenschutzes w\u00fcrden in Vereinbarungen zwischen Postpaten, Landratsamt und Senioren zugesichert. Die Postpaten m\u00fcssten au\u00dferdem ein polizeiliches F\u00fchrungszeugnis vorlegen und halbj\u00e4hrlich einen Nachweis \u00fcber ihre Arbeit vorlegen.<\/p>\n<p data-manual=\"paragraph\" data-schema-org-speakable=\"true\" class=\"css-1eosz7k\">Der n\u00e4chste Qualifizierungskurs beginnt am 14. Januar und erstreckt sich \u00fcber f\u00fcnf Termine (jeweils 16 bis 18.30 Uhr). Das erste Treffen findet im Landratsamt in Riem statt, die folgenden im M\u00fcnchner Bildungswerk, Dachauer Stra\u00dfe 5. Interessenten k\u00f6nnen sich per E-Mail unter <a href=\"https:\/\/www.sueddeutsche.de\/muenchen\/landkreismuenchen\/mailto:burcherts@lra-m.bayern.de\" target=\"_blank\" rel=\"noopener\">burcherts@lra-m.bayern.de<\/a> melden oder telefonisch unter 089\/62 21 19 67.<\/p>\n","protected":false},"excerpt":{"rendered":"Post im Briefkasten stellt f\u00fcr manche Seniorinnen und Senioren eine Herausforderung dar: Steckt in dem Umschlag nur Werbung&hellip;\n","protected":false},"author":2,"featured_media":639274,"comment_status":"","ping_status":"","sticky":false,"template":"","format":"standard","meta":{"footnotes":""},"categories":[1827],"tags":[772,29,30,2527,2057,1268,2339,6583,149],"class_list":{"0":"post-639273","1":"post","2":"type-post","3":"status-publish","4":"format-standard","5":"has-post-thumbnail","7":"category-muenchen","8":"tag-bayern","9":"tag-deutschland","10":"tag-germany","11":"tag-landkreis-muenchen","12":"tag-leben-und-gesellschaft","13":"tag-muenchen","14":"tag-oberbayern","15":"tag-senioren","16":"tag-sueddeutsche-zeitung"},"share_on_mastodon":{"url":"https:\/\/pubeurope.com\/@de\/115701268186707618","error":""},"_links":{"self":[{"href":"https:\/\/www.europesays.com\/de\/wp-json\/wp\/v2\/posts\/639273","targetHints":{"allow":["GET"]}}],"collection":[{"href":"https:\/\/www.europesays.com\/de\/wp-json\/wp\/v2\/posts"}],"about":[{"href":"https:\/\/www.europesays.com\/de\/wp-json\/wp\/v2\/types\/post"}],"author":[{"embeddable":true,"href":"https:\/\/www.europesays.com\/de\/wp-json\/wp\/v2\/users\/2"}],"replies":[{"embeddable":true,"href":"https:\/\/www.europesays.com\/de\/wp-json\/wp\/v2\/comments?post=639273"}],"version-history":[{"count":0,"href":"https:\/\/www.europesays.com\/de\/wp-json\/wp\/v2\/posts\/639273\/revisions"}],"wp:featuredmedia":[{"embeddable":true,"href":"https:\/\/www.europesays.com\/de\/wp-json\/wp\/v2\/media\/639274"}],"wp:attachment":[{"href":"https:\/\/www.europesays.com\/de\/wp-json\/wp\/v2\/media?parent=639273"}],"wp:term":[{"taxonomy":"category","embeddable":true,"href":"https:\/\/www.europesays.com\/de\/wp-json\/wp\/v2\/categories?post=639273"},{"taxonomy":"post_tag","embeddable":true,"href":"https:\/\/www.europesays.com\/de\/wp-json\/wp\/v2\/tags?post=639273"}],"curies":[{"name":"wp","href":"https:\/\/api.w.org\/{rel}","templated":true}]}}