{"id":639275,"date":"2025-12-11T13:53:16","date_gmt":"2025-12-11T13:53:16","guid":{"rendered":"https:\/\/www.europesays.com\/de\/639275\/"},"modified":"2025-12-11T13:53:16","modified_gmt":"2025-12-11T13:53:16","slug":"stellingen-wird-neues-rise-foerdergebiet-ndr-de","status":"publish","type":"post","link":"https:\/\/www.europesays.com\/de\/639275\/","title":{"rendered":"Stellingen wird neues RISE-F\u00f6rdergebiet | ndr.de"},"content":{"rendered":"<p>\n            Stand: 11.12.2025 14:33 Uhr<\/p>\n<p>                    <a href=\"https:\/\/www.europesays.com\/de\/wp-content\/uploads\/2025\/12\/stellingen-106.webp\" class=\"zoomimage\" title=\"Bild vergr\u00f6\u00dfern\"><\/p>\n<p>        <img decoding=\"async\" src=\"https:\/\/www.europesays.com\/de\/wp-content\/uploads\/2025\/12\/stellingen-106.webp\" alt=\"Schaukasten am Rathaus Stellingen.\" title=\"Durch das &quot;RISE&quot;-Programm sollen mindestens zehn Jahre \u00f6ffentliche F\u00f6rdergelder bereitgestellt werden.  | picture alliance \/ C. Erler | Carlotta Erler\" class=\"responsive\" loading=\"lazy\"\/><\/p>\n<p>                    <\/a><\/p>\n<p>                    Durch das &#8222;RISE&#8220;-Programm sollen mindestens zehn Jahre \u00f6ffentliche F\u00f6rdergelder bereitgestellt werden. <\/p>\n<p class=\"\">Der Hamburger Senat macht einen Bereich von Hamburg-Stellingen <a href=\"https:\/\/www.ndr.de\/nachrichten\/hamburg\/textlink-304386~splash.html\" title=\"Stellingen wird RISE-F\u00f6rdergebiet\" data-url=\"https:\/\/www.hamburg.de\/politik-und-verwaltung\/behoerden\/behoerde-fuer-stadtentwicklung-und-wohnen\/aktuelles\/pressemeldungen\/stellingen-wird-neues-rise-foerdergebiet-1126774\" class=\"js-link-dialog\" data-type=\"external\" rel=\"nofollow noopener\" target=\"_blank\">ab Januar zum &#8222;RISE-F\u00f6rdergebiet&#8220;<\/a>. Es geht um die Wohnquartiere an beiden Seiten der Kieler Stra\u00dfe zwischen den Kreuzungsbereichen Pelikanstieg im Norden und Langenfelder Damm im S\u00fcden sowie um den Sportpark Eimsb\u00fcttel an der Hagenbeckstra\u00dfe.<\/p>\n<p class=\"\">Mit dem &#8222;Rahmenprogramm Integrierte Stadtteilentwicklung&#8220; (RISE) sollen mindestens zehn Jahre \u00f6ffentliche F\u00f6rdergelder bereitgestellt werden, um hier die Lebensqualit\u00e4t zu verbessern. Auf dem Wunschzettel der Anwohnenden stehen mehr Sport- und Bewegungsangebote, zentrale Treffpunkte f\u00fcr Jugendliche und \u00e4ltere Menschen sowie mehr Gr\u00fcn- und Erholungsfl\u00e4chen.<\/p>\n<p>Dieses Thema im Programm:<\/p>\n<p>                NDR 90,3 | NDR 90,3 Aktuell | 11.12.2025 | 13:00 Uhr<\/p>\n","protected":false},"excerpt":{"rendered":"Stand: 11.12.2025 14:33 Uhr Durch das &#8222;RISE&#8220;-Programm sollen mindestens zehn Jahre \u00f6ffentliche F\u00f6rdergelder bereitgestellt werden. Der Hamburger Senat&hellip;\n","protected":false},"author":2,"featured_media":639276,"comment_status":"","ping_status":"","sticky":false,"template":"","format":"standard","meta":{"footnotes":""},"categories":[1826],"tags":[29,30,692,691,2222,15,2223,3201],"class_list":{"0":"post-639275","1":"post","2":"type-post","3":"status-publish","4":"format-standard","5":"has-post-thumbnail","7":"category-hamburg","8":"tag-deutschland","9":"tag-germany","10":"tag-hamburg","11":"tag-hh","12":"tag-kurzmeldungen","13":"tag-news","14":"tag-regionalmeldungen","15":"tag-regionalmeldungen-hamburg"},"share_on_mastodon":{"url":"https:\/\/pubeurope.com\/@de\/115701273409393096","error":""},"_links":{"self":[{"href":"https:\/\/www.europesays.com\/de\/wp-json\/wp\/v2\/posts\/639275","targetHints":{"allow":["GET"]}}],"collection":[{"href":"https:\/\/www.europesays.com\/de\/wp-json\/wp\/v2\/posts"}],"about":[{"href":"https:\/\/www.europesays.com\/de\/wp-json\/wp\/v2\/types\/post"}],"author":[{"embeddable":true,"href":"https:\/\/www.europesays.com\/de\/wp-json\/wp\/v2\/users\/2"}],"replies":[{"embeddable":true,"href":"https:\/\/www.europesays.com\/de\/wp-json\/wp\/v2\/comments?post=639275"}],"version-history":[{"count":0,"href":"https:\/\/www.europesays.com\/de\/wp-json\/wp\/v2\/posts\/639275\/revisions"}],"wp:featuredmedia":[{"embeddable":true,"href":"https:\/\/www.europesays.com\/de\/wp-json\/wp\/v2\/media\/639276"}],"wp:attachment":[{"href":"https:\/\/www.europesays.com\/de\/wp-json\/wp\/v2\/media?parent=639275"}],"wp:term":[{"taxonomy":"category","embeddable":true,"href":"https:\/\/www.europesays.com\/de\/wp-json\/wp\/v2\/categories?post=639275"},{"taxonomy":"post_tag","embeddable":true,"href":"https:\/\/www.europesays.com\/de\/wp-json\/wp\/v2\/tags?post=639275"}],"curies":[{"name":"wp","href":"https:\/\/api.w.org\/{rel}","templated":true}]}}