{"id":639279,"date":"2025-12-11T13:55:25","date_gmt":"2025-12-11T13:55:25","guid":{"rendered":"https:\/\/www.europesays.com\/de\/639279\/"},"modified":"2025-12-11T13:55:25","modified_gmt":"2025-12-11T13:55:25","slug":"afd-in-umfrage-auf-rekordhoch-trend-auch-in-anderen-bundeslaendern","status":"publish","type":"post","link":"https:\/\/www.europesays.com\/de\/639279\/","title":{"rendered":"AfD in Umfrage auf Rekordhoch \u2013 Trend auch in anderen Bundesl\u00e4ndern"},"content":{"rendered":"<p class=\"expressive-copy-lg-body\">Ein Jahr nach dem Start der SPD-BSW-Koalition in <a href=\"https:\/\/www.morgenpost.de\/politik\/brandenburg\/\" data-category-full-path=\"https:\/\/www.morgenpost.de\/politik\/\" data-paid-status=\"free\" data-article-publish-date=\"1632225347\" target=\"_blank\" rel=\"noopener\">Brandenburg<\/a> hat die oppositionelle <a href=\"https:\/\/www.morgenpost.de\/politik\/afd\/\" data-category-full-path=\"https:\/\/www.morgenpost.de\/politik\/\" data-paid-status=\"free\" data-article-publish-date=\"1685702580\" target=\"_blank\" rel=\"noopener\">AfD<\/a> in einer Umfrage einen neuen H\u00f6chstwert erreicht. Der am Mittwochabend ver\u00f6ffentlichten Erhebung des Instituts Infratest dimap im Auftrag des Rundfunks Berlin-Brandenburg zufolge k\u00e4me die Partei auf 35 Prozent, wenn am Sonntag Landtagswahl w\u00e4re. Die SPD w\u00fcrde demnach bei nur 22 Prozent landen, das BSW bei sieben Prozent.<\/p>\n<p>   Hauptstadt Inside von J\u00f6rg Quoos, Chefredakteur der FUNKE Zentralredaktion<\/p>\n<p class=\"text-body2 mt-2\">Hinter den Kulissen der Politik &#8211; meinungsstark, exklusiv, relevant.<\/p>\n<p class=\"text-caption text-copy-secondary\">\n          Mit meiner Anmeldung zum Newsletter stimme ich der<br \/>\n          <a href=\"https:\/\/www.morgenpost.de\/service\/newsletter-adconsent\" class=\"text-overline text-copy-accent-negative dark:underline\" target=\"_blank\" rel=\"noopener\">Werbevereinbarung<\/a><br \/>\n          zu.\n        <\/p>\n<p class=\"expressive-copy-lg-body\">Das w\u00e4ren f\u00fcr die SPD ein Prozentpunkt und f\u00fcr das <a href=\"https:\/\/www.morgenpost.de\/politik\/buendnis-sahra-wagenknecht\/\" data-category-full-path=\"https:\/\/www.morgenpost.de\/politik\/\" data-paid-status=\"free\" data-article-publish-date=\"1701354419\" target=\"_blank\" rel=\"noopener\">BSW<\/a> zwei Punkte weniger als bei einer Vorg\u00e4ngerumfrage vom Juni. Die AfD legte hingegen um drei Punkte zu. <a href=\"https:\/\/www.morgenpost.de\/politik\/cdu\/\" data-category-full-path=\"https:\/\/www.morgenpost.de\/politik\/\" data-paid-status=\"free\" data-article-publish-date=\"1627033577\" target=\"_blank\" rel=\"noopener\">CDU<\/a>, <a href=\"https:\/\/www.morgenpost.de\/politik\/die-linke-alle-news-und-hintergruende-zur-partei\/\" data-category-full-path=\"https:\/\/www.morgenpost.de\/politik\/\" data-paid-status=\"free\" data-article-publish-date=\"1631283266\" target=\"_blank\" rel=\"noopener\">Linke<\/a> und <a href=\"https:\/\/www.morgenpost.de\/politik\/gruene\/\" data-category-full-path=\"https:\/\/www.morgenpost.de\/politik\/\" data-paid-status=\"free\" data-article-publish-date=\"1628685833\" target=\"_blank\" rel=\"noopener\">Gr\u00fcne<\/a> schnitten mit 14, neun und f\u00fcnf Prozent unver\u00e4ndert ab. Mit diesen Ergebnissen w\u00fcrde weder das aktuelle SPD-BSW-B\u00fcndnis noch eine SPD-CDU-Regierung eine Mehrheit erreichen. Selbst f\u00fcr Dreierkonstellationen aus SPD, CDU und Gr\u00fcnen oder <a href=\"https:\/\/www.morgenpost.de\/politik\/spd\/\" data-category-full-path=\"https:\/\/www.morgenpost.de\/politik\/\" data-paid-status=\"free\" data-article-publish-date=\"1628683798\" target=\"_blank\" rel=\"noopener\">SPD<\/a>, Linke und Gr\u00fcnen w\u00fcrde es nicht reichen.<\/p>\n<p>Woidke verliert an Zustimmung \u2013 47 Prozent der Befragten f\u00fcr Neuwahlen<\/p>\n<p class=\"expressive-copy-lg-body\">47 Prozent der Befragten sprachen sich f\u00fcr Neuwahlen aus. Die Zustimmung war aber je nach Partei sehr unterschiedlich verteilt. So gaben 88 Prozent der AfD-W\u00e4hler an, f\u00fcr Neuwahlen zu sein, aber nur 15 Prozent der SPD-W\u00e4hler. Unter den CDU-W\u00e4hlern lag der Zustimmungswert f\u00fcr Neuwahlen bei 21 Prozent, bei den BSW-W\u00e4hlern bei 23 Prozent, bei den Gr\u00fcnen-W\u00e4hlern bei 25 Prozent und bei den Linke-W\u00e4hlern bei 36 Prozent. <\/p>\n<p class=\"expressive-copy-lg-body\">Ministerpr\u00e4sident Dietmar Woidke (SPD) verlor indes deutlich an Beliebtheit. Nur 48 Prozent sind laut der Umfrage mit seiner Arbeit zufrieden. Bei seinem Amtsantritt vor einem Jahr waren es noch 55 Prozent, im September 2024 noch 61 Prozent. Mit der Arbeit von Vizeministerpr\u00e4sident Robert Crumbach (BSW) sind 14 Prozent zufrieden. F\u00fcr die Erhebung wurden vom Mittwoch vergangener Woche bis Montag 1184 Wahlberechtigte befragt.<\/p>\n<p>  Vor Landtagswahlen 2026: AfD dominiert in mehreren Bundesl\u00e4ndern<\/p>\n<p class=\"expressive-copy-lg-body\">In einigen Bundesl\u00e4ndern, in denen im n\u00e4chsten Jahr Landtagswahlen stattfinden, zeigt sich ein \u00e4hnliches Bild wie in Brandenburg. Besonders f\u00fcr Sachsen-Anhalt und Mecklenburg-Vorpommern prognostizieren j\u00fcngste Umfragen eine \u00e4hnlich starke AfD. In Sachsen-Anhalt liegt die AfD mit 40 Prozent klar vorn, die CDU bei 26 Prozent, die Linke bei elf Prozent, die SPD bei sechs Prozent und das BSW bei sechs Prozent. F\u00fcr Mecklenburg-Vorpommern prognostiziert die Umfrage 38 Prozent f\u00fcr die AfD, 13 Prozent f\u00fcr die CDU, 19 Prozent f\u00fcr die SPD, 12 Prozent f\u00fcr die Linke, 7 Prozent f\u00fcr das BSW und nur f\u00fcnf Prozent f\u00fcr die Gr\u00fcnen. <\/p>\n<p class=\"expressive-copy-lg-body\">Dagegen h\u00e4lt vor allem Berlin: Dort k\u00e4me laut der aktuellen Umfrage von Infratest dimap die CDU auf 22 Prozent, die SPD auf 13 Prozent, die Gr\u00fcnen auf 16 Prozent, die Linke auf 19 Prozent und die AfD auf 16 Prozent. In Rheinland-Pfalz wird f\u00fcr die Wahl im M\u00e4rz 2026 ein Kopf-an-Kopf-Rennen zwischen CDU und SPD erwartet: Die CDU liegt bei 29 Prozent, die SPD bei 23 Prozent, die AfD bei 19 Prozent und die Gr\u00fcnen bei zehn Prozent. In Baden-W\u00fcrttemberg prognostiziert Infratest dimap f\u00fcr die Landtagswahl am 8. M\u00e4rz 2026 29 Prozent f\u00fcr die CDU, 21 Prozent f\u00fcr die AfD, 20 Prozent f\u00fcr die Gr\u00fcnen, 10 Prozent f\u00fcr die SPD und sieben Prozent f\u00fcr die Linke.<\/p>\n","protected":false},"excerpt":{"rendered":"Ein Jahr nach dem Start der SPD-BSW-Koalition in Brandenburg hat die oppositionelle AfD in einer Umfrage einen neuen&hellip;\n","protected":false},"author":2,"featured_media":639280,"comment_status":"","ping_status":"","sticky":false,"template":"","format":"standard","meta":{"footnotes":""},"categories":[1816],"tags":[1960,1958,1959,1957,1956,1890,29,30],"class_list":{"0":"post-639279","1":"post","2":"type-post","3":"status-publish","4":"format-standard","5":"has-post-thumbnail","7":"category-brandenburg","8":"tag-aktuelle-nachrichten-aus-berlin-und-brandenburg","9":"tag-aktuelle-nachrichten-aus-brandenburg","10":"tag-aktuelle-news-aus-berlin-und-brandenburg","11":"tag-aktuelle-news-aus-brandenburg","12":"tag-berlin-und-brandenburg","13":"tag-brandenburg","14":"tag-deutschland","15":"tag-germany"},"share_on_mastodon":{"url":"https:\/\/pubeurope.com\/@de\/115701279964690184","error":""},"_links":{"self":[{"href":"https:\/\/www.europesays.com\/de\/wp-json\/wp\/v2\/posts\/639279","targetHints":{"allow":["GET"]}}],"collection":[{"href":"https:\/\/www.europesays.com\/de\/wp-json\/wp\/v2\/posts"}],"about":[{"href":"https:\/\/www.europesays.com\/de\/wp-json\/wp\/v2\/types\/post"}],"author":[{"embeddable":true,"href":"https:\/\/www.europesays.com\/de\/wp-json\/wp\/v2\/users\/2"}],"replies":[{"embeddable":true,"href":"https:\/\/www.europesays.com\/de\/wp-json\/wp\/v2\/comments?post=639279"}],"version-history":[{"count":0,"href":"https:\/\/www.europesays.com\/de\/wp-json\/wp\/v2\/posts\/639279\/revisions"}],"wp:featuredmedia":[{"embeddable":true,"href":"https:\/\/www.europesays.com\/de\/wp-json\/wp\/v2\/media\/639280"}],"wp:attachment":[{"href":"https:\/\/www.europesays.com\/de\/wp-json\/wp\/v2\/media?parent=639279"}],"wp:term":[{"taxonomy":"category","embeddable":true,"href":"https:\/\/www.europesays.com\/de\/wp-json\/wp\/v2\/categories?post=639279"},{"taxonomy":"post_tag","embeddable":true,"href":"https:\/\/www.europesays.com\/de\/wp-json\/wp\/v2\/tags?post=639279"}],"curies":[{"name":"wp","href":"https:\/\/api.w.org\/{rel}","templated":true}]}}