{"id":639285,"date":"2025-12-11T13:58:15","date_gmt":"2025-12-11T13:58:15","guid":{"rendered":"https:\/\/www.europesays.com\/de\/639285\/"},"modified":"2025-12-11T13:58:15","modified_gmt":"2025-12-11T13:58:15","slug":"polizei-warnt-eltern-vor-kugelbomben-zu-silvester","status":"publish","type":"post","link":"https:\/\/www.europesays.com\/de\/639285\/","title":{"rendered":"Polizei warnt Eltern vor Kugelbomben zu Silvester"},"content":{"rendered":"<p>Eltern sollten Vorbilder sein und zeigen, dass es auch anders gehe. &#8222;Um Sch\u00e4den und Verletzungen zu verhindern, bedarf es auch in diesem Jahr unserer aller Aufmerksamkeit und F\u00fcrsorge.&#8220; Zudem wies die Polizei darauf hin, dass Feuerwerk und B\u00f6ller <a href=\"https:\/\/www.rbb24.de\/politik\/beitrag\/2025\/12\/berlin-bezirke-silvester-boellern-nachts-regeln.html\" target=\"_blank\" rel=\"noopener\">nur in der Silvesternacht<\/a> erlaubt seien. Grunds\u00e4tzlich gebe es ein hohes Verletzungsrisiko f\u00fcr beteiligte Menschen. Das gelte auch f\u00fcr Schreckschusswaffen.<\/p>\n<p>In der letzten Silvesternacht waren mehrere Menschen durch sogenannte Kugelbomben <a href=\"https:\/\/www.rbb24.de\/panorama\/beitrag\/2025\/01\/silvester-bilanz-tot-verletzt-boeller-brandenburg-berlin-polizei-festnahmen.html\" target=\"_blank\" rel=\"noopener\">schwer verletzt worden<\/a>. Darunter war auch <a href=\"https:\/\/www.rbb24.de\/panorama\/beitrag\/2025\/01\/berlin-tegel-silvester-kugelbombe-siebenjaehriges-kind-schwer-verletzt.html\" target=\"_blank\" rel=\"noopener\">ein siebenj\u00e4hriger Junge<\/a>, der mehrfach operiert werden musste.<\/p>\n<p>Kugelbomben gibt es in sehr verschiedenen Gr\u00f6\u00dfen. Sie geh\u00f6ren zum H\u00f6henfeuerwerk, das nur von professionellen Feuerwerkern gekauft und abgeschossen werden darf.<\/p>\n","protected":false},"excerpt":{"rendered":"Eltern sollten Vorbilder sein und zeigen, dass es auch anders gehe. &#8222;Um Sch\u00e4den und Verletzungen zu verhindern, bedarf&hellip;\n","protected":false},"author":2,"featured_media":639286,"comment_status":"","ping_status":"","sticky":false,"template":"","format":"standard","meta":{"footnotes":""},"categories":[1825],"tags":[296,29,30,140715,134296],"class_list":{"0":"post-639285","1":"post","2":"type-post","3":"status-publish","4":"format-standard","5":"has-post-thumbnail","7":"category-berlin","8":"tag-berlin","9":"tag-deutschland","10":"tag-germany","11":"tag-rbb24silvester","12":"tag-rbb24tagesschau"},"share_on_mastodon":{"url":"https:\/\/pubeurope.com\/@de\/115701292085082484","error":""},"_links":{"self":[{"href":"https:\/\/www.europesays.com\/de\/wp-json\/wp\/v2\/posts\/639285","targetHints":{"allow":["GET"]}}],"collection":[{"href":"https:\/\/www.europesays.com\/de\/wp-json\/wp\/v2\/posts"}],"about":[{"href":"https:\/\/www.europesays.com\/de\/wp-json\/wp\/v2\/types\/post"}],"author":[{"embeddable":true,"href":"https:\/\/www.europesays.com\/de\/wp-json\/wp\/v2\/users\/2"}],"replies":[{"embeddable":true,"href":"https:\/\/www.europesays.com\/de\/wp-json\/wp\/v2\/comments?post=639285"}],"version-history":[{"count":0,"href":"https:\/\/www.europesays.com\/de\/wp-json\/wp\/v2\/posts\/639285\/revisions"}],"wp:featuredmedia":[{"embeddable":true,"href":"https:\/\/www.europesays.com\/de\/wp-json\/wp\/v2\/media\/639286"}],"wp:attachment":[{"href":"https:\/\/www.europesays.com\/de\/wp-json\/wp\/v2\/media?parent=639285"}],"wp:term":[{"taxonomy":"category","embeddable":true,"href":"https:\/\/www.europesays.com\/de\/wp-json\/wp\/v2\/categories?post=639285"},{"taxonomy":"post_tag","embeddable":true,"href":"https:\/\/www.europesays.com\/de\/wp-json\/wp\/v2\/tags?post=639285"}],"curies":[{"name":"wp","href":"https:\/\/api.w.org\/{rel}","templated":true}]}}