{"id":639287,"date":"2025-12-11T13:59:18","date_gmt":"2025-12-11T13:59:18","guid":{"rendered":"https:\/\/www.europesays.com\/de\/639287\/"},"modified":"2025-12-11T13:59:18","modified_gmt":"2025-12-11T13:59:18","slug":"berlin-kehrt-bei-netflix-mit-neuem-titel-zurueck-fernsehserien-de","status":"publish","type":"post","link":"https:\/\/www.europesays.com\/de\/639287\/","title":{"rendered":"Berlin\u201c kehrt bei Netflix mit neuem Titel zur\u00fcck \u2013 fernsehserien.de"},"content":{"rendered":"<p><img decoding=\"async\" src=\"https:\/\/www.europesays.com\/de\/wp-content\/uploads\/2025\/12\/Pedro-Alonso-Ist-Im-Haus-Des-Geldes-Spin-Off-Berlin-Wieder-Da-w-970.jpg.jpg\" width=\"640\" height=\"260\" alt=\"Pedro Alonso ist im \u201eHaus des Geldes\u201c-Spin-off \u201eBerlin\u201c wieder da \u2013 Bild: Netflix\" title=\"Pedro Alonso ist im \u201eHaus des Geldes\u201c-Spin-off \u201eBerlin\u201c wieder da \u2013 Bild: Netflix\" loading=\"eager\" fetchpriority=\"high\"\/><\/p>\n<p>Pedro Alonso ist im \u201eHaus des Geldes\u201c-Spin-off \u201eBerlin\u201c wieder da<\/p>\n<p>Bild: Netflix<\/p>\n<p>Die spanische <a href=\"https:\/\/www.fernsehserien.de\/haus-des-geldes\" data-type=\"sendung\" data-event-category=\"textlink-serie\" target=\"_blank\" rel=\"noopener\">\u201eHaus des Geldes\u201c<\/a>-Saga bei Netflix findet mit der zweiten Staffel des Spin-offs <a href=\"https:\/\/www.fernsehserien.de\/berlin-a-new-series\" data-type=\"sendung\" data-event-category=\"textlink-serie\" target=\"_blank\" rel=\"noopener\">\u201eHaus des Geldes: Berlin\u201c<\/a> demn\u00e4chst ihre Fortsetzung. F\u00fcr die neuen Folgen erh\u00e4lt das Format zudem einen neuen Titel: \u201eBerlin und die Dame mit dem Hermelin\u201c. Bis <a href=\"https:\/\/www.fernsehserien.de\/pedro-alonso\/filmografie\" data-type=\"person\" data-event-category=\"textlink-person\" target=\"_blank\" rel=\"noopener\">Pedro Alonso<\/a> den n\u00e4chsten Heist anf\u00fchrt, wird aber noch ein knappes halbes Jahr ins Land gehen. Der 15. Mai 2026 wurde von Netflix in einem frischen Trailer als weltweiten Premierentermin best\u00e4tigt.<\/p>\n<p>Netflix-Trailer zu \u201eBerlin und die Dame mit dem Hermelin\u201c<\/p>\n<p>&#8220; class=&#8220;externer-inhalt externen-inhalt-anzeigen&#8220;&gt;<\/p>\n<p>In der Originalserie galt Berlin als einer der K\u00f6pfe hinter dem \u00dcberfall auf die K\u00f6nigliche M\u00fcnzanstalt Spaniens. Als rechte Hand des genialen Professors traf er die Entscheidungen, mit denen sich sein Bruder nicht direkt besch\u00e4ftigen wollte. Der stets elegante, kalte und arrogante Dieb war schon vor seiner Zusammenarbeit mit dem Professor ein erfolgreicher Krimineller, ohne zu wissen, dass er an einer schweren Krankheit litt.<\/p>\n<p>Die zweite Staffel des Spin-offs r\u00fcckt nun einen gro\u00df angelegten Coup vor der Kulisse Sevillas in den Mittelpunkt. Berlin (Alonso) und Dami\u00e1n V\u00e1zquez (<a href=\"https:\/\/www.fernsehserien.de\/tristan-ulloa\/filmografie\" data-type=\"person\" data-event-category=\"textlink-person\" target=\"_blank\" rel=\"noopener\">Trist\u00e1n Ulloa<\/a>) stellen ihr Team zusammen, um vorzugeben, das Gem\u00e4lde \u201eDie Dame mit dem Hermelin\u201c zu stehlen. In Wahrheit gilt ihr Interesse jedoch dem Herzog von M\u00e1laga und seiner Frau, die glauben, Berlin erpressen zu k\u00f6nnen. Mit der Herausforderung rechnen sie, nicht aber damit, dass sie Berlins d\u00fcsterste Seite entfesseln und seinen Drang nach Vergeltung ausl\u00f6sen.<\/p>\n<p><a class=\"stoerer-serienlogo\" title=\"Haus des Geldes: Berlin\" data-event-category=\"st\u00f6rer-grafik\" href=\"https:\/\/www.fernsehserien.de\/berlin-a-new-series\" target=\"_blank\" rel=\"noopener\"><\/a>Erhalte News zu <a data-event-category=\"st\u00f6rer-textlink\" href=\"https:\/\/www.fernsehserien.de\/berlin-a-new-series\" target=\"_blank\" rel=\"noopener\"><b>Haus des Geldes: Berlin<\/b><\/a> direkt auf dein Handy. Kostenlos per App-Benachrichtigung. Kostenlos mit der <b>fernsehserien.de<\/b> App.<br \/>\n<img decoding=\"async\" src=\"https:\/\/bilder.fernsehserien.de\/fernsehserien.de\/fs-2021\/img\/bell-solid-darkmode.svg\" alt=\"Meinen Serien hinzuf\u00fcgen\" title=\"Meinen Serien hinzuf\u00fcgen\" width=\"1\" height=\"1\" loading=\"eager\" fetchpriority=\"high\"\/><img decoding=\"async\" src=\"https:\/\/bilder.fernsehserien.de\/fernsehserien.de\/fs-2021\/img\/bell-solid.svg\" alt=\"Meinen Serien hinzuf\u00fcgen\" title=\"Meinen Serien hinzuf\u00fcgen\" width=\"1\" height=\"1\" loading=\"eager\" fetchpriority=\"high\"\/>Benachrichtige mich<\/p>\n<p><a class=\"stoerer-serienlogo\" title=\"Haus des Geldes: Berlin\" data-event-category=\"st\u00f6rer-grafik\" href=\"https:\/\/www.fernsehserien.de\/berlin-a-new-series\" target=\"_blank\" rel=\"noopener\"><\/a>Alle Neuigkeiten zu <a data-event-category=\"st\u00f6rer-textlink\" href=\"https:\/\/www.fernsehserien.de\/berlin-a-new-series\" target=\"_blank\" rel=\"noopener\"><b>Haus des Geldes: Berlin<\/b><\/a> und weiteren Serien<br \/>\ndeiner Liste findest du in deinem<br \/>\npers\u00f6nlichen Feed.<\/p>\n<p>Neben Pedro Alonso und Trist\u00e1n Ulloa sind auch <a href=\"https:\/\/www.fernsehserien.de\/michelle-jenner\/filmografie\" data-type=\"person\" data-event-category=\"textlink-person\" target=\"_blank\" rel=\"noopener\">Michelle Jenner<\/a> (Keila), <a href=\"https:\/\/www.fernsehserien.de\/begona-vargas\/filmografie\" data-type=\"person\" data-event-category=\"textlink-person\" target=\"_blank\" rel=\"noopener\">Bego\u00f1a Vargas<\/a> (Camer\u00f2n), Julio Pe\u00f1a Fern\u00e1ndez (Roi) und <a href=\"https:\/\/www.fernsehserien.de\/joel-sanchez\/filmografie\" data-type=\"person\" data-event-category=\"textlink-person\" target=\"_blank\" rel=\"noopener\">Joel S\u00e1nchez<\/a> (Bruce) wieder Teil des Hauptcats. Neu im Ensemble sind <a href=\"https:\/\/www.fernsehserien.de\/inma-cuesta\/filmografie\" data-type=\"person\" data-event-category=\"textlink-person\" target=\"_blank\" rel=\"noopener\">Inma Cuesta<\/a> als Candela, die Berlin den Kopf verdreht, sowie <a href=\"https:\/\/www.fernsehserien.de\/jose-luis-garcia\/filmografie\" data-type=\"person\" data-event-category=\"textlink-person\" target=\"_blank\" rel=\"noopener\">Jos\u00e9 Luis Garc\u00eda-P\u00e9rez<\/a> und <a href=\"https:\/\/www.fernsehserien.de\/marta-nieto\/filmografie\" data-type=\"person\" data-event-category=\"textlink-person\" target=\"_blank\" rel=\"noopener\">Marta Nieto<\/a> als Herzog und Herzogin von M\u00e1laga. Die neue Staffel wird acht Episoden umfassen.<\/p>\n","protected":false},"excerpt":{"rendered":"Pedro Alonso ist im \u201eHaus des Geldes\u201c-Spin-off \u201eBerlin\u201c wieder da Bild: Netflix Die spanische \u201eHaus des Geldes\u201c-Saga bei&hellip;\n","protected":false},"author":2,"featured_media":639288,"comment_status":"","ping_status":"","sticky":false,"template":"","format":"standard","meta":{"footnotes":""},"categories":[1825],"tags":[296,29,2617,30,15,2618],"class_list":{"0":"post-639287","1":"post","2":"type-post","3":"status-publish","4":"format-standard","5":"has-post-thumbnail","7":"category-berlin","8":"tag-berlin","9":"tag-deutschland","10":"tag-fernsehserien","11":"tag-germany","12":"tag-news","13":"tag-tv-serien"},"share_on_mastodon":{"url":"https:\/\/pubeurope.com\/@de\/115701298049782032","error":""},"_links":{"self":[{"href":"https:\/\/www.europesays.com\/de\/wp-json\/wp\/v2\/posts\/639287","targetHints":{"allow":["GET"]}}],"collection":[{"href":"https:\/\/www.europesays.com\/de\/wp-json\/wp\/v2\/posts"}],"about":[{"href":"https:\/\/www.europesays.com\/de\/wp-json\/wp\/v2\/types\/post"}],"author":[{"embeddable":true,"href":"https:\/\/www.europesays.com\/de\/wp-json\/wp\/v2\/users\/2"}],"replies":[{"embeddable":true,"href":"https:\/\/www.europesays.com\/de\/wp-json\/wp\/v2\/comments?post=639287"}],"version-history":[{"count":0,"href":"https:\/\/www.europesays.com\/de\/wp-json\/wp\/v2\/posts\/639287\/revisions"}],"wp:featuredmedia":[{"embeddable":true,"href":"https:\/\/www.europesays.com\/de\/wp-json\/wp\/v2\/media\/639288"}],"wp:attachment":[{"href":"https:\/\/www.europesays.com\/de\/wp-json\/wp\/v2\/media?parent=639287"}],"wp:term":[{"taxonomy":"category","embeddable":true,"href":"https:\/\/www.europesays.com\/de\/wp-json\/wp\/v2\/categories?post=639287"},{"taxonomy":"post_tag","embeddable":true,"href":"https:\/\/www.europesays.com\/de\/wp-json\/wp\/v2\/tags?post=639287"}],"curies":[{"name":"wp","href":"https:\/\/api.w.org\/{rel}","templated":true}]}}