{"id":63929,"date":"2025-04-26T22:57:16","date_gmt":"2025-04-26T22:57:16","guid":{"rendered":"https:\/\/www.europesays.com\/de\/63929\/"},"modified":"2025-04-26T22:57:16","modified_gmt":"2025-04-26T22:57:16","slug":"kirche-fuer-junge-menschen-so-unterstuetzt-kirche-me-umzug-beim-neustart-in-koeln","status":"publish","type":"post","link":"https:\/\/www.europesays.com\/de\/63929\/","title":{"rendered":"Kirche f\u00fcr junge Menschen: So unterst\u00fctzt kirche.me\/umzug beim Neustart in K\u00f6ln"},"content":{"rendered":"<p>Die neue Internetseite <a href=\"https:\/\/www.kirche.me\/umzug\/\" rel=\"nofollow noopener\" target=\"_blank\">kirche.me\/umzug<\/a> ist ein digitales Angebot der Evangelischen Kirche K\u00f6ln und Region, das sich gezielt an Menschen richtet, die neu in der Stadt oder in einem neuen Lebensabschnitt angekommen sind \u2013 mit besonderem Augenmerk auf junge Erwachsene. Sie ist Teil eines Pilotprojekts f\u00fcr die Landeskirche, neue Wege zu gehen, die Vielfalt ihrer Mitglieder st\u00e4rker in den Blick zu nehmen und den ver\u00e4nderten Lebenswelten junger Menschen gerecht zu werden.<\/p>\n<p>Ankommen erleichtern<\/p>\n<p><img loading=\"lazy\" decoding=\"async\" class=\"size-medium wp-image-61832 alignleft\" src=\"https:\/\/www.europesays.com\/de\/wp-content\/uploads\/2025\/04\/1745708234_576_2-300x169.jpg\" alt=\"\" width=\"300\" height=\"169\"  \/>Im Zentrum steht die Idee, das Ankommen zu erleichtern \u2013 sei es in einer neuen Wohnung, einem neuen Stadtteil oder einem neuen Lebensabschnitt. Dabei geht es nicht nur um organisatorische Hilfen, sondern auch um das Gef\u00fchl, irgendwo wirklich willkommen zu sein. Die Seite bietet zum Beispiel kreative und nachhaltige DIY-Ideen f\u00fcr das neue Zuhause, die zeigen, dass Kirche auch alltagsnah, inspirierend und umweltbewusst sein kann. Gleichzeitig finden sich Anregungen, wie man am neuen Ort Kontakte kn\u00fcpfen kann \u2013 etwa durch Tipps, wie aus Nachbarn Freundschaften werden k\u00f6nnen. Auch das soziale Miteinander wird hier als wichtiger Teil des kirchlichen Verst\u00e4ndnisses von Gemeinschaft ernst genommen.<\/p>\n<p>Mehr als ein Willkommensgru\u00df<\/p>\n<p><img loading=\"lazy\" decoding=\"async\" class=\"size-medium wp-image-61834 alignright\" src=\"https:\/\/www.europesays.com\/de\/wp-content\/uploads\/2025\/04\/4-300x169.jpg\" alt=\"\" width=\"300\" height=\"169\"  \/>Besonders wichtig ist die Verbindung zu konkreten Menschen in der Region. Die Seite stellt Ansprechpartnerinnen und Ansprechpartner aus der Kirche vor \u2013 Menschen, die greifbar sind, zuh\u00f6ren, begleiten. Viele von ihnen sind auf modernen Kan\u00e4len wie Instagram aktiv und bauen so eine Br\u00fccke zwischen Kirche und der digitalen Lebenswelt junger Menschen. Erg\u00e4nzt wird das durch Hinweise zu den evangelischen Gemeinden in K\u00f6ln und Umgebung \u2013 f\u00fcr alle, die Anschluss suchen oder neugierig sind, wie Kirche heute vor Ort gelebt wird.<\/p>\n<p>Die neue <a href=\"http:\/\/kirche.me\/umzug\" rel=\"nofollow noopener\" target=\"_blank\">Internetseite<\/a> ist damit mehr als ein Willkommensgru\u00df \u2013 sie ist ein Ausdruck daf\u00fcr, wie sich Kirche ver\u00e4ndert, \u00f6ffnet und neu denkt: mit einem echten Interesse an dem, was junge Menschen bewegt, und mit der Haltung, gemeinsam neue Wege zu gehen.<\/p>\n<p>Pilotprojekt f\u00fcr die Landeskirche<\/p>\n<p><img loading=\"lazy\" decoding=\"async\" class=\"size-medium wp-image-61833 alignleft\" src=\"https:\/\/www.europesays.com\/de\/wp-content\/uploads\/2025\/04\/3-300x169.jpg\" alt=\"\" width=\"300\" height=\"169\"  \/>Es handelt sich um ein Projekt der \u201eArbeitsgruppe Mitgliederbindung\u201c, die 2023 initiiert wurde, um Konzepte zur St\u00e4rkung der Bindung der Gemeindemitglieder zu entwickeln. Das Pilotprojekt konzentriert sich darauf, sowohl l\u00e4ndliche als auch st\u00e4dtische Gemeinden aus allen vier Kirchenkreisen einzubeziehen. Dazu wurden gezielt Gemeinden aus verschiedenen Teilen der Region ausgew\u00e4hlt. Durch die breite Abdeckung m\u00f6chte der EKV sicherstellen, dass Stimmen aus unterschiedlichsten Lebensrealit\u00e4ten geh\u00f6rt werden.<\/p>\n<p>Weitere Internetseiten im Rahmen des Projekts finden Sie hier:<\/p>\n<p>\u00a0<\/p>\n<p><a href=\"#\" rel=\"nofollow\" onclick=\"window.print(); return false;\" title=\"Printer Friendly, PDF &amp; Email\"><img decoding=\"async\" src=\"https:\/\/www.europesays.com\/de\/wp-content\/uploads\/2025\/04\/printfriendly-icon-lg.png\" alt=\"Print Friendly, PDF &amp; Email\" class=\"pf-button-img\" style=\"width: 25px;height: 25px;\"\/>Drucken<\/a><\/p>\n<p>Text: APK<br \/>Foto(s): APK\/Screenshots der Internseite<\/p>\n","protected":false},"excerpt":{"rendered":"Die neue Internetseite kirche.me\/umzug ist ein digitales Angebot der Evangelischen Kirche K\u00f6ln und Region, das sich gezielt an&hellip;\n","protected":false},"author":2,"featured_media":63930,"comment_status":"","ping_status":"","sticky":false,"template":"","format":"standard","meta":{"footnotes":""},"categories":[1828],"tags":[28759,29,28760,28761,10479,30,28762,28763,28764,23489,28765,28766,28767,28768,28769,28770,1420,28771,28772,28773,1209,28774,28775,28776],"class_list":{"0":"post-63929","1":"post","2":"type-post","3":"status-publish","4":"format-standard","5":"has-post-thumbnail","7":"category-koeln","8":"tag-ankommen-mit-kirche","9":"tag-deutschland","10":"tag-digitale-kirche","11":"tag-diy-mit-kirche","12":"tag-evangelische-kirche-koeln","13":"tag-germany","14":"tag-junge-menschen-kirche","15":"tag-kirche-digital","16":"tag-kirche-fuer-junge-erwachsene","17":"tag-kirche-koeln","18":"tag-kirche-neu-denken","19":"tag-kirche-und-alltag","20":"tag-kirche-und-lebenswelt","21":"tag-kirche-me","22":"tag-kirchliche-gemeinschaft","23":"tag-kirchlicher-umzug","24":"tag-koeln","25":"tag-mitgliederbindung-kirche","26":"tag-moderne-kirche","27":"tag-neues-zuhause-kirche","28":"tag-nordrhein-westfalen","29":"tag-pilotprojekt-evangelische-kirche","30":"tag-umzug-nach-koeln","31":"tag-willkommensseite-kirche"},"share_on_mastodon":{"url":"","error":"Validation failed: Text character limit of 500 exceeded"},"_links":{"self":[{"href":"https:\/\/www.europesays.com\/de\/wp-json\/wp\/v2\/posts\/63929","targetHints":{"allow":["GET"]}}],"collection":[{"href":"https:\/\/www.europesays.com\/de\/wp-json\/wp\/v2\/posts"}],"about":[{"href":"https:\/\/www.europesays.com\/de\/wp-json\/wp\/v2\/types\/post"}],"author":[{"embeddable":true,"href":"https:\/\/www.europesays.com\/de\/wp-json\/wp\/v2\/users\/2"}],"replies":[{"embeddable":true,"href":"https:\/\/www.europesays.com\/de\/wp-json\/wp\/v2\/comments?post=63929"}],"version-history":[{"count":0,"href":"https:\/\/www.europesays.com\/de\/wp-json\/wp\/v2\/posts\/63929\/revisions"}],"wp:featuredmedia":[{"embeddable":true,"href":"https:\/\/www.europesays.com\/de\/wp-json\/wp\/v2\/media\/63930"}],"wp:attachment":[{"href":"https:\/\/www.europesays.com\/de\/wp-json\/wp\/v2\/media?parent=63929"}],"wp:term":[{"taxonomy":"category","embeddable":true,"href":"https:\/\/www.europesays.com\/de\/wp-json\/wp\/v2\/categories?post=63929"},{"taxonomy":"post_tag","embeddable":true,"href":"https:\/\/www.europesays.com\/de\/wp-json\/wp\/v2\/tags?post=63929"}],"curies":[{"name":"wp","href":"https:\/\/api.w.org\/{rel}","templated":true}]}}