{"id":639291,"date":"2025-12-11T14:01:18","date_gmt":"2025-12-11T14:01:18","guid":{"rendered":"https:\/\/www.europesays.com\/de\/639291\/"},"modified":"2025-12-11T14:01:18","modified_gmt":"2025-12-11T14:01:18","slug":"schauspieler-russell-crowe-laestert-ueber-gladiator-2-frauen-beschwerten-sich-bei-mir-unterhaltung","status":"publish","type":"post","link":"https:\/\/www.europesays.com\/de\/639291\/","title":{"rendered":"Schauspieler Russell Crowe l\u00e4stert \u00fcber \u201eGladiator 2\u201c: \u201eFrauen beschwerten sich bei mir\u201c | Unterhaltung"},"content":{"rendered":"<p><b>Er war in \u201eGladiator\u201c der Held von Rom, bekam 2001 daf\u00fcr den Oscar als \u201eBester Hauptdarsteller\u201c \u2013 jetzt schie\u00dft Hollywood-Star Russell Crowe (61) gegen die Fortsetzung des Epos.<\/b><\/p>\n<p>Russell Crowe: \u201eLeute haben nichts verstanden\u201c<\/p>\n<p>Im November 2024 kam das neue \u201eGladiator\u201c-Werk von Star-Regisseur Ridley Scott ins Kino. Ohne Crowe. Und das hat seinen Grund. Im Podcast-Interview mit dem australischen Radiosender <a href=\"https:\/\/www.instagram.com\/p\/DR8491zkvdN\/?hl=de\" target=\"_blank\" rel=\"nofollow noopener\" class=\"text-link--external text-link\">\u201eTriple J\u201c<\/a> holt er jetzt aus: \u201eDie k\u00fcrzliche Fortsetzung, deren Namen wir nicht laut nennen m\u00fcssen, ist ein wirklich gutes Beispiel daf\u00fcr, dass selbst die Leute in der Schaltzentrale nicht wirklich verstanden haben, was den ersten Teil so besonders gemacht hat.\u201c Sein Punkt: Es ging nicht um Action, Blut und Pomp \u2013 sondern um Werte und den \u201emoralischen Kern\u201c.<\/p>\n<p><img decoding=\"async\" width=\"992\" height=\"1178\" alt=\"F\u00fcr viele Kinog\u00e4nger unvergessen: Russell Crowe in \u201eGladiator\u201c (2000) als Maximus\" src=\"https:\/\/www.europesays.com\/de\/wp-content\/uploads\/2025\/12\/19dea8578c5b108fd9379c9bf984be8f,fcabf09a\"   class=\"portrait\" loading=\"lazy\"\/><\/p>\n<p class=\"fig__caption__text\">F\u00fcr viele Kinog\u00e4nger unvergessen: Russell Crowe in \u201eGladiator\u201c (2000) als Maximus<\/p>\n<p>Foto: picture alliance \/ Everett Colle<\/p>\n<p><b>Darum geht\u2019s in \u201eGladiator\u201c von 2000<\/b><\/p>\n<p>Der r\u00f6mische General Maximus wird vom sterbenden Kaiser Mark Aurel als dessen Nachfolger ausgew\u00e4hlt. Commodus, der eifers\u00fcchtige Sohn des Kaisers, ermordet daraufhin seinen Vater und die Familie von Maximus. Der mutige Feldherr selbst wird versklavt und muss als <a href=\"https:\/\/www.bild.de\/unterhaltung\/stars-und-leute\/russell-crowe-und-ralf-moeller-gladiator-treffen-in-muenchen-686b8fa7a23e357ee08e7568\" class=\"text-link\" target=\"_blank\" rel=\"noopener\">Gladiator <\/a>k\u00e4mpfen. Sein einziges Ziel: Commodus im Kolosseum gegen\u00fcberzutreten, um Rache zu nehmen und die Republik Rom wiederherzustellen. Hilfe bekommt er von Lucilla, Commodus\u2019 Schwester. Nach ihrem finalen Kampf sterben sowohl Commodus als auch Maximus.<\/p>\n<p>Sexszenen in \u201eGladiator\u201c? Nein, danke!<\/p>\n<p>Schon damals sei es schwierig gewesen, erz\u00e4hlt<a href=\"https:\/\/www.bild.de\/themen\/personen\/russell-crowe\/filme-kinostar-fotos-nachrichten-videos-news-15785574.bild.html\" class=\"text-link\" target=\"_blank\" rel=\"noopener\"> Russell Crowe<\/a> heute, die Glaubw\u00fcrdigkeit seiner Rolle nicht f\u00fcr eine Liebesgeschichte zu opfern. \u201eEs war ein t\u00e4glicher Kampf, diesen moralischen Kern des Charakters zu bewahren. Die Male, in denen sie Sexszenen und so etwas f\u00fcr Maximus vorschlugen \u2013 das ist so, als w\u00fcrde man ihm seine Kraft nehmen.\u201c<\/p>\n<p>In \u201eGladiator 2\u201c kam es dann doch anders: Im Mittelpunkt steht Maximus\u2019 erwachsener Sohn Lucis (gespielt von Paul Mescal), sein uneheliches Kind mit Commodus\u2019 Schwester Lucilla (gespielt von Connie Nielsen). F\u00fcr Crowe ist dieser Plot v\u00f6llig unlogisch.<\/p>\n<p>Crowe: \u201eDas ist verr\u00fcckt\u201c<\/p>\n<p>\u201eMan sagt also, dass er zur gleichen Zeit, als er die Beziehung zu seiner Ehefrau hatte, diese andere Frau gef**** hat? Was redet ihr da? Das ist verr\u00fcckt.\u201c<\/p>\n<p>Viele Fans sehen das \u00e4hnlich, zeigen sich insgesamt entt\u00e4uscht von \u201e<a href=\"https:\/\/www.bild.de\/unterhaltung\/film-kino\/gladiator-2-im-kino-alle-infos-ueber-die-fortsetzung-671b77bf8f9b8c158219c018\" class=\"text-link\" target=\"_blank\" rel=\"noopener\">Gladiator 2\u201c.<\/a> Obwohl Russell Crowe darin gar nicht mitspielt, bekam er den Frust ab. Im Podcast berichtet er von Beschwerden weiblicher Fans aus Europa: \u201eAls dieser Film in die Kinos kam, da war ich in einem Restaurant, und sie kamen zu mir. Ich dachte nur: Hey, ich war es nicht! Ich habe ihn (den Film, d. Red.) nicht gemacht!\u201c<\/p>\n<p><script async src=\"\/\/www.instagram.com\/embed.js\"><\/script><\/p>\n","protected":false},"excerpt":{"rendered":"Er war in \u201eGladiator\u201c der Held von Rom, bekam 2001 daf\u00fcr den Oscar als \u201eBester Hauptdarsteller\u201c \u2013 jetzt&hellip;\n","protected":false},"author":2,"featured_media":639292,"comment_status":"","ping_status":"","sticky":false,"template":"","format":"standard","meta":{"footnotes":""},"categories":[1776],"tags":[1801,67554,29,214,92,30,95,1802,150686,138370,45,215],"class_list":{"0":"post-639291","1":"post","2":"type-post","3":"status-publish","4":"format-standard","5":"has-post-thumbnail","7":"category-prominente","8":"tag-celebrities","9":"tag-crowe-russell","10":"tag-deutschland","11":"tag-entertainment","12":"tag-film","13":"tag-germany","14":"tag-kino","15":"tag-prominente","16":"tag-scott-ridley","17":"tag-team-first","18":"tag-texttospeech","19":"tag-unterhaltung"},"share_on_mastodon":{"url":"https:\/\/pubeurope.com\/@de\/115701303852711332","error":""},"_links":{"self":[{"href":"https:\/\/www.europesays.com\/de\/wp-json\/wp\/v2\/posts\/639291","targetHints":{"allow":["GET"]}}],"collection":[{"href":"https:\/\/www.europesays.com\/de\/wp-json\/wp\/v2\/posts"}],"about":[{"href":"https:\/\/www.europesays.com\/de\/wp-json\/wp\/v2\/types\/post"}],"author":[{"embeddable":true,"href":"https:\/\/www.europesays.com\/de\/wp-json\/wp\/v2\/users\/2"}],"replies":[{"embeddable":true,"href":"https:\/\/www.europesays.com\/de\/wp-json\/wp\/v2\/comments?post=639291"}],"version-history":[{"count":0,"href":"https:\/\/www.europesays.com\/de\/wp-json\/wp\/v2\/posts\/639291\/revisions"}],"wp:featuredmedia":[{"embeddable":true,"href":"https:\/\/www.europesays.com\/de\/wp-json\/wp\/v2\/media\/639292"}],"wp:attachment":[{"href":"https:\/\/www.europesays.com\/de\/wp-json\/wp\/v2\/media?parent=639291"}],"wp:term":[{"taxonomy":"category","embeddable":true,"href":"https:\/\/www.europesays.com\/de\/wp-json\/wp\/v2\/categories?post=639291"},{"taxonomy":"post_tag","embeddable":true,"href":"https:\/\/www.europesays.com\/de\/wp-json\/wp\/v2\/tags?post=639291"}],"curies":[{"name":"wp","href":"https:\/\/api.w.org\/{rel}","templated":true}]}}