{"id":639295,"date":"2025-12-11T14:04:12","date_gmt":"2025-12-11T14:04:12","guid":{"rendered":"https:\/\/www.europesays.com\/de\/639295\/"},"modified":"2025-12-11T14:04:12","modified_gmt":"2025-12-11T14:04:12","slug":"sat-1-testet-neue-witze-show-mit-guido-cantz","status":"publish","type":"post","link":"https:\/\/www.europesays.com\/de\/639295\/","title":{"rendered":"Sat.1 testet neue Witze-Show mit Guido Cantz"},"content":{"rendered":"<p>Rund um den Jahreswechsel wird Sat.1 eine neue Comedyshow am sp\u00e4ten Abend ausprobieren. &#8222;Die Nacht der 1000 Witze&#8220; ist sowohl am Montag, den 29. Dezember als auch am Freitag, den 2. Januar zu sehen. Die beiden Ausgaben laufen jeweils um 23:00 Uhr und damit im Anschluss an neue Folgen der Stand-up-Show &#8222;Die besten Comedians Deutschlands&#8220;. Die Moderation \u00fcbernimmt Guido Cantz, der sich zuletzt als &#8222;Gl\u00fccksrad&#8220;-Moderator bei RTLzwei versuchte.<\/p>\n<p>&#13;<br \/>\n&#13;<\/p>\n<p>In der neuen Sat.1-Show, hinter der die Produktionsfirma Brainpool steht, bestimmen Bierdeckel das Programm: Jeder von ihnen steht n\u00e4mlich f\u00fcr eine Witz-Kategorie &#8211; von Arztwitzen \u00fcber Kneipenwitze, Beziehungs-Katastrophen und Familien-Fauxpas bis hin zum Lieblingswitz der eingeladenen Comedians. Sie sollen sich &#8222;ein humorvolles Duell um die besten Gags&#8220; liefern, wie es hei\u00dft. G\u00e4ste der ersten Ausgabe sind Markus Krebs, Lisa Feller und Matze Knop; in der zweiten Ausgabe ist Adelkarim anstelle von Lisa Feller mit dabei.<\/p>\n<p>&#13;<\/p>\n<p>Das Format erinnert an die Comedyshow &#8222;Richtig witzig&#8220;, die Sat.1 bereits vor einigen Jahren im Programm hatte. Auch damals gaben mehrere Comedians zahlreiche Witze zum Besten &#8211; unter Aufsicht von Hugo Egon Balder, der im vergangenen Jahr bei RTLzwei unter dem Titel &#8222;Genial witzig&#8220; auch eine Art Neuauflage pr\u00e4sentierte. Ob &#8222;Die Nacht der 1000 Witze&#8220; \u00fcber die beiden bislang angek\u00fcndigten Folgen hinaus fortgesetzt wird, d\u00fcrfte letztlich vor allem die Quote entscheiden.<\/p>\n<p>&#13;<br \/>\n&#13;<\/p>\n<p>Auff\u00e4llig ist allerdings, dass Sat.1 rund um den Jahreswechsel verst\u00e4rkt auf Comedy im Programm setzt. So \u00fcbrigens auch an Silvester, wo der Privatsender ab 10:30 Uhr zun\u00e4chst zwei Folgen von &#8222;Die besten Comedians Deutschlands&#8220; wiederholen wird, ehe ab 15:25 Uhr ein Best Of der Show folgt. Um 17:55 Uhr \u00fcbernimmt schlie\u00dflich eine Folge von &#8222;Genial daneben&#8220;, gefolgt von der Wiederholung der ersten Ausgabe von &#8222;Die Nacht der 1000 Witze&#8220;. Ab 20:15 Uhr folgt dann noch einmal eine alte Folge von &#8222;Die besten Comedians Deutschlands&#8220;, ehe ab 22:50 Uhr zwei weitere Wiederholungen von &#8222;Genial daneben&#8220; geplant sind.<\/p>\n","protected":false},"excerpt":{"rendered":"Rund um den Jahreswechsel wird Sat.1 eine neue Comedyshow am sp\u00e4ten Abend ausprobieren. &#8222;Die Nacht der 1000 Witze&#8220;&hellip;\n","protected":false},"author":2,"featured_media":639296,"comment_status":"","ping_status":"","sticky":false,"template":"","format":"standard","meta":{"footnotes":""},"categories":[1773],"tags":[29,214,30,471,1780,215],"class_list":{"0":"post-639295","1":"post","2":"type-post","3":"status-publish","4":"format-standard","5":"has-post-thumbnail","7":"category-serien","8":"tag-deutschland","9":"tag-entertainment","10":"tag-germany","11":"tag-serien","12":"tag-series","13":"tag-unterhaltung"},"share_on_mastodon":{"url":"https:\/\/pubeurope.com\/@de\/115701315337708682","error":""},"_links":{"self":[{"href":"https:\/\/www.europesays.com\/de\/wp-json\/wp\/v2\/posts\/639295","targetHints":{"allow":["GET"]}}],"collection":[{"href":"https:\/\/www.europesays.com\/de\/wp-json\/wp\/v2\/posts"}],"about":[{"href":"https:\/\/www.europesays.com\/de\/wp-json\/wp\/v2\/types\/post"}],"author":[{"embeddable":true,"href":"https:\/\/www.europesays.com\/de\/wp-json\/wp\/v2\/users\/2"}],"replies":[{"embeddable":true,"href":"https:\/\/www.europesays.com\/de\/wp-json\/wp\/v2\/comments?post=639295"}],"version-history":[{"count":0,"href":"https:\/\/www.europesays.com\/de\/wp-json\/wp\/v2\/posts\/639295\/revisions"}],"wp:featuredmedia":[{"embeddable":true,"href":"https:\/\/www.europesays.com\/de\/wp-json\/wp\/v2\/media\/639296"}],"wp:attachment":[{"href":"https:\/\/www.europesays.com\/de\/wp-json\/wp\/v2\/media?parent=639295"}],"wp:term":[{"taxonomy":"category","embeddable":true,"href":"https:\/\/www.europesays.com\/de\/wp-json\/wp\/v2\/categories?post=639295"},{"taxonomy":"post_tag","embeddable":true,"href":"https:\/\/www.europesays.com\/de\/wp-json\/wp\/v2\/tags?post=639295"}],"curies":[{"name":"wp","href":"https:\/\/api.w.org\/{rel}","templated":true}]}}