{"id":639305,"date":"2025-12-11T14:09:17","date_gmt":"2025-12-11T14:09:17","guid":{"rendered":"https:\/\/www.europesays.com\/de\/639305\/"},"modified":"2025-12-11T14:09:17","modified_gmt":"2025-12-11T14:09:17","slug":"typisch-deutsch-guenther-jauch-prangert-haeme-nach-gottschalk-auftritten-an","status":"publish","type":"post","link":"https:\/\/www.europesays.com\/de\/639305\/","title":{"rendered":"&#8222;Typisch deutsch&#8220;: G\u00fcnther Jauch prangert H\u00e4me nach Gottschalk-Auftritten an"},"content":{"rendered":"<p>&#8222;Typisch deutsch&#8220;G\u00fcnther Jauch prangert H\u00e4me nach Gottschalk-Auftritten an<\/p>\n<p>11.12.2025, 13:06 Uhr <\/p>\n<p>Artikel anh\u00f6ren(04:05 min)<\/p>\n<p><img decoding=\"async\" class=\"Image_img__fQCi0 Image_Img_16_9__4BLfH widget-picture-inline_maximizable__t_E7h\" loading=\"eager\" fetchpriority=\"high\" src=\"https:\/\/www.europesays.com\/de\/wp-content\/uploads\/2025\/12\/Guenther-Jauch-l.webp.webp\" alt=\"Guenther-Jauch-l\"\/>Gute alte Bekannte: G\u00fcnther Jauch (l.) und Thomas Gottschalk. (Foto: picture alliance \/ Stefan Gregorowius)TeilenFolgen auf:<a href=\"https:\/\/www.whatsapp.com\/channel\/0029Va5cdVJD8SDp5YZgYF01\" title=\"Auf WhatsApp folgen\" target=\"_blank\" rel=\"noopener\"><img decoding=\"async\" src=\"https:\/\/www.n-tv.de\/socialIcons\/whatsapp.svg\" alt=\"whatsapp\" class=\"ArticleShare_icon__FsrC2\"\/><\/a><a href=\"https:\/\/news.google.com\/publications\/CAAiEPMdif5mpRNxiLOeUpHCwwsqFAgKIhDzHYn-ZqUTcYiznlKRwsML?hl=de&amp;gl=DE&amp;ceid=DE%3Ade\" title=\"Auf Google News folgen\" target=\"_blank\" rel=\"noopener\"><img decoding=\"async\" src=\"https:\/\/www.n-tv.de\/socialIcons\/google.svg\" alt=\"whatsapp\" class=\"ArticleShare_icon__FsrC2\"\/><\/a><\/p>\n<p class=\"Typography_text-m__XI0da Typography_weight-bold__uT6mq storyline_lead_text_leadtext__q_wg8\">Thomas Gottschalk und G\u00fcnther Jauch kennen und sch\u00e4tzen sich seit Jahrzehnten. Vor wenigen Tagen stehen sie ein letztes Mal zusammen vor der Kamera. Jauch spart nicht an Kritik, wenn er die Geschehnisse rund um Gottschalks Abschied nun noch einmal Revue passieren l\u00e4sst.<\/p>\n<p class=\"Typography_text-default__P3otY Typography_weight-normal__pqUbH storyline_paragraph_p__qSR5N\">Nicht nur Thomas Gottschalk und G\u00fcnther Jauch kennen sich lange, sondern auch Oliver Pocher und G\u00fcnther Jauch. Schlie\u00dflich trat der Comedian in RTL-Shows wie &#8222;5 gegen Jauch&#8220; oder &#8222;Jauch gegen \u2026&#8220; viele Jahre an der Seite der &#8222;Wer wird Million\u00e4r?&#8220;-Legende als Moderator in Aktion. Nun erwies Jauch dem Kollegen in einem ganz anderen Zusammenhang die Ehre. <\/p>\n<p class=\"Typography_text-default__P3otY Typography_weight-normal__pqUbH storyline_paragraph_p__qSR5N\">So lud Pocher am Mittwochabend unter dem Motto &#8222;Der gro\u00dfe Jahresr\u00fcckblick&#8220; zu einer Live-Show in den Berliner Admiralspalast. Eine TV-\u00dcbertragung der Veranstaltung fand nicht statt. Stattdessen soll ein Mitschnitt in den kommenden Tagen in der Pocher-App abrufbar sein.<\/p>\n<p><img decoding=\"async\" class=\"Image_img__fQCi0 Image_Img_16_9__4BLfH widget-picture-inline_maximizable__t_E7h\" loading=\"lazy\" src=\"https:\/\/www.n-tv.de\/logo_grey.svg\" alt=\"BERLIN-GERMANY-DECEMBER-10-L-R-Oliver-Pocher-and-Guenther-Jauch-live-onstage-during-the-podcast-and-talk-show-Der-grosse-Jahresrueckblick-at-Admiralspalast-on-December-10-2025-in-Berlin-Germany\"\/>G\u00fcther Jauch (r.) unterhielt sich im Berliner Admiralspalast mit Oliver Pocher. (Foto: Getty Images)<\/p>\n<p class=\"Typography_text-default__P3otY Typography_weight-normal__pqUbH storyline_paragraph_p__qSR5N\">Der rund 100-min\u00fctige Jahresr\u00fcckblick ging zum nunmehr dritten Mal \u00fcber die B\u00fchne. In den vergangenen beiden Jahren hatten die Comedians Luke Mockridge und Serdar Somuncu die jeweiligen Abende mit Pocher bestritten. Der Stargast in der aktuellen Ausgabe war indes G\u00fcnther Jauch. <\/p>\n<p>&#8222;Ganz sch\u00f6n gezittert&#8220;<\/p>\n<p class=\"Typography_text-default__P3otY Typography_weight-normal__pqUbH storyline_paragraph_p__qSR5N\">Mit ihm ging es nat\u00fcrlich alsbald um Thomas Gottschalk. Der an Krebs erkrankte Entertainer war vor wenigen Tagen zum letzten Mal in einer gro\u00dfen Samstagabendshow aufgetreten. In &#8222;Denn sie wissen nicht, was passiert&#8220; stand er zusammen mit Jauch, Barbara Sch\u00f6neberger und weiteren Weggef\u00e4hrten vor der Kamera. Doch hinter den Kulissen der RTL-Kultsendung (<a class=\"inline_link\" href=\"https:\/\/plus.rtl.de\/video-tv\/shows\/denn-sie-wissen-nicht-was-passiert-die-jauch-gottschalk-schoeneberger-show-803481?utm_campaign=textlink&amp;utm_source=ntv&amp;utm_medium=owned&amp;utm_term=denn-sie-wissen-nicht-was-passiert&amp;utm_content=xxxxx\" target=\"_blank\" rel=\"noopener\">auf RTL+ abrufbar<\/a>) lief offenbar nicht alles reibungslos, wie Jauch laut &#8222;Bild&#8220;-Zeitung jetzt im Gespr\u00e4ch mit Pocher ausplauderte.<\/p>\n<p class=\"Typography_text-default__P3otY Typography_weight-normal__pqUbH storyline_paragraph_p__qSR5N\">Einige h\u00e4tten vor der Show &#8222;ganz sch\u00f6n gezittert&#8220;, wird Jauch zitiert. &#8222;Machen wir das live oder zeichnen wir das auf? Der Einzige, der das ziemlich locker genommen hat, das war Thomas an dem Abend.&#8220; Tats\u00e4chlich hatte RTL im Vorfeld entschieden, die Sendung &#8222;leicht zeitversetzt&#8220; auszustrahlen. Bei dieser &#8222;Live on tape&#8220;-Variante kann die Produktion die Aufzeichnung im Notfall noch nachbearbeiten.<\/p>\n<p class=\"Typography_text-default__P3otY Typography_weight-normal__pqUbH storyline_paragraph_p__qSR5N\">Gottschalk hatte seine Krebs-Erkrankung nur eine Woche vor seinem TV-Abschied \u00f6ffentlich gemacht. Zugleich erkl\u00e4rte er, derzeit starke Schmerzmittel einzunehmen, die sich auch auf seine Psyche auswirkten. Zuvor hatte es Spekulationen um seinen Gesundheitszustand gegeben, nachdem er bei zwei \u00f6ffentlichen Auftritten einen verwirrten Eindruck gemacht hatte.<\/p>\n<p>&#8222;Es kann jeder kriegen&#8220;<\/p>\n<p class=\"Typography_text-default__P3otY Typography_weight-normal__pqUbH storyline_paragraph_p__qSR5N\">Auf Pochers Frage, ob Gottschalk bei &#8222;Denn sie wissen nicht, was passiert&#8220; nun wirklich seinen letzten Samstagabend-Auftritt absolviert habe, reagierte Jauch laut &#8222;Bild&#8220;-Zeitung mit vorsichtiger Skepsis: &#8222;Das sollte man ihm nie so ganz abnehmen, aber dass er im Moment tats\u00e4chlich den festen Willen hat, sich jetzt mal zur\u00fcckzuziehen.&#8220; <\/p>\n<p class=\"Typography_text-default__P3otY Typography_weight-normal__pqUbH storyline_paragraph_p__qSR5N\">Jeder k\u00f6nne Gottschalks Entscheidung verstehen, wird Jauch weiter zitiert. &#8222;Die meisten von uns k\u00f6nnen eben nicht nachvollziehen, was so eine Krankheit f\u00fcr einen bedeutet, was auch die Ungewissheit bedeutet, wie das Ganze ausgeht und wie die n\u00e4chsten Untersuchungen sind.&#8220;<\/p>\n<p class=\"Typography_text-default__P3otY Typography_weight-normal__pqUbH storyline_paragraph_p__qSR5N\">Nachdenklich f\u00fcgte der 69-J\u00e4hrige laut Zeitungsbericht hinzu, dass ihm niemand bekannt sei, der nicht irgendjemanden mit einer Krebs-Erkrankung in seinem Umfeld habe. &#8222;Bei jedem in der Familie ist das irgendwo schon mal vorgekommen. Dass es jetzt auch das ewige Gl\u00fcckskind des deutschen Fernsehens getroffen hat, zeigt, dass es jeder kriegen kann&#8220;, so Jauch.<\/p>\n<p>&#8222;H\u00e4me h\u00f6rt gar nicht auf&#8220;<\/p>\n<p class=\"Typography_text-default__P3otY Typography_weight-normal__pqUbH storyline_paragraph_p__qSR5N\">Der &#8222;Wer wird Million\u00e4r&#8220;-Moderator \u00fcbte zudem Kritik am Umgang mit Gottschalk, nach dessen derangierten Auftritten bei der Bambi-Verleihung und der Romy-Vergabe: &#8222;Das ist typisch deutsch, dass die Leute teilweise einfach auch hochgeschossen werden sollen, damit sie dann ein sch\u00f6neres Ziel abgeben, um sie dann niederzuschreiben oder niederzumachen. Die sozialen Medien befeuern das nat\u00fcrlich erst recht.&#8220;<\/p>\n<p class=\"Typography_text-default__P3otY Typography_weight-normal__pqUbH storyline_paragraph_p__qSR5N\">Besonders bemerkenswert f\u00e4nde er es, so wird Jauch weiter zitiert, &#8222;wenn Menschen wirklich sehr, sehr krank sind, und das nach au\u00dfen auch zugeben und man im Grunde auch nicht wei\u00df, wie die ganze Geschichte ausgeht, dass diese H\u00e4me dann gar nicht aufh\u00f6rt&#8220;. In Sachen H\u00e4me kennt sich Jauchs Gegen\u00fcber an diesem Abend aber nat\u00fcrlich auch ganz gut aus, auch wenn Pocher sich zu Gottschalk zuletzt stets nur respektvoll, einf\u00fchlsam und mitf\u00fchlend ge\u00e4u\u00dfert hat.<\/p>\n<p class=\"Typography_text-s__wu_cm Typography_weight-normal__pqUbH Typography_color-darkgrey__sZEnP article-detail-footer_source__KslPc\">Quelle: ntv.de, vpr\/spot<\/p>\n","protected":false},"excerpt":{"rendered":"&#8222;Typisch deutsch&#8220;G\u00fcnther Jauch prangert H\u00e4me nach Gottschalk-Auftritten an 11.12.2025, 13:06 Uhr Artikel anh\u00f6ren(04:05 min) Gute alte Bekannte: G\u00fcnther&hellip;\n","protected":false},"author":2,"featured_media":639306,"comment_status":"","ping_status":"","sticky":false,"template":"","format":"standard","meta":{"footnotes":""},"categories":[155],"tags":[29,214,30,10512,1080,34379,640,765,8266,684,215],"class_list":{"0":"post-639305","1":"post","2":"type-post","3":"status-publish","4":"format-standard","5":"has-post-thumbnail","7":"category-unterhaltung","8":"tag-deutschland","9":"tag-entertainment","10":"tag-germany","11":"tag-guenther-jauch","12":"tag-krebs","13":"tag-oliver-pocher","14":"tag-rtl","15":"tag-rtlplus","16":"tag-thomas-gottschalk","17":"tag-tv","18":"tag-unterhaltung"},"share_on_mastodon":{"url":"https:\/\/pubeurope.com\/@de\/115701335253538909","error":""},"_links":{"self":[{"href":"https:\/\/www.europesays.com\/de\/wp-json\/wp\/v2\/posts\/639305","targetHints":{"allow":["GET"]}}],"collection":[{"href":"https:\/\/www.europesays.com\/de\/wp-json\/wp\/v2\/posts"}],"about":[{"href":"https:\/\/www.europesays.com\/de\/wp-json\/wp\/v2\/types\/post"}],"author":[{"embeddable":true,"href":"https:\/\/www.europesays.com\/de\/wp-json\/wp\/v2\/users\/2"}],"replies":[{"embeddable":true,"href":"https:\/\/www.europesays.com\/de\/wp-json\/wp\/v2\/comments?post=639305"}],"version-history":[{"count":0,"href":"https:\/\/www.europesays.com\/de\/wp-json\/wp\/v2\/posts\/639305\/revisions"}],"wp:featuredmedia":[{"embeddable":true,"href":"https:\/\/www.europesays.com\/de\/wp-json\/wp\/v2\/media\/639306"}],"wp:attachment":[{"href":"https:\/\/www.europesays.com\/de\/wp-json\/wp\/v2\/media?parent=639305"}],"wp:term":[{"taxonomy":"category","embeddable":true,"href":"https:\/\/www.europesays.com\/de\/wp-json\/wp\/v2\/categories?post=639305"},{"taxonomy":"post_tag","embeddable":true,"href":"https:\/\/www.europesays.com\/de\/wp-json\/wp\/v2\/tags?post=639305"}],"curies":[{"name":"wp","href":"https:\/\/api.w.org\/{rel}","templated":true}]}}