{"id":639313,"date":"2025-12-11T14:13:13","date_gmt":"2025-12-11T14:13:13","guid":{"rendered":"https:\/\/www.europesays.com\/de\/639313\/"},"modified":"2025-12-11T14:13:13","modified_gmt":"2025-12-11T14:13:13","slug":"patricia-schlesinger-fruehere-rbb-intendantin-schlesinger-wegen-untreue-angeklagt","status":"publish","type":"post","link":"https:\/\/www.europesays.com\/de\/639313\/","title":{"rendered":"Patricia Schlesinger: Fr\u00fchere RBB-Intendantin Schlesinger wegen Untreue angeklagt"},"content":{"rendered":"<p class=\"paragraph article__item\">Die Berliner Generalstaatsanwaltschaft hat Anklage gegen die fr\u00fchere Intendantin des <a href=\"https:\/\/www.zeit.de\/thema\/rbb\" class=\"\" target=\"_blank\" rel=\"noopener\">Rundfunks Berlin-Brandenburg<\/a> (RBB), <a class=\"rtr-entity\" href=\"https:\/\/www.zeit.de\/thema\/oeffentlich-rechtlicher-rundfunk\" target=\"_blank\" rel=\"noopener\">Patricia Schlesinger<\/a>, erhoben.<br \/>\nIhr und drei weiteren fr\u00fcheren F\u00fchrungsmitgliedern des Senders wird Untreue vorgeworfen, wie die Generalstaatsanwaltschaft mitteilte.\n<\/p>\n<p class=\"paragraph article__item\">Sie sollen zwischen Januar 2018 und Juli 2022\u00a0das Verm\u00f6gen<br \/>\ndes <a class=\"rtr-entity\" href=\"https:\/\/www.zeit.de\/thema\/oeffentlich-rechtlicher-rundfunk\" target=\"_blank\" rel=\"noopener\">RBB<\/a> gesch\u00e4digt haben. Neben Schlesinger sind<br \/>\nder fr\u00fchere Verwaltungsdirektor, die fr\u00fchere juristische Direktorin<br \/>\nsowie der fr\u00fchere Vorsitzende des Verwaltungsrats des RBB angeklagt.\n<\/p>\n<p class=\"paragraph article__item\">Die Generalstaatsanwaltschaft wirft Schlesinger Untreue in 26 F\u00e4llen vor, dem Verwaltungsdirektor in f\u00fcnf F\u00e4llen, der juristischen Direktorin in sechs F\u00e4llen und dem Verwaltungsratsvorsitzenden in 13 F\u00e4llen. In sieben F\u00e4llen gehen die<br \/>\nErmittler jeweils von einem besonders schweren Fall aufgrund der<br \/>\n&#8222;gewerbsm\u00e4\u00dfigen Begehungsweise&#8220; beziehungsweise des besonders hohen<br \/>\nSchadens aus.\n<\/p>\n<p class=\"paragraph article__item\">Haupts\u00e4chlich geht es laut Staatsanwaltschaft um die Zahlung sogenannter variabler Verg\u00fctungsanteile an Schlesinger und andere Mitglieder der Gesch\u00e4ftsleitung. Diese sollen ohne die<br \/>\nerforderliche Zustimmung des Verwaltungsrats ausgezahlt worden sein\u2013 und gegen das Gebot der Wirtschaftlichkeit<br \/>\n und Sparsamkeit.\u00a0\n<\/p>\n<p>        \u00dcbernahme privater Ausgaben durch den RBB        <\/p>\n<p class=\"paragraph article__item\">Zudem geht es um Zulagen im<br \/>\nZusammenhang mit der \u00dcbernahme der ARD-Gesch\u00e4ftsf\u00fchrung und<br \/>\nBewirtungskosten, die Schlesinger sich f\u00fcr private Veranstaltungen und eine Urlaubsreise vom RBB erstattet\u00a0 haben\u00a0lassen soll.\n<\/p>\n<p class=\"paragraph article__item\">Schlesinger weist die Vorw\u00fcrfe zur\u00fcck. &#8222;Frau Schlesinger<br \/>\n hat alle ihre Entscheidungen als Intendantin ausschlie\u00dflich an den<br \/>\nInteressen des RBB ausgerichtet. Wir werden die Vorw\u00fcrfe vollumf\u00e4nglich<br \/>\nentkr\u00e4ften&#8220;, sagte ihr Anwalt Oliver Sahan der Nachrichtenagentur dpa.\n<\/p>\n<p>                            \u00a9\u00a0ZEIT ONLINE<\/p>\n<p>\n                                        Newsletter<br \/>\n                                        Was wir lesen \u2013 Der ZEIT-Literaturnewsletter<\/p>\n<p class=\"newsletter-signup__text\">Im Literaturnewsletter erz\u00e4hlen ZEIT-Journalistinnen, Schauspieler, Politikerinnen und andere Leser \u00fcber die B\u00fccher, die sie gerade begeistern. Jetzt anmelden!<\/p>\n<p class=\"newsletter-signup__datapolicy\" hidden=\"\">\n            Mit Ihrer Registrierung nehmen Sie die <a href=\"https:\/\/datenschutz.zeit.de\/zon#Newsletter\" target=\"_blank\" rel=\"noopener\">Datenschutzerkl\u00e4rung<\/a><br \/>\n     zur Kenntnis.\n        <\/p>\n<p>    Vielen Dank! Wir haben Ihnen eine E-Mail geschickt.<\/p>\n<p>Pr\u00fcfen Sie Ihr Postfach und best\u00e4tigen Sie das Newsletter-Abonnement.<\/p>\n<p class=\"paragraph article__item\">Schlesinger war von 2016 bis 2022 Intendantin des RBB<br \/>\n sowie von Januar bis August 2022 Vorsitzende der <a class=\"rtr-entity\" href=\"https:\/\/www.zeit.de\/thema\/ard\" target=\"_blank\" rel=\"noopener\">ARD<\/a>. Im Zuge des<br \/>\nsogenannten RBB-Skandals musste sie im August 2022 von allen \u00c4mtern<br \/>\nzur\u00fccktreten. Berichte warfen ihr unter anderem Vetternwirtschaft und<br \/>\nVorteilsnahme vor. Dabei ging es um Dienstwagen mit Massagesitzen, um<br \/>\nluxuri\u00f6se Ausstattung in der Intendanz, Essen auf Senderkosten bei der<br \/>\nIntendantin zu Hause, Dienstreisen, Zulagen f\u00fcr F\u00fchrungskr\u00e4fte und um<br \/>\nein inzwischen abgesagtes Bauprojekt f\u00fcr die Redaktion. Schlesinger wies die Vorw\u00fcrfe zur\u00fcck.\n<\/p>\n<p>        Streit \u00fcber Ruhegeld und R\u00fcckzahlungen        <\/p>\n<p class=\"paragraph article__item\">Seit ihrer <a href=\"https:\/\/www.zeit.de\/kultur\/2022-08\/rundfunk-berlin-brandenburg-patricia-schlesinger-fristlos-entlassen-verwaltungsrat\" class=\"\" target=\"_blank\" rel=\"noopener\">Entlassung<\/a> l\u00e4uft ein Rechtsstreit mit dem RBB.\u00a0Schlesinger\u00a0fordert die Zahlung eines sogenannten Ruhegeldes. Der RBB will das Geld nicht zahlen und wirft Schlesinger<br \/>\n Pflichtverletzungen vor. Der Sender fordert, dass die fr\u00fchere Intendantin<br \/>\nGeld zur\u00fcckzahlt.\u00a0<a href=\"https:\/\/www.zeit.de\/kultur\/2025-07\/patricia-schlesinger-rbb-gericht-urteil-ruhegeld\" class=\"\" target=\"_blank\" rel=\"noopener\">Gegen ein Urteil des Landgerichts Berlin im Juli 2025 <\/a>legten beide Parteien <a href=\"https:\/\/www.zeit.de\/kultur\/2025-08\/patricia-schlesinger-rbb-gericht-urteil-berufung\" class=\"\" target=\"_blank\" rel=\"noopener\">Berufung<\/a> ein.\u00a0\n<\/p>\n<p>            Patricia Schlesinger        <\/p>\n<p>Mehr zum Thema<\/p>\n<p>                <a href=\"https:\/\/www.zeit.de\/kultur\/film\/2025-07\/patricia-schlesinger-rbb-zivilverfahren-urteil-landgericht-berlin\" data-ct-label=\"Patricia Schlesinger: Ein Unentschieden, bei dem alle verloren haben\" target=\"_blank\" rel=\"noopener\"><\/p>\n<p>        Z+ (abopflichtiger Inhalt);<\/p>\n<p>    Patricia Schlesinger:<br \/>\n                        Ein Unentschieden, bei dem alle verloren haben<\/p>\n<p>                <\/a><\/p>\n<p>                <a href=\"https:\/\/www.zeit.de\/2022\/37\/patricia-schlesinger-affaere-rbb-intendantin\" data-ct-label=\"Patricia Schlesinger: &quot;Ich habe die Wut der Leute untersch\u00e4tzt&quot;\" target=\"_blank\" rel=\"noopener\"><\/p>\n<p>        Z+ (abopflichtiger Inhalt);<\/p>\n<p>    Patricia Schlesinger:<br \/>\n                        &#8222;Ich habe die Wut der Leute untersch\u00e4tzt&#8220;<\/p>\n<p>                <\/a><\/p>\n<p>                <a href=\"https:\/\/www.zeit.de\/2024\/41\/patricia-schlesinger-intendantin-rbb-skandal-journalismus-medien\" data-ct-label=\"Patricia Schlesinger: Die Intendantin und ihre Feinde\" target=\"_blank\" rel=\"noopener\"><\/p>\n<p>        Z+ (abopflichtiger Inhalt);<\/p>\n<p>    Patricia Schlesinger:<br \/>\n                        Die Intendantin und ihre Feinde<\/p>\n<p>                <\/a><\/p>\n","protected":false},"excerpt":{"rendered":"Die Berliner Generalstaatsanwaltschaft hat Anklage gegen die fr\u00fchere Intendantin des Rundfunks Berlin-Brandenburg (RBB), Patricia Schlesinger, erhoben. Ihr und&hellip;\n","protected":false},"author":2,"featured_media":639314,"comment_status":"","ping_status":"","sticky":false,"template":"","format":"standard","meta":{"footnotes":""},"categories":[2],"tags":[7237,223,29,587,30,13,324,80,14,15,81219,2239,12,10,8,9,11],"class_list":{"0":"post-639313","1":"post","2":"type-post","3":"status-publish","4":"format-standard","5":"has-post-thumbnail","7":"category-deutschland","8":"tag-anzeige","9":"tag-ard","10":"tag-deutschland","11":"tag-ermittlung","12":"tag-germany","13":"tag-headlines","14":"tag-korruption","15":"tag-kultur","16":"tag-nachrichten","17":"tag-news","18":"tag-patricia-schlesinger","19":"tag-rbb","20":"tag-schlagzeilen","21":"tag-top-news","22":"tag-top-meldungen","23":"tag-topmeldungen","24":"tag-topnews"},"share_on_mastodon":{"url":"https:\/\/pubeurope.com\/@de\/115701351281225537","error":""},"_links":{"self":[{"href":"https:\/\/www.europesays.com\/de\/wp-json\/wp\/v2\/posts\/639313","targetHints":{"allow":["GET"]}}],"collection":[{"href":"https:\/\/www.europesays.com\/de\/wp-json\/wp\/v2\/posts"}],"about":[{"href":"https:\/\/www.europesays.com\/de\/wp-json\/wp\/v2\/types\/post"}],"author":[{"embeddable":true,"href":"https:\/\/www.europesays.com\/de\/wp-json\/wp\/v2\/users\/2"}],"replies":[{"embeddable":true,"href":"https:\/\/www.europesays.com\/de\/wp-json\/wp\/v2\/comments?post=639313"}],"version-history":[{"count":0,"href":"https:\/\/www.europesays.com\/de\/wp-json\/wp\/v2\/posts\/639313\/revisions"}],"wp:featuredmedia":[{"embeddable":true,"href":"https:\/\/www.europesays.com\/de\/wp-json\/wp\/v2\/media\/639314"}],"wp:attachment":[{"href":"https:\/\/www.europesays.com\/de\/wp-json\/wp\/v2\/media?parent=639313"}],"wp:term":[{"taxonomy":"category","embeddable":true,"href":"https:\/\/www.europesays.com\/de\/wp-json\/wp\/v2\/categories?post=639313"},{"taxonomy":"post_tag","embeddable":true,"href":"https:\/\/www.europesays.com\/de\/wp-json\/wp\/v2\/tags?post=639313"}],"curies":[{"name":"wp","href":"https:\/\/api.w.org\/{rel}","templated":true}]}}