{"id":639321,"date":"2025-12-11T14:18:15","date_gmt":"2025-12-11T14:18:15","guid":{"rendered":"https:\/\/www.europesays.com\/de\/639321\/"},"modified":"2025-12-11T14:18:15","modified_gmt":"2025-12-11T14:18:15","slug":"so-funktioniert-digitale-teilhabe-in-kiel","status":"publish","type":"post","link":"https:\/\/www.europesays.com\/de\/639321\/","title":{"rendered":"So funktioniert digitale Teilhabe in Kiel"},"content":{"rendered":"<ul id=\"gallery_0\">\n<li style=\"display: table-cell;width: 1030px;\"><a class=\"zoom\" title=\"So funktioniert digitale Teilhabe in Kiel\" href=\"https:\/\/www.kielerleben.de\/media\/kielerleben\/styles\/tec_frontend_fullscreen\/public\/images\/media\/editors\/2025_50\/image-28684--54739.jpg?itok=TIMsyek8\" target=\"_blank\" rel=\"noopener\"><img decoding=\"async\" class=\"image_0 img-responsive\" itemprop=\"image\" style=\"max-width:1000px; max-height:714px\" alt=\"So funktioniert digitale Teilhabe in Kiel\" src=\"https:\/\/www.europesays.com\/de\/wp-content\/uploads\/2025\/12\/image-28684--54739.jpg\"\/> (Bild: Diakonie Altholstein\/ Tanja Maury Butensch\u00f6n)<\/li>\n<\/ul>\n<p>Die digitale Welt bietet viele Chancen: in der Bildung, im Beruf, im Alltag. Doch Wissen, F\u00e4higkeiten und die technischen M\u00f6glichkeiten sind sehr unterschiedlich ausgepr\u00e4gt.<\/p>\n<p>Digitale Teilhabe bedeutet, dass wirklich jede*r die M\u00f6glichkeit hat, Technik zu nutzen und mitzugestalten \u2013 unabh\u00e4ngig von Alter, Herkunft, Geldbeutel oder Vorkenntnissen.<\/p>\n<p>Damit das gelingt, braucht es drei Dinge:<br \/>\n\u2022 verst\u00e4ndliche Lernangebote<br \/>\n\u2022 einen einfachen Zugang zu Ger\u00e4ten<\/p>\n<p>\u00a0und Internet\n<\/p>\n<p>\u2022 und vor allem Unterst\u00fctzung im Umgang mit digitalen Anwendungen<br \/>\nEin Ort zum Ausprobieren: Die digitalen Knotenpunkte<\/p>\n<p>Digitale Knotenpunkte sind Orte, an denen Menschen Unterst\u00fctzung rund um digitale Themen bekommen \u2013 zum Beispiel beim Umgang mit Tablets, beim Kennenlernen von 3D-Druckern oder VR-Brillen.<\/p>\n<p>Sie helfen dabei, dass alle Menschen Zugang zur digitalen Welt bekommen, unabh\u00e4ngig von Alter, Herkunft oder Vorkenntnissen: So wird Digitale Teilhabe f\u00fcr alle sichergestellt. Seit Oktober geh\u00f6ren die 19 \u201eAnlaufstellen Nachbarschaft\u201c (\u201eanna\u201c) in allen Kieler Ortsteilen zu diesem Netzwerk.<\/p>\n<p>Zusammen mit 37 weiteren Knotenpunkten in ganz Schleswig-Holstein bilden sie ein wachsendes Netzwerk, das von der Staatskanzlei Schleswig-Holstein gef\u00f6rdert wird.<\/p>\n<p>In den Knotenpunkten helfen engagierte Menschen, viele davon ehrenamtlich. Man muss nichts mitbringen \u2013 Neugier und Lust am Ausprobieren reichen.<\/p>\n<p>Mit dem Smartphone Schritt f\u00fcr Schritt<\/p>\n<p>Auch Senior*innen profitieren vom digitalen Wandel, etwa um mit der Familie zu chatten oder online einzukaufen. Doch viele brauchen Unterst\u00fctzung beim Einstieg. Das Projekt \u201eDigitale Teilhabe in Seniorenheimen\u201c bringt deshalb Smartphone-Sprechstunden direkt in Pflegeeinrichtungen. Organisiert von der F\u00f6rde-vhs und der Stiftung Kieler Stadtkloster, mit Unterst\u00fctzung von SmarterLeben, zeigen Fachleute im eigenen Tempo, wie\u2019s geht. SmarterLeben ist ein Modellprojekt der KielRegion GmbH, das sich mit innovativen L\u00f6sungen f\u00fcr das Leben im l\u00e4ndlichen Raum besch\u00e4ftigt. Es geht darum, wie Digitalisierung, Nachhaltigkeit und b\u00fcrgernahe Angebote dazu beitragen k\u00f6nnen, das Leben im l\u00e4ndlichen Raum einfacher, vernetzter und attraktiver zu machen.<\/p>\n<p>Gemeinsam f\u00fcr mehr Gerechtigkeit<\/p>\n<p>Digitale Teilhabe ist mehr als Technik, sie ist Teil einer gerechten Gesellschaft. Die verschiedenen Partner*innen aus Bildung, Wirtschaft und Verwaltung arbeiten zusammen, damit wirklich niemand au\u00dfen vor bleibt.<\/p>\n<p>Save the Date: 5. Mai 2026<br \/>\nAktionstag Digitale Teilhabe im Rahmen der Digitalen Woche Kiel<br \/>\n<strong>Ort: IHK Schleswig-Holstein, Bergstra\u00dfe 2, Kiel<\/strong><\/p>\n<p><strong>Infos:<\/strong><br \/><a href=\"https:\/\/www.anna-in-kiel.de\/\" target=\"_blank\" rel=\"noopener\">www.anna-in-kiel.de<\/a>,<br \/><a href=\"https:\/\/www.kielregion.de\/zukunftsregion\/smarterleben\/kompetenzaufbau\/\" target=\"_blank\" rel=\"noopener\">www.kielregion.de\/smarterleben\/kompetenzaufbau<\/a><\/p>\n<p><strong>Kontakt:<\/strong><br \/><a href=\"https:\/\/www.kielerleben.de\/news\/mailto:leitstelle-aelterwerden@kiel.de\" target=\"_blank\" rel=\"noopener\">leitstelle-aelterwerden@kiel.de<\/a><\/p>\n","protected":false},"excerpt":{"rendered":"(Bild: Diakonie Altholstein\/ Tanja Maury Butensch\u00f6n) Die digitale Welt bietet viele Chancen: in der Bildung, im Beruf, im&hellip;\n","protected":false},"author":2,"featured_media":639322,"comment_status":"","ping_status":"","sticky":false,"template":"","format":"standard","meta":{"footnotes":""},"categories":[1852],"tags":[3364,29,548,663,3934,30,13,4949,14,15,12,1971],"class_list":{"0":"post-639321","1":"post","2":"type-post","3":"status-publish","4":"format-standard","5":"has-post-thumbnail","7":"category-kiel","8":"tag-de","9":"tag-deutschland","10":"tag-eu","11":"tag-europa","12":"tag-europe","13":"tag-germany","14":"tag-headlines","15":"tag-kiel","16":"tag-nachrichten","17":"tag-news","18":"tag-schlagzeilen","19":"tag-schleswig-holstein"},"share_on_mastodon":{"url":"https:\/\/pubeurope.com\/@de\/115701370480414258","error":""},"_links":{"self":[{"href":"https:\/\/www.europesays.com\/de\/wp-json\/wp\/v2\/posts\/639321","targetHints":{"allow":["GET"]}}],"collection":[{"href":"https:\/\/www.europesays.com\/de\/wp-json\/wp\/v2\/posts"}],"about":[{"href":"https:\/\/www.europesays.com\/de\/wp-json\/wp\/v2\/types\/post"}],"author":[{"embeddable":true,"href":"https:\/\/www.europesays.com\/de\/wp-json\/wp\/v2\/users\/2"}],"replies":[{"embeddable":true,"href":"https:\/\/www.europesays.com\/de\/wp-json\/wp\/v2\/comments?post=639321"}],"version-history":[{"count":0,"href":"https:\/\/www.europesays.com\/de\/wp-json\/wp\/v2\/posts\/639321\/revisions"}],"wp:featuredmedia":[{"embeddable":true,"href":"https:\/\/www.europesays.com\/de\/wp-json\/wp\/v2\/media\/639322"}],"wp:attachment":[{"href":"https:\/\/www.europesays.com\/de\/wp-json\/wp\/v2\/media?parent=639321"}],"wp:term":[{"taxonomy":"category","embeddable":true,"href":"https:\/\/www.europesays.com\/de\/wp-json\/wp\/v2\/categories?post=639321"},{"taxonomy":"post_tag","embeddable":true,"href":"https:\/\/www.europesays.com\/de\/wp-json\/wp\/v2\/tags?post=639321"}],"curies":[{"name":"wp","href":"https:\/\/api.w.org\/{rel}","templated":true}]}}