{"id":639326,"date":"2025-12-11T14:21:12","date_gmt":"2025-12-11T14:21:12","guid":{"rendered":"https:\/\/www.europesays.com\/de\/639326\/"},"modified":"2025-12-11T14:21:12","modified_gmt":"2025-12-11T14:21:12","slug":"norovirus-befall-in-juechen-kita-toberacker-geschlossen","status":"publish","type":"post","link":"https:\/\/www.europesays.com\/de\/639326\/","title":{"rendered":"Norovirus-Befall in J\u00fcchen: Kita Toberacker geschlossen"},"content":{"rendered":"<p class=\"text_ohne_einzug richtext text-em-55 !leading-serif mx-6 desktop:mx-0\"> \u00dcbelkeit, Erbrechen, Durchfall, Fieber: In der st\u00e4dtischen Kindertagesst\u00e4tte \u201eToberacker\u201c an der Stadionstra\u00dfe in <a href=\"https:\/\/rp-online.de\/thema\/juechen\/\" rel=\"nofollow noopener\" target=\"_blank\">J\u00fcchen<\/a> haben sich offenbar etliche Kinder und auch Erzieher mit dem <a href=\"https:\/\/rp-online.de\/thema\/norovirus\/\" rel=\"nofollow noopener\" target=\"_blank\">Norovirus<\/a> infiziert. Als die Zahl der Krankheitsf\u00e4lle am Donnerstag auf zusammengerechnet 36 stieg (darunter 30\u2005Kinder), hat die Stadt in Absprache mit dem Gesundheitsamt des Rhein-Kreises <a href=\"https:\/\/rp-online.de\/thema\/neuss\/\" rel=\"nofollow noopener\" target=\"_blank\">Neuss<\/a> die Rei\u00dfleine gezogen \u2013 und die Einrichtung dichtgemacht.<\/p>\n","protected":false},"excerpt":{"rendered":"\u00dcbelkeit, Erbrechen, Durchfall, Fieber: In der st\u00e4dtischen Kindertagesst\u00e4tte \u201eToberacker\u201c an der Stadionstra\u00dfe in J\u00fcchen haben sich offenbar etliche&hellip;\n","protected":false},"author":2,"featured_media":639327,"comment_status":"","ping_status":"","sticky":false,"template":"","format":"standard","meta":{"footnotes":""},"categories":[1849],"tags":[31693,11842,3364,29,116046,73862,548,663,3934,30,4732,138237,13,26920,25228,3491,128838,6806,66250,4455,14,15,1209,12,150688,150691,637,150690,150689],"class_list":{"0":"post-639326","1":"post","2":"type-post","3":"status-publish","4":"format-standard","5":"has-post-thumbnail","7":"category-moenchengladbach","8":"tag-norovirus","9":"tag-ausbruch","10":"tag-de","11":"tag-deutschland","12":"tag-erbrechen","13":"tag-erzieher","14":"tag-eu","15":"tag-europa","16":"tag-europe","17":"tag-germany","18":"tag-grund","19":"tag-grundreinigung","20":"tag-headlines","21":"tag-juechen","22":"tag-kindertagesstaette","23":"tag-kita","24":"tag-kitaleitung","25":"tag-krank","26":"tag-krankheitsfaelle","27":"tag-moenchengladbach","28":"tag-nachrichten","29":"tag-news","30":"tag-nordrhein-westfalen","31":"tag-schlagzeilen","32":"tag-toberacker","33":"tag-typische","34":"tag-virus","35":"tag-viruslast","36":"tag-virustypischen"},"share_on_mastodon":{"url":"https:\/\/pubeurope.com\/@de\/115701382201878180","error":""},"_links":{"self":[{"href":"https:\/\/www.europesays.com\/de\/wp-json\/wp\/v2\/posts\/639326","targetHints":{"allow":["GET"]}}],"collection":[{"href":"https:\/\/www.europesays.com\/de\/wp-json\/wp\/v2\/posts"}],"about":[{"href":"https:\/\/www.europesays.com\/de\/wp-json\/wp\/v2\/types\/post"}],"author":[{"embeddable":true,"href":"https:\/\/www.europesays.com\/de\/wp-json\/wp\/v2\/users\/2"}],"replies":[{"embeddable":true,"href":"https:\/\/www.europesays.com\/de\/wp-json\/wp\/v2\/comments?post=639326"}],"version-history":[{"count":0,"href":"https:\/\/www.europesays.com\/de\/wp-json\/wp\/v2\/posts\/639326\/revisions"}],"wp:featuredmedia":[{"embeddable":true,"href":"https:\/\/www.europesays.com\/de\/wp-json\/wp\/v2\/media\/639327"}],"wp:attachment":[{"href":"https:\/\/www.europesays.com\/de\/wp-json\/wp\/v2\/media?parent=639326"}],"wp:term":[{"taxonomy":"category","embeddable":true,"href":"https:\/\/www.europesays.com\/de\/wp-json\/wp\/v2\/categories?post=639326"},{"taxonomy":"post_tag","embeddable":true,"href":"https:\/\/www.europesays.com\/de\/wp-json\/wp\/v2\/tags?post=639326"}],"curies":[{"name":"wp","href":"https:\/\/api.w.org\/{rel}","templated":true}]}}