{"id":639332,"date":"2025-12-11T14:24:19","date_gmt":"2025-12-11T14:24:19","guid":{"rendered":"https:\/\/www.europesays.com\/de\/639332\/"},"modified":"2025-12-11T14:24:19","modified_gmt":"2025-12-11T14:24:19","slug":"veranstaltungen-im-landkreis-augsburg-am-wochenende-12-bis-14-dezember-2025","status":"publish","type":"post","link":"https:\/\/www.europesays.com\/de\/639332\/","title":{"rendered":"Veranstaltungen im Landkreis Augsburg am Wochenende 12. bis 14 Dezember 2025"},"content":{"rendered":"<p class=\"mb-6 text-xs md:text-m lg:text-l font-serif group-[.font-sans]:font-sans \">\n    In der Adventszeit geht es oft hektisch zu. Wer da auf der Suche nach einer kleinen Auszeit am Wochenende ist, wird vielleicht auf einem der vielen Weihnachtsm\u00e4rkte im Augsburger Land f\u00fcndig. Oder wie w\u00e4re es mit einem Besuch im Theater? Unsere Redaktion hat wieder einige Tipps zu Veranstaltungen am Wochenende zusammengestellt:\n  <\/p>\n<p>            Diese Weihnachtsm\u00e4rkte finden am Wochenende im Landkreis statt<\/p>\n<p class=\"mb-6 text-xs md:text-m lg:text-l font-serif group-[.font-sans]:font-sans \">\n    Am dritten Adventswochenende gibt es im Augsburger Land <a href=\"https:\/\/www.augsburger-allgemeine.de\/augsburg-land\/weihnachtsmaerkte-im-landkreis-augsburg-2025-programm-wochenende-112729349\" target=\"_self\" class=\"underline \" rel=\"noopener\">sehr viele Weihnachtsm\u00e4rkte.<\/a> Unsere Liste ist daher nur eine Auswahl.\n  <\/p>\n<ul rel=\"\" class=\"[&amp;&gt;li]:relative list-none  [&amp;&gt;li]:pl-[1.2em] [&amp;&gt;li]:marker:text-[0] [&amp;&gt;li]:relative [&amp;&gt;li]:before:absolute [&amp;&gt;li]:before:w-3 [&amp;&gt;li]:before:h-3 [&amp;&gt;li]:before:bg-brand [&amp;&gt;li]:before:left-0 [&amp;&gt;li]:before:top-[8px] [&amp;&gt;li]:before:rounded-full  my-5\">\n<li class=\" mb-3 text-xs md:text-m lg:text-l\">Obersch\u00f6nenfeld Dieser Markt ist einer der gr\u00f6\u00dften und <a href=\"https:\/\/www.augsburger-allgemeine.de\/bayern\/weihnachtsmaerkte-2025-fuer-familien-die-schoensten-in-bayerisch-schwaben-11-12-2025-112852384\" target=\"_self\" class=\"underline \" rel=\"noopener\">gilt als einer der sch\u00f6nsten im Augsburger Land.<\/a> Am Freitag wird der Markt auf dem Gel\u00e4nde des Klostersum 16 Uhr er\u00f6ffnet. Am Samstag und Sonntag ist jeweils ab 12 Uhr ge\u00f6ffnet. <\/li>\n<li class=\" mb-3 text-xs md:text-m lg:text-l\">Schwabm\u00fcnchen Mehr als 20 Buden laden auf dem Schwabm\u00fcnchner Weihnachtsmarkt zum Bummeln und Ratschen ein. Ein H\u00f6hepunkt des Programms an diesem Wochenende: Schwabm\u00fcnchens Tanzwelt ist am Samstag ab 17 Uhr zu sehen. <\/li>\n<\/ul>\n<p>    Der Schwabm\u00fcnchner Hoigarten 2025 in Bildern<\/p>\n<p>      <a href=\"https:\/\/www.augsburger-allgemeine.de\/schwabmuenchen\/bilder\/schwabmuenchen-der-schwabmuenchner-hoigarten-2025-in-bildern-112957214\" class=\"undefined aspect-hdtv md:aspect-hdtv lg:aspect-hdtv w-fullXXX relative self-start block overflow-hidden\" target=\"_blank\" rel=\"noopener\"><\/p>\n<p>    <img decoding=\"async\" src=\"https:\/\/images.mgpd.de\/img\/112957256\/crop\/c16_9-w100\/182111935\/359451399\/32-dsc8259jpg.jpg\" alt=\"Hoigarten Schwabm\u00fcnchen 2025\" title=\"Hoigarten Schwabm\u00fcnchen 2025\" class=\"h-full w-full object-cover\"\/><br \/>\n    <\/a><\/p>\n<p>    Mehr als 20 Buden laden auf dem Schwabm\u00fcnchner Weihnachtsmarkt zum Bummeln und Ratschen ein.<\/p>\n<ul rel=\"\" class=\"[&amp;&gt;li]:relative list-none  [&amp;&gt;li]:pl-[1.2em] [&amp;&gt;li]:marker:text-[0] [&amp;&gt;li]:relative [&amp;&gt;li]:before:absolute [&amp;&gt;li]:before:w-3 [&amp;&gt;li]:before:h-3 [&amp;&gt;li]:before:bg-brand [&amp;&gt;li]:before:left-0 [&amp;&gt;li]:before:top-[8px] [&amp;&gt;li]:before:rounded-full  my-5\">\n<li class=\" mb-3 text-xs md:text-m lg:text-l\">Bobingen Die Mittlere M\u00fchle in Bobingen &#8211; festlich herausgeputzt &#8211; \u00f6ffnet ihre T\u00fcren und l\u00e4dt ein zum behaglichen Plausch bei Gl\u00fchwein, Hot Aperol und weiteren Leckereien an Christbaum und Lagerfeuer am\u00a0Samstag\u00a0ab\u00a016 Uhr\u00a0und am\u00a0Sonntag ab\u00a014 Uhr.<\/li>\n<li class=\" mb-3 text-xs md:text-m lg:text-l\">Untermeitingen In ein stimmungsvolles Lichtermeer verwandelt sich der Rathausplatz in\u00a0Untermeitingen, wenn er anl\u00e4sslich des Christkindlmarkts am Sonntag in vorweihnachtlicher Atmosph\u00e4re erstrahlt.\u00a0Er\u00f6ffnet wird am Sonntag um 15 Uhr. <\/li>\n<li class=\" mb-3 text-xs md:text-m lg:text-l\">Diedorf Samstags von 16 bis 22 Uhr und sonntags von 15 bis 20 Uhr kann man seinen Gl\u00fchwein rund um den Weihnachtsbaum an der Schmuttertalhalle genie\u00dfen.<\/li>\n<li class=\" mb-3 text-xs md:text-m lg:text-l\">Neus\u00e4\u00df Der Markt hat jeweils an den Adventwochenenden von Freitag bis Sonntag ge\u00f6ffnet &#8211; freitags und samstags von 16 bis 21 Uhr und sonntags von 14 bis 20 Uhr.<\/li>\n<\/ul>\n<p>    Die Neus\u00e4sser M\u00e4rchenweihnacht in Bildern <\/p>\n<p>      <a href=\"https:\/\/www.augsburger-allgemeine.de\/augsburg-land\/bildergalerie-bilder-von-der-neusaesser-maerchenweihnacht-mit-weihnachtsmarkt-und-maerchenspaziergang-112891833\" class=\"undefined aspect-hdtv md:aspect-hdtv lg:aspect-hdtv w-fullXXX relative self-start block overflow-hidden\" target=\"_blank\" rel=\"noopener\"><\/p>\n<p>    <img decoding=\"async\" src=\"https:\/\/images.mgpd.de\/img\/112891802\/crop\/c16_9-w100\/56686300\/1982128482\/staneusaessweihnachtsmarkt0030.jpg\" alt=\"Neus\u00e4\u00df, Weihnachtsmarkt 2025\" title=\"Neus\u00e4\u00df, Weihnachtsmarkt 2025\" class=\"h-full w-full object-cover\"\/><br \/>\n    <\/a><\/p>\n<p>    In den geschm\u00fcckten Budenstra\u00dfen gibt es einiges zu entdecken.<\/p>\n<ul rel=\"\" class=\"[&amp;&gt;li]:relative list-none  [&amp;&gt;li]:pl-[1.2em] [&amp;&gt;li]:marker:text-[0] [&amp;&gt;li]:relative [&amp;&gt;li]:before:absolute [&amp;&gt;li]:before:w-3 [&amp;&gt;li]:before:h-3 [&amp;&gt;li]:before:bg-brand [&amp;&gt;li]:before:left-0 [&amp;&gt;li]:before:top-[8px] [&amp;&gt;li]:before:rounded-full  my-5\">\n<li class=\" mb-3 text-xs md:text-m lg:text-l\">Fischach Der Weihnachtsmarkt Fischach findet am Marktplatz statt. Ge\u00f6ffnet ist er am Freitag von 18 bis 22 Uhr, am Samstag von 17 bis 22 Uhr und am Sonntag von 16 bis 20 Uhr.\u00a0<\/li>\n<\/ul>\n<p>            Diese Theaterst\u00fccke und Auftritte sind am Wochenende zu sehen <\/p>\n<ul rel=\"\" class=\"[&amp;&gt;li]:relative list-none  [&amp;&gt;li]:pl-[1.2em] [&amp;&gt;li]:marker:text-[0] [&amp;&gt;li]:relative [&amp;&gt;li]:before:absolute [&amp;&gt;li]:before:w-3 [&amp;&gt;li]:before:h-3 [&amp;&gt;li]:before:bg-brand [&amp;&gt;li]:before:left-0 [&amp;&gt;li]:before:top-[8px] [&amp;&gt;li]:before:rounded-full  my-5\">\n<li class=\" mb-3 text-xs md:text-m lg:text-l\">Prinzessin Goldhaar in Diedorf Das Theaterhaus Eukitea f\u00fchrt das St\u00fcck am Sonntag um 16 Uhr auf. <\/li>\n<li class=\" mb-3 text-xs md:text-m lg:text-l\">Transit Casablanca in Gersthofen Das Schauspiel nach dem Film von Michael Curtiz ist am Samstag um 19.30 Uhr in der Stadthalle Gersthofen zu sehen. <\/li>\n<li class=\" mb-3 text-xs md:text-m lg:text-l\">Weihnachten mit Harald Krassnitzer in Gersthofen Tatort Ermittler Moritz Eisner &#8211;\u00a0alias\u00a0\u00a0Harald Krassnitzer kommt am Sonntag nach Gersthofen. Zu sehen ist er ab 18 Uhr in der Stadthalle. <\/li>\n<li class=\" mb-3 text-xs md:text-m lg:text-l\">Caro Matzko liest in Gro\u00dfaitingen aus ihrem Buch \u201eAlte Wut.\u201c Einlass zum Auftritt in der Dietrich-Bonhoeffer-Kirche ist am Freitag um 19 Uhr. <\/li>\n<\/ul>\n<p>            Und was ist sonst noch los?<\/p>\n<p class=\"mb-6 text-xs md:text-m lg:text-l font-serif group-[.font-sans]:font-sans \">\n    Eine Reihe weihnachtlicher Konzerte, zum Beispiel in der Pfarrkirche Langenneufach am Sonntag ab 16 Uhr, oder in der Singoldhalle am Sonntag um 17 Uhr. Adventlich wird es auch bei der besinnlichen Stunde im Kloster Holzen am Sonntag ab 17 Uhr, oder bei einem Weihnachtskonzert in der Immanuelkirche in Diedorf am Freitag um 19 Uhr. (kinp)\n  <\/p>\n<ul data-module-id=\"DragDropModule\" class=\"flex flex-wrap justify-start group-[.no-bookmarks]:hidden\">\n<li class=\"mb-3 mr-3\">\n    Philipp Kinne<\/p>\n<p>      Icon Haken im Kreis gesetzt<\/p>\n<p>      Icon Plus im Kreis<\/p>\n<\/li>\n<li class=\"mb-3 mr-3\">\n    Weihnachtsmarkt<\/p>\n<p>      Icon Haken im Kreis gesetzt<\/p>\n<p>      Icon Plus im Kreis<\/p>\n<\/li>\n<li class=\"mb-3 mr-3\">\n    Veranstaltungstipp<\/p>\n<p>      Icon Haken im Kreis gesetzt<\/p>\n<p>      Icon Plus im Kreis<\/p>\n<\/li>\n<\/ul>\n","protected":false},"excerpt":{"rendered":"In der Adventszeit geht es oft hektisch zu. Wer da auf der Suche nach einer kleinen Auszeit am&hellip;\n","protected":false},"author":2,"featured_media":639333,"comment_status":"","ping_status":"","sticky":false,"template":"","format":"standard","meta":{"footnotes":""},"categories":[1846],"tags":[127611,680,772,3364,29,138939,548,663,3934,30,13,14,15,12,150692,33068,8497],"class_list":{"0":"post-639332","1":"post","2":"type-post","3":"status-publish","4":"format-standard","5":"has-post-thumbnail","7":"category-augsburg","8":"tag-adventszeit","9":"tag-augsburg","10":"tag-bayern","11":"tag-de","12":"tag-deutschland","13":"tag-diedorf","14":"tag-eu","15":"tag-europa","16":"tag-europe","17":"tag-germany","18":"tag-headlines","19":"tag-nachrichten","20":"tag-news","21":"tag-schlagzeilen","22":"tag-singoldhalle","23":"tag-veranstaltungstipp","24":"tag-weihnachtsmarkt"},"share_on_mastodon":{"url":"https:\/\/pubeurope.com\/@de\/115701395480241350","error":""},"_links":{"self":[{"href":"https:\/\/www.europesays.com\/de\/wp-json\/wp\/v2\/posts\/639332","targetHints":{"allow":["GET"]}}],"collection":[{"href":"https:\/\/www.europesays.com\/de\/wp-json\/wp\/v2\/posts"}],"about":[{"href":"https:\/\/www.europesays.com\/de\/wp-json\/wp\/v2\/types\/post"}],"author":[{"embeddable":true,"href":"https:\/\/www.europesays.com\/de\/wp-json\/wp\/v2\/users\/2"}],"replies":[{"embeddable":true,"href":"https:\/\/www.europesays.com\/de\/wp-json\/wp\/v2\/comments?post=639332"}],"version-history":[{"count":0,"href":"https:\/\/www.europesays.com\/de\/wp-json\/wp\/v2\/posts\/639332\/revisions"}],"wp:featuredmedia":[{"embeddable":true,"href":"https:\/\/www.europesays.com\/de\/wp-json\/wp\/v2\/media\/639333"}],"wp:attachment":[{"href":"https:\/\/www.europesays.com\/de\/wp-json\/wp\/v2\/media?parent=639332"}],"wp:term":[{"taxonomy":"category","embeddable":true,"href":"https:\/\/www.europesays.com\/de\/wp-json\/wp\/v2\/categories?post=639332"},{"taxonomy":"post_tag","embeddable":true,"href":"https:\/\/www.europesays.com\/de\/wp-json\/wp\/v2\/tags?post=639332"}],"curies":[{"name":"wp","href":"https:\/\/api.w.org\/{rel}","templated":true}]}}