{"id":639348,"date":"2025-12-11T14:33:14","date_gmt":"2025-12-11T14:33:14","guid":{"rendered":"https:\/\/www.europesays.com\/de\/639348\/"},"modified":"2025-12-11T14:33:14","modified_gmt":"2025-12-11T14:33:14","slug":"wuppertaler-sporttermine-und-ergebnisse-in-dieser-woche","status":"publish","type":"post","link":"https:\/\/www.europesays.com\/de\/639348\/","title":{"rendered":"Wuppertaler Sporttermine und Ergebnisse in dieser Woche"},"content":{"rendered":"<p class=\"text_ohne_einzug richtext text-em-55 !leading-serif mx-6 desktop:mx-0\">TSV Fortuna &#8211; Gustorf\/Gindorf<\/p>\n<p class=\"text_ohne_einzug richtext text-em-55 !leading-serif mx-6 desktop:mx-0\">Cronenberger SC &#8211; T\u00fcrkg\u00fcc\u00fc Velbert <\/p>\n<p class=\"text_ohne_einzug richtext text-em-55 !leading-serif mx-6 desktop:mx-0\">(Freitag, 20 Uhr, Neuhoff-Platz)<\/p>\n<p class=\"text_ohne_einzug richtext text-em-55 !leading-serif mx-6 desktop:mx-0\">Wermelskirchen -TSV Ronsdorf <\/p>\n<p class=\"text_ohne_einzug richtext text-em-55 !leading-serif mx-6 desktop:mx-0\">(Sa., 16 Uhr, Eifgen-Stadion)<\/p>\n<p class=\"text_ohne_einzug richtext text-em-55 !leading-serif mx-6 desktop:mx-0\">Viktoria Rott &#8211; SG Hackenberg<\/p>\n<p class=\"text_ohne_einzug richtext text-em-55 !leading-serif mx-6 desktop:mx-0\">(Sonntag, 15 Uhr, Drecker-Platz) <\/p>\n<p class=\"text_ohne_einzug richtext text-em-55 !leading-serif mx-6 desktop:mx-0\">SSVg Velbert II &#8211; SSV Germania<\/p>\n<p class=\"text_ohne_einzug richtext text-em-55 !leading-serif mx-6 desktop:mx-0\">Sonntag, 13 Uhr, IMS-Arena)<\/p>\n<p class=\"text_ohne_einzug richtext text-em-55 !leading-serif mx-6 desktop:mx-0\">Tuspo Richrath &#8211; FK Jugoslavija<\/p>\n<p class=\"text_ohne_einzug richtext text-em-55 !leading-serif mx-6 desktop:mx-0\">BV Gr\u00e4frath &#8211; FSV Vohwinkel <\/p>\n<p class=\"text_ohne_einzug richtext text-em-55 !leading-serif mx-6 desktop:mx-0\">(beide Sonntag, 15.30 Uhr)<\/p>\n<p class=\"text_ohne_einzug richtext text-em-55 !leading-serif mx-6 desktop:mx-0\">Wuppertaler SV &#8211; SC Sonnborn<\/p>\n<p class=\"text_ohne_einzug richtext text-em-55 !leading-serif mx-6 desktop:mx-0\">(So., 17 Uhr, Stadion-Nebenpl.)<\/p>\n<p class=\"text_ohne_einzug richtext text-em-55 !leading-serif mx-6 desktop:mx-0\">TSV Urdenbach II &#8211; TSV Union <\/p>\n<p class=\"text_ohne_einzug richtext text-em-55 !leading-serif mx-6 desktop:mx-0\">(So., 11 Uhr, Woermannstr.)<\/p>\n<p class=\"text_ohne_einzug richtext text-em-55 !leading-serif mx-6 desktop:mx-0\"><strong class=\"font-bold dark:text-white-solid\">Niederrheinliga C-Junioren: <\/strong><\/p>\n<p class=\"text_ohne_einzug richtext text-em-55 !leading-serif mx-6 desktop:mx-0\">(Sa., 15 Uhr, Krausen B\u00e4umchen)<\/p>\n<p class=\"text_ohne_einzug richtext text-em-55 !leading-serif mx-6 desktop:mx-0\">Bergischer HC \u2013 Eisenach<br \/>(Donnerstag, 19 Uhr, Uni-Halle)<\/p>\n<p class=\"text_ohne_einzug richtext text-em-55 !leading-serif mx-6 desktop:mx-0\">MT Melsungen &#8211; Bergischer HC<\/p>\n<p class=\"text_ohne_einzug richtext text-em-55 !leading-serif mx-6 desktop:mx-0\">(So., 16.30 Uhr, Rothenb.-Halle)<\/p>\n<p class=\"text_ohne_einzug richtext text-em-55 !leading-serif mx-6 desktop:mx-0\">TV Beyer\u00f6hde &#8211; VT Kempen<\/p>\n<p class=\"text_ohne_einzug richtext text-em-55 !leading-serif mx-6 desktop:mx-0\">(Samstag, 19 Uhr, Buschenburg)<\/p>\n<p class=\"text_ohne_einzug richtext text-em-55 !leading-serif mx-6 desktop:mx-0\">Horst Essen &#8211; LTV Wuppertal <\/p>\n<p class=\"text_ohne_einzug richtext text-em-55 !leading-serif mx-6 desktop:mx-0\">(Sa., 17.30 Uhr, Wolfskuhle)<\/p>\n<p class=\"text_ohne_einzug richtext text-em-55 !leading-serif mx-6 desktop:mx-0\">SSG\/HSV W&#8217;tal &#8211; HSV Gr\u00e4frath II<\/p>\n<p class=\"text_ohne_einzug richtext text-em-55 !leading-serif mx-6 desktop:mx-0\">(Samstag, 18 Uhr, Kothen)<\/p>\n<p class=\"text_ohne_einzug richtext text-em-55 !leading-serif mx-6 desktop:mx-0\">Vohwinkeler STV &#8211; Aufderh\u00f6he <\/p>\n<p class=\"text_ohne_einzug richtext text-em-55 !leading-serif mx-6 desktop:mx-0\">(Freitag, 20.30 Uhr, Nocken) <\/p>\n<p class=\"text_ohne_einzug richtext text-em-55 !leading-serif mx-6 desktop:mx-0\">MTV Elberfeld &#8211; Wermelsk.<\/p>\n<p class=\"text_ohne_einzug richtext text-em-55 !leading-serif mx-6 desktop:mx-0\">(Samstag, 19.30 Uhr, Gathe)<\/p>\n<p class=\"text_ohne_einzug richtext text-em-55 !leading-serif mx-6 desktop:mx-0\">Solinger TB &#8211; LTV Wuppertal II <\/p>\n<p class=\"text_ohne_einzug richtext text-em-55 !leading-serif mx-6 desktop:mx-0\">(Samstag, 19 Uhr, Dicke-Schule)<\/p>\n<p class=\"text_ohne_einzug richtext text-em-55 !leading-serif mx-6 desktop:mx-0\">(Sonntag, 16 Uhr, Brunsbachtal)<\/p>\n<p class=\"text_ohne_einzug richtext text-em-55 !leading-serif mx-6 desktop:mx-0\"><strong class=\"font-bold dark:text-white-solid\">Junioren Bundesliga U 16:<\/strong><\/p>\n<p class=\"text_ohne_einzug richtext text-em-55 !leading-serif mx-6 desktop:mx-0\">Bonn\/Rh\u00f6ndorf &#8211; Young Lions<\/p>\n<p class=\"text_ohne_einzug richtext text-em-55 !leading-serif mx-6 desktop:mx-0\">S\u00fcdwest Baskets &#8211; Meckenheim <\/p>\n<p class=\"text_ohne_einzug richtext text-em-55 !leading-serif mx-6 desktop:mx-0\">(Samstag, 20 Uhr, Blutfinke)<\/p>\n<p class=\"text_ohne_einzug richtext text-em-55 !leading-serif mx-6 desktop:mx-0\">(Fr., 20.30 Uhr, Heckinghausen)<\/p>\n<p class=\"text_ohne_einzug richtext text-em-55 !leading-serif mx-6 desktop:mx-0\">SW Baskets II &#8211; Mettmann-Sport<\/p>\n<p class=\"text_ohne_einzug richtext text-em-55 !leading-serif mx-6 desktop:mx-0\">(Samstag, 18 Uhr, Blutfinke)<\/p>\n<p class=\"text_ohne_einzug richtext text-em-55 !leading-serif mx-6 desktop:mx-0\">Kult-Sport &#8211; Alte Freunde D\u2019dorf<\/p>\n<p class=\"text_ohne_einzug richtext text-em-55 !leading-serif mx-6 desktop:mx-0\">Barmer TV II &#8211; Bayer Dormagen<\/p>\n<p class=\"text_ohne_einzug richtext text-em-55 !leading-serif mx-6 desktop:mx-0\">(Sa., 20 Uhr, Heckinghausen)<\/p>\n<p class=\"text_ohne_einzug richtext text-em-55 !leading-serif mx-6 desktop:mx-0\">Leichlingen TV II &#8211; Ronsdorf-Graben<\/p>\n<p class=\"text_ohne_einzug richtext text-em-55 !leading-serif mx-6 desktop:mx-0\">SW Baskets &#8211; Witten Baskets <\/p>\n<p class=\"text_ohne_einzug richtext text-em-55 !leading-serif mx-6 desktop:mx-0\">(Samstag, 16 Uhr, Blutfinke)<\/p>\n<p class=\"text_ohne_einzug richtext text-em-55 !leading-serif mx-6 desktop:mx-0\">SE Gevelsberg &#8211; Barmer TV <\/p>\n<p class=\"text_ohne_einzug richtext text-em-55 !leading-serif mx-6 desktop:mx-0\"><strong class=\"font-bold dark:text-white-solid\">Europapokal Damen, Achtelfinale, R\u00fcckspiel:<\/strong><\/p>\n<p class=\"text_ohne_einzug richtext text-em-55 !leading-serif mx-6 desktop:mx-0\">RSC Cronenberg &#8211; Vordemwald<\/p>\n<p class=\"text_ohne_einzug richtext text-em-55 !leading-serif mx-6 desktop:mx-0\">(Sa., 20 Uhr, Henckels-Halle)<\/p>\n<p class=\"text_ohne_einzug richtext text-em-55 !leading-serif mx-6 desktop:mx-0\"><strong class=\"font-bold dark:text-white-solid\">Driv-Pokal Herren, 1\/4-Finale: <\/strong><\/p>\n<p class=\"text_ohne_einzug richtext text-em-55 !leading-serif mx-6 desktop:mx-0\">RSC II &#8211; D\u00fcsseldorf-Nord <\/p>\n<p class=\"text_ohne_einzug richtext text-em-55 !leading-serif mx-6 desktop:mx-0\">(Fr., 20.15 Uhr, Henckels-Halle) <\/p>\n<p class=\"text_ohne_einzug richtext text-em-55 !leading-serif mx-6 desktop:mx-0\">RSC Cronenberg &#8211; Remscheid <\/p>\n<p class=\"text_ohne_einzug richtext text-em-55 !leading-serif mx-6 desktop:mx-0\">(Sa., 15.30 Uhr, Henckels-Halle)<\/p>\n<p class=\"text_ohne_einzug richtext text-em-55 !leading-serif mx-6 desktop:mx-0\">Crefelder SV \u2013 ETG Wuppertal 4:13<\/p>\n<p class=\"text_ohne_einzug richtext text-em-55 !leading-serif mx-6 desktop:mx-0\">RTHC Leverkusen II &#8211; ETG W\u2018tal <\/p>\n<p class=\"text_ohne_einzug richtext text-em-55 !leading-serif mx-6 desktop:mx-0\">HC Velbert II &#8211; Gold-Wei\u00df W\u2019tal<\/p>\n","protected":false},"excerpt":{"rendered":"TSV Fortuna &#8211; Gustorf\/Gindorf Cronenberger SC &#8211; T\u00fcrkg\u00fcc\u00fc Velbert (Freitag, 20 Uhr, Neuhoff-Platz) Wermelskirchen -TSV Ronsdorf (Sa., 16&hellip;\n","protected":false},"author":2,"featured_media":639349,"comment_status":"","ping_status":"","sticky":false,"template":"","format":"standard","meta":{"footnotes":""},"categories":[1840],"tags":[9252,16320,3364,29,13194,3405,30,4062,24073,1209,18349,14129,265,38845,12483,9717,4233,4418],"class_list":{"0":"post-639348","1":"post","2":"type-post","3":"status-publish","4":"format-standard","5":"has-post-thumbnail","7":"category-wuppertal","8":"tag-baskets","9":"tag-bezirksliga","10":"tag-de","11":"tag-deutschland","12":"tag-dorf","13":"tag-duesseldorf","14":"tag-germany","15":"tag-halle","16":"tag-landesliga","17":"tag-nordrhein-westfalen","18":"tag-ronsdorf","19":"tag-samstag","20":"tag-sport","21":"tag-sportergebnisse","22":"tag-tsv","23":"tag-uhr","24":"tag-velbert","25":"tag-wuppertal"},"share_on_mastodon":{"url":"https:\/\/pubeurope.com\/@de\/115701429402826080","error":""},"_links":{"self":[{"href":"https:\/\/www.europesays.com\/de\/wp-json\/wp\/v2\/posts\/639348","targetHints":{"allow":["GET"]}}],"collection":[{"href":"https:\/\/www.europesays.com\/de\/wp-json\/wp\/v2\/posts"}],"about":[{"href":"https:\/\/www.europesays.com\/de\/wp-json\/wp\/v2\/types\/post"}],"author":[{"embeddable":true,"href":"https:\/\/www.europesays.com\/de\/wp-json\/wp\/v2\/users\/2"}],"replies":[{"embeddable":true,"href":"https:\/\/www.europesays.com\/de\/wp-json\/wp\/v2\/comments?post=639348"}],"version-history":[{"count":0,"href":"https:\/\/www.europesays.com\/de\/wp-json\/wp\/v2\/posts\/639348\/revisions"}],"wp:featuredmedia":[{"embeddable":true,"href":"https:\/\/www.europesays.com\/de\/wp-json\/wp\/v2\/media\/639349"}],"wp:attachment":[{"href":"https:\/\/www.europesays.com\/de\/wp-json\/wp\/v2\/media?parent=639348"}],"wp:term":[{"taxonomy":"category","embeddable":true,"href":"https:\/\/www.europesays.com\/de\/wp-json\/wp\/v2\/categories?post=639348"},{"taxonomy":"post_tag","embeddable":true,"href":"https:\/\/www.europesays.com\/de\/wp-json\/wp\/v2\/tags?post=639348"}],"curies":[{"name":"wp","href":"https:\/\/api.w.org\/{rel}","templated":true}]}}