{"id":639358,"date":"2025-12-11T14:38:16","date_gmt":"2025-12-11T14:38:16","guid":{"rendered":"https:\/\/www.europesays.com\/de\/639358\/"},"modified":"2025-12-11T14:38:16","modified_gmt":"2025-12-11T14:38:16","slug":"sachsen-anhalt-afd-reise-in-die-usa-loest-kritik-im-landtag-aus","status":"publish","type":"post","link":"https:\/\/www.europesays.com\/de\/639358\/","title":{"rendered":"Sachsen-Anhalt: AfD-Reise in die USA l\u00f6st Kritik im Landtag aus"},"content":{"rendered":"<p>Sachsen-AnhaltAfD-Reise in die USA l\u00f6st Kritik im Landtag aus<img decoding=\"async\" class=\"Image_img__fQCi0 Image_Img_16_9__4BLfH\" loading=\"eager\" fetchpriority=\"high\" src=\"https:\/\/www.europesays.com\/de\/wp-content\/uploads\/2025\/12\/Eine-Reise-mehrerer-AfD-Politiker-aus-Sachsen-Anhalt-in-die-Vereinigten-Staaten-sorgt-fuer-Kritik.we.webp\" alt=\"Eine-Reise-mehrerer-AfD-Politiker-aus-Sachsen-Anhalt-in-die-Vereinigten-Staaten-sorgt-fuer-Kritik\"\/>TeilenFolgen auf:<a href=\"https:\/\/www.whatsapp.com\/channel\/0029Va5cdVJD8SDp5YZgYF01\" title=\"Auf WhatsApp folgen\" target=\"_blank\" rel=\"nofollow noopener\"><img decoding=\"async\" src=\"https:\/\/www.n-tv.de\/socialIcons\/whatsapp.svg\" alt=\"whatsapp\" class=\"ArticleShare_icon__FsrC2\"\/><\/a><a href=\"https:\/\/news.google.com\/publications\/CAAiEPMdif5mpRNxiLOeUpHCwwsqFAgKIhDzHYn-ZqUTcYiznlKRwsML?hl=de&amp;gl=DE&amp;ceid=DE%3Ade\" title=\"Auf Google News folgen\" target=\"_blank\" rel=\"nofollow noopener\"><img decoding=\"async\" src=\"https:\/\/www.n-tv.de\/socialIcons\/google.svg\" alt=\"whatsapp\" class=\"ArticleShare_icon__FsrC2\"\/><\/a><\/p>\n<p class=\"Typography_text-m__XI0da Typography_weight-bold__uT6mq storyline_lead_text_leadtext__q_wg8\">AfD-Abgeordnete aus Sachsen-Anhalt treffen in den USA unter anderem Vertreter des New York Young Republican Club. Die Reise sorgt im Landtag f\u00fcr Diskussionen.<\/p>\n<p class=\"Typography_text-default__P3otY Typography_weight-normal__pqUbH storyline_paragraph_p__qSR5N\">Magdeburg (dpa\/sa) &#8211; Eine Reise mehrerer AfD-Politiker aus Sachsen-Anhalt in die Vereinigten Staaten f\u00fcr Kritik. &#8222;Die Abgeordneten der Fraktion werden die Reisekosten im zul\u00e4ssigen Rahmen anschlie\u00dfend gegen\u00fcber dem Landtag beziehungsweise der Fraktion abrechnen&#8220;, best\u00e4tigte die AfD-Landtagsfraktion auf Anfrage. Die &#8222;Bild&#8220;-Zeitung hatte zuvor berichtet, dass auch acht AfD-Bundestagsabgeordnete in die USA reisen.<\/p>\n<p class=\"Typography_text-default__P3otY Typography_weight-normal__pqUbH storyline_paragraph_p__qSR5N\">&#8222;Das ist ein unglaublicher Missbrauch an Steuergeldern, der nicht sein darf&#8220;, erkl\u00e4rte Linken-Fraktionschefin Eva von Angern. Sie warf den AfD-Politikern vor, durch die Weltgeschichte zu jetten. &#8222;Wenn AfD-Abgeordnete auf Kosten der Steuerzahler zu Luxusreisen in die USA aufbrechen, dann zeigt das vor allem eines: Hier wird nicht f\u00fcr das Wohl der Menschen gearbeitet, sondern an internationalen Netzwerken geschmiedet, die unsere Demokratie sch\u00e4digen sollen.&#8220;<\/p>\n<p>Gespr\u00e4che in New York und Washington<\/p>\n<p class=\"Typography_text-default__P3otY Typography_weight-normal__pqUbH storyline_paragraph_p__qSR5N\">Zu den Reiseteilnehmern aus Sachsen-Anhalt geh\u00f6ren die drei Fraktionsvize Hans-Thomas Tillschneider, Gordon K\u00f6hler und Matthias B\u00fcttner sowie der parlamentarische Gesch\u00e4ftsf\u00fchrer Tobias Rausch. Au\u00dferdem w\u00fcrden zwei weitere Mitglieder der Landtagsfraktion sowie ein Bundestagsabgeordneter aus Sachsen-Anhalt teilnehmen, sagte ein Sprecher der AfD-Fraktion.<\/p>\n<p class=\"Typography_text-default__P3otY Typography_weight-normal__pqUbH storyline_paragraph_p__qSR5N\">Neben informellen politischen und parlamentarischen Terminen sind den Angaben zufolge Gespr\u00e4che beim Deutschen Generalkonsulat in New York, ein Besuch bei der St\u00e4ndigen Vertretung der Bundesrepublik Deutschland bei den Vereinten Nationen, ein parlamentarischer Austausch mit Vertretern des New York Young Republican Club sowie ein Treffen mit der Kongressabgeordneten Anna Paulina Luna in Washington geplant.<\/p>\n<p class=\"Typography_text-default__P3otY Typography_weight-normal__pqUbH storyline_paragraph_p__qSR5N\">&#8222;Die Delegationsreise dient vornehmlich dem Kontaktaufbau, der Pflege und Intensivierung bereits bestehender politischer und parlamentarischer Beziehungen&#8220;, hie\u00df es.<\/p>\n<p class=\"Typography_text-s__wu_cm Typography_weight-normal__pqUbH Typography_color-darkgrey__sZEnP article-detail-footer_source__KslPc\">Quelle: dpa<\/p>\n","protected":false},"excerpt":{"rendered":"Sachsen-AnhaltAfD-Reise in die USA l\u00f6st Kritik im Landtag ausTeilenFolgen auf: AfD-Abgeordnete aus Sachsen-Anhalt treffen in den USA unter&hellip;\n","protected":false},"author":2,"featured_media":639359,"comment_status":"","ping_status":"","sticky":false,"template":"","format":"standard","meta":{"footnotes":""},"categories":[3977],"tags":[331,332,13,14,15,12,4017,4018,4016,64,4019,4020],"class_list":{"0":"post-639358","1":"post","2":"type-post","3":"status-publish","4":"format-standard","5":"has-post-thumbnail","7":"category-usa","8":"tag-aktuelle-nachrichten","9":"tag-aktuelle-news","10":"tag-headlines","11":"tag-nachrichten","12":"tag-news","13":"tag-schlagzeilen","14":"tag-united-states","15":"tag-united-states-of-america","16":"tag-us","17":"tag-usa","18":"tag-vereinigte-staaten","19":"tag-vereinigte-staaten-von-amerika"},"share_on_mastodon":{"url":"https:\/\/pubeurope.com\/@de\/115701449291683986","error":""},"_links":{"self":[{"href":"https:\/\/www.europesays.com\/de\/wp-json\/wp\/v2\/posts\/639358","targetHints":{"allow":["GET"]}}],"collection":[{"href":"https:\/\/www.europesays.com\/de\/wp-json\/wp\/v2\/posts"}],"about":[{"href":"https:\/\/www.europesays.com\/de\/wp-json\/wp\/v2\/types\/post"}],"author":[{"embeddable":true,"href":"https:\/\/www.europesays.com\/de\/wp-json\/wp\/v2\/users\/2"}],"replies":[{"embeddable":true,"href":"https:\/\/www.europesays.com\/de\/wp-json\/wp\/v2\/comments?post=639358"}],"version-history":[{"count":0,"href":"https:\/\/www.europesays.com\/de\/wp-json\/wp\/v2\/posts\/639358\/revisions"}],"wp:featuredmedia":[{"embeddable":true,"href":"https:\/\/www.europesays.com\/de\/wp-json\/wp\/v2\/media\/639359"}],"wp:attachment":[{"href":"https:\/\/www.europesays.com\/de\/wp-json\/wp\/v2\/media?parent=639358"}],"wp:term":[{"taxonomy":"category","embeddable":true,"href":"https:\/\/www.europesays.com\/de\/wp-json\/wp\/v2\/categories?post=639358"},{"taxonomy":"post_tag","embeddable":true,"href":"https:\/\/www.europesays.com\/de\/wp-json\/wp\/v2\/tags?post=639358"}],"curies":[{"name":"wp","href":"https:\/\/api.w.org\/{rel}","templated":true}]}}