{"id":639362,"date":"2025-12-11T14:40:20","date_gmt":"2025-12-11T14:40:20","guid":{"rendered":"https:\/\/www.europesays.com\/de\/639362\/"},"modified":"2025-12-11T14:40:20","modified_gmt":"2025-12-11T14:40:20","slug":"war-eine-weitere-person-in-emiles-verschwinden-verwickelt","status":"publish","type":"post","link":"https:\/\/www.europesays.com\/de\/639362\/","title":{"rendered":"War eine weitere Person in \u00c9miles\u00a0Verschwinden verwickelt?"},"content":{"rendered":"<p>\u201eEntscheidender Aspekt\u201dWar eine weitere Person in \u00c9miles Verschwinden verwickelt?<img alt=\"Der kleine \u00c9mile aus der franz\u00f6sischen Gemeinde Le Vernet ist tot.\" fetchpriority=\"high\" width=\"940\" height=\"529\" decoding=\"async\" data-nimg=\"1\" class=\"Image-module-scss-module__ad4lTq__image Picture-module-scss-module__qzG4NW__image\" style=\"color:transparent\"   src=\"https:\/\/www.europesays.com\/de\/wp-content\/uploads\/2025\/11\/emile-aus-frankreich.webp.webp\"\/><\/p>\n<p>Der Mordfall des kleinen \u00c9mile ist noch immer ungel\u00f6st. <\/p>\n<p>Privat<\/p>\n<p>11. Dezember 2025 um 15:00 Uhr<\/p>\n<p class=\"AnnotatedMarkup-module-scss-module__KC7sFW__paragraph\"><strong>Jetzt wird es noch r\u00e4tselhafter!<\/strong><br \/>Knapp zweieinhalb Jahre sind seit dem Verschwinden des kleinen \u00c9miles vergangen. Ende M\u00e4rz 2024 fand eine Wanderin den Sch\u00e4del des Zweij\u00e4hrigen im Wald in der N\u00e4he des franz\u00f6sischen Dorfes. Anklage wurde jedoch noch nicht erhoben, allerdings gibt es nun Bewegung in dem Fall. Dabei werden auch neue Details genannt.<\/p>\n<p>\u201eEntscheidender Aspekt des Verfahrens\u201c: Wird das R\u00e4tsel um \u00c9miles Tod gel\u00f6st <\/p>\n<p class=\"AnnotatedMarkup-module-scss-module__KC7sFW__paragraph\">R\u00fcckblick: Der kleine Junge verschwand am 8. Juli 2023 aus dem Garten seiner Gro\u00dfeltern in Le Vernet in den franz\u00f6sischen Alpen. Wochenlang wurde nach dem Zweij\u00e4hrigen gesucht \u2013 jedoch vergeblich. Ende M\u00e4rz 2024 fand eine Wanderin den Sch\u00e4del des kleinen Jungen. Das Obduktionsergebnis: <strong>\u00c9mile starb durch stumpfe Gewalt am Kopf.<\/strong><\/p>\n<p class=\"AnnotatedMarkup-module-scss-module__KC7sFW__paragraph\"><strong>Lese-Tipp: <\/strong><a href=\"https:\/\/www.rtl.de\/news\/tod-des-kleinen-emile-2-aus-frankreich-eine-chronologie-der-ereignisse-id2158332.html\" target=\"_self\" rel=\"nofollow noopener\">Tod des kleinen \u00c9mile (2) \u2013 eine Chronologie der Ereignisse<\/a><\/p>\n<p class=\"AnnotatedMarkup-module-scss-module__KC7sFW__paragraph\">Im M\u00e4rz 2025 wurden \u00c9miles Gro\u00dfeltern sowie seine Tante und sein Onkel wegen Totschlags und des Verbergens einer Leiche festgenommen, wenig sp\u00e4ter aber ohne Anklageerhebung wieder freigelassen. Seitdem gelten die vier Familienmitglieder als Nebenkl\u00e4ger in dem Fall. Anfang der Woche wurden sie laut franz\u00f6sischen Sender BFMTV auch von den Ermittlungsrichtern am Strafgericht in Aix-en-Provence befragt. <strong>Jetzt sind neue Details bekannt geworden.<\/strong><\/p>\n<p class=\"AnnotatedMarkup-module-scss-module__KC7sFW__paragraph\"><strong>Lese-Tipp: <\/strong><a href=\"https:\/\/www.rtl.de\/news\/bewegung-im-fall-emile-2-richter-befragen-grosseltern-tante-und-onkel-id30126111.html\" target=\"_self\" rel=\"nofollow noopener\">Richter befragen \u00c9miles (\u20202) Gro\u00dfeltern, seine Tante und seinen Onkel<\/a><\/p>\n<p class=\"AnnotatedMarkup-module-scss-module__KC7sFW__paragraph\">Mehr als zwei Jahre nach seinem Verschwinden seien die Ermittler zu der \u00dcberzeugung gelangt, dass eine weitere Person am Verschwinden des Jungen beteiligt war. Das teilt der Anwalt der Gro\u00dfmutter, Julien Pinelli, dem franz\u00f6sischen Sender BFMTV mit.<strong> \u201eNach dem aktuellen Stand der letzten Ermittlungen scheint dies heute ein entscheidender Aspekt des Verfahrens zu sein.\u201c <\/strong>Davon sei auch der Anwalt \u201evoll und ganz\u201c \u00fcberzeugt.<\/p>\n<p class=\"AnnotatedMarkup-module-scss-module__KC7sFW__paragraph\"><strong>Lese-Tipp: <\/strong><a href=\"https:\/\/www.rtl.de\/news\/emiles-eltern-brechen-am-jahrestag-des-verschwindens-ihr-schweigen-nichts-blieb-uns-erspart-id4744588.html\" target=\"_self\" rel=\"nofollow noopener\">\u00c9miles Eltern brechen am Jahrestag des Verschwindens ihr Schweigen<\/a><\/p>\n<p><img alt=\"Nichts ist spannender als die Realit\u00e4t: True Crime auf RTL+\" fetchpriority=\"auto\" loading=\"lazy\" width=\"615\" height=\"346\" decoding=\"async\" data-nimg=\"1\" class=\"Image-module-scss-module__ad4lTq__image RtlPlusContent-module-scss-module__HqmqMa__image\" style=\"color:transparent\"   src=\"https:\/\/www.europesays.com\/de\/wp-content\/uploads\/2025\/12\/themenwelt-true-crime-rtlplus-1.webp.webp\"\/>Video-Tipp: Sch\u00e4del von vermissten \u00c9mile entdecktAnzeige:<\/p>\n<p>Empfehlungen unserer Partner<\/p>\n<p>\u201eViele Hoffnungen entt\u00e4uscht\u201c: Auch zwei Jahre nach Horror-Fund gibt es noch keine Anklage<\/p>\n<p class=\"AnnotatedMarkup-module-scss-module__KC7sFW__paragraph\">\u00c9miles Gro\u00dfmutter hoffe, dass der Mordfall endlich aufgekl\u00e4rt wird, so der Anwalt weiter.<strong> Seine Mandantin habe \u201ejeden Augenblick, jeden Gedanken, jeden Atemzug (\u2026) darauf verwendet, seit dem Verschwinden ihres Enkels die Wahrheit herauszufinden<\/strong>\u201c, so Pinelli zu BFMTV.<\/p>\n<p class=\"AnnotatedMarkup-module-scss-module__KC7sFW__paragraph\"><strong>Lese-Tipp:<\/strong> <a href=\"https:\/\/www.rtl.de\/cms\/was-passierte-mit-emile-2-schaedel-gefunden-todesursache-noch-unklar-5082331.html\" target=\"_self\" rel=\"nofollow noopener\">Sch\u00e4del von vermisstem \u00c9mile (2) gefunden: Ermittler geben weitere Details bekannt<\/a><\/p>\n<p class=\"AnnotatedMarkup-module-scss-module__KC7sFW__paragraph\">Genau deswegen werde die Familie auch weiterhin mit den Ermittlern zusammenarbeiten, hei\u00dft es vom Anwalt weiter.<strong> Die Ermittlungen gegen \u00c9miles Familie und seiner Mandantin seien lediglich \u201eeine der Spuren, denen die Ermittler nachgehen.<\/strong>\u201c Das Ganze sei ein \u201esehr langfristiges Unterfangen\u201c. Doch leicht sei das f\u00fcr \u00c9miles Gro\u00dfmutter nicht. Seine Mandantin sei mittlerweile \u201ejemand, der sich eher pragmatisch verh\u00e4lt\u201c, sagt Pinelli. Von ihr seien \u201eleider viele Hoffnungen entt\u00e4uscht\u201c worden. (jow)<\/p>\n<p class=\"AnnotatedMarkup-module-scss-module__KC7sFW__paragraph\">Verwendete Quellen: <a rel=\"noopener noreferrer noFollow nofollow\" href=\"https:\/\/www.bfmtv.com\/police-justice\/l-avocat-de-la-grand-mere-d-emile-declare-que-sa-cliente-mobilise-l-integralite-de-ses-facultes-pour-trouver-des-elements-de-verite_AV-202512110096.html\" target=\"_blank\">BFMTV <\/a><\/p>\n","protected":false},"excerpt":{"rendered":"\u201eEntscheidender Aspekt\u201dWar eine weitere Person in \u00c9miles Verschwinden verwickelt? Der Mordfall des kleinen \u00c9mile ist noch immer ungel\u00f6st.&hellip;\n","protected":false},"author":2,"featured_media":563551,"comment_status":"","ping_status":"","sticky":false,"template":"","format":"standard","meta":{"footnotes":""},"categories":[3974],"tags":[331,338,332,339,136017,150698,150701,150699,150700,344,342,343,548,663,3934,3980,156,13,19479,1584,14,335,329,336,334,341,15,330,337,333,99181,328,327,12,150702,19477,340],"class_list":{"0":"post-639362","1":"post","2":"type-post","3":"status-publish","4":"format-standard","5":"has-post-thumbnail","7":"category-frankreich","8":"tag-aktuelle-nachrichten","9":"tag-aktuelle-nachrichten-auf-einen-blick","10":"tag-aktuelle-news","11":"tag-aktuelle-themen-in-der-welt","12":"tag-emile","13":"tag-emile-aus-le-vernet","14":"tag-emile-familie","15":"tag-emile-grosseltern","16":"tag-emile-tot","17":"tag-ems_-news","18":"tag-ems_news_newsausland","19":"tag-ems_news_newsinland","20":"tag-eu","21":"tag-europa","22":"tag-europe","23":"tag-france","24":"tag-frankreich","25":"tag-headlines","26":"tag-kriminalfall","27":"tag-kriminalitaet","28":"tag-nachrichten","29":"tag-nachrichten-aus-aller-welt","30":"tag-nachrichten-deutschland","31":"tag-nachrichten-heute","32":"tag-nachrichten-international","33":"tag-nachrichten-usa","34":"tag-news","35":"tag-news-deutschland","36":"tag-news-heute","37":"tag-news-international","38":"tag-news_newsausland","39":"tag-rtl-nachrichten","40":"tag-rtl-news","41":"tag-schlagzeilen","42":"tag-ungeloeste-kriminalfaelle","43":"tag-ungeloester-kriminalfall","44":"tag-usa-news"},"share_on_mastodon":{"url":"","error":"Validation failed: Text character limit of 500 exceeded"},"_links":{"self":[{"href":"https:\/\/www.europesays.com\/de\/wp-json\/wp\/v2\/posts\/639362","targetHints":{"allow":["GET"]}}],"collection":[{"href":"https:\/\/www.europesays.com\/de\/wp-json\/wp\/v2\/posts"}],"about":[{"href":"https:\/\/www.europesays.com\/de\/wp-json\/wp\/v2\/types\/post"}],"author":[{"embeddable":true,"href":"https:\/\/www.europesays.com\/de\/wp-json\/wp\/v2\/users\/2"}],"replies":[{"embeddable":true,"href":"https:\/\/www.europesays.com\/de\/wp-json\/wp\/v2\/comments?post=639362"}],"version-history":[{"count":0,"href":"https:\/\/www.europesays.com\/de\/wp-json\/wp\/v2\/posts\/639362\/revisions"}],"wp:featuredmedia":[{"embeddable":true,"href":"https:\/\/www.europesays.com\/de\/wp-json\/wp\/v2\/media\/563551"}],"wp:attachment":[{"href":"https:\/\/www.europesays.com\/de\/wp-json\/wp\/v2\/media?parent=639362"}],"wp:term":[{"taxonomy":"category","embeddable":true,"href":"https:\/\/www.europesays.com\/de\/wp-json\/wp\/v2\/categories?post=639362"},{"taxonomy":"post_tag","embeddable":true,"href":"https:\/\/www.europesays.com\/de\/wp-json\/wp\/v2\/tags?post=639362"}],"curies":[{"name":"wp","href":"https:\/\/api.w.org\/{rel}","templated":true}]}}