{"id":639365,"date":"2025-12-11T14:42:14","date_gmt":"2025-12-11T14:42:14","guid":{"rendered":"https:\/\/www.europesays.com\/de\/639365\/"},"modified":"2025-12-11T14:42:14","modified_gmt":"2025-12-11T14:42:14","slug":"stalin-enkel-frohlockt-ueber-us-europa-zerwuerfnis-davon-haben-schon-die-sowjetfuehrer-getraeumt","status":"publish","type":"post","link":"https:\/\/www.europesays.com\/de\/639365\/","title":{"rendered":"Stalin-Enkel frohlockt \u00fcber US-Europa-Zerw\u00fcrfnis &#8211; &#8222;Davon haben schon die Sowjetf\u00fchrer getr\u00e4umt&#8220;"},"content":{"rendered":"<p>Trumps Zerw\u00fcrfnis mit EuropaMunz: &#8222;Davon haben schon die Sowjetf\u00fchrer getr\u00e4umt&#8220;11.12.2025, 15:38 Uhr<\/p>\n<p class=\"Typography_text-m__XI0da Typography_weight-normal__pqUbH\">Die Gespr\u00e4che \u00fcber einen Friedensplan f\u00fcr die Ukraine offenbaren die Kluft zwischen US-Pr\u00e4sident Trump und Europa. Was im amerikanischen Strategiepapier gestanden habe, h\u00e4tte sich die russische Seite nicht im Traum ausgemalt, berichtet Russland-Korrespondent Rainer Munz.<\/p>\n","protected":false},"excerpt":{"rendered":"Trumps Zerw\u00fcrfnis mit EuropaMunz: &#8222;Davon haben schon die Sowjetf\u00fchrer getr\u00e4umt&#8220;11.12.2025, 15:38 Uhr Die Gespr\u00e4che \u00fcber einen Friedensplan f\u00fcr&hellip;\n","protected":false},"author":2,"featured_media":639366,"comment_status":"","ping_status":"","sticky":false,"template":"","format":"standard","meta":{"footnotes":""},"categories":[3933],"tags":[331,332,548,53552,123478,663,158,3934,3935,13,14,15,12,1587],"class_list":{"0":"post-639365","1":"post","2":"type-post","3":"status-publish","4":"format-standard","5":"has-post-thumbnail","7":"category-eu","8":"tag-aktuelle-nachrichten","9":"tag-aktuelle-news","10":"tag-eu","11":"tag-eu-und-russland","12":"tag-eu-aussengrenze","13":"tag-europa","14":"tag-europaeische-union","15":"tag-europe","16":"tag-european-union","17":"tag-headlines","18":"tag-nachrichten","19":"tag-news","20":"tag-schlagzeilen","21":"tag-usaid"},"share_on_mastodon":{"url":"https:\/\/pubeurope.com\/@de\/115701465274304290","error":""},"_links":{"self":[{"href":"https:\/\/www.europesays.com\/de\/wp-json\/wp\/v2\/posts\/639365","targetHints":{"allow":["GET"]}}],"collection":[{"href":"https:\/\/www.europesays.com\/de\/wp-json\/wp\/v2\/posts"}],"about":[{"href":"https:\/\/www.europesays.com\/de\/wp-json\/wp\/v2\/types\/post"}],"author":[{"embeddable":true,"href":"https:\/\/www.europesays.com\/de\/wp-json\/wp\/v2\/users\/2"}],"replies":[{"embeddable":true,"href":"https:\/\/www.europesays.com\/de\/wp-json\/wp\/v2\/comments?post=639365"}],"version-history":[{"count":0,"href":"https:\/\/www.europesays.com\/de\/wp-json\/wp\/v2\/posts\/639365\/revisions"}],"wp:featuredmedia":[{"embeddable":true,"href":"https:\/\/www.europesays.com\/de\/wp-json\/wp\/v2\/media\/639366"}],"wp:attachment":[{"href":"https:\/\/www.europesays.com\/de\/wp-json\/wp\/v2\/media?parent=639365"}],"wp:term":[{"taxonomy":"category","embeddable":true,"href":"https:\/\/www.europesays.com\/de\/wp-json\/wp\/v2\/categories?post=639365"},{"taxonomy":"post_tag","embeddable":true,"href":"https:\/\/www.europesays.com\/de\/wp-json\/wp\/v2\/tags?post=639365"}],"curies":[{"name":"wp","href":"https:\/\/api.w.org\/{rel}","templated":true}]}}