{"id":639369,"date":"2025-12-11T14:44:14","date_gmt":"2025-12-11T14:44:14","guid":{"rendered":"https:\/\/www.europesays.com\/de\/639369\/"},"modified":"2025-12-11T14:44:14","modified_gmt":"2025-12-11T14:44:14","slug":"bulgarien-bulgariens-regierung-tritt-nach-protesten-zurueck","status":"publish","type":"post","link":"https:\/\/www.europesays.com\/de\/639369\/","title":{"rendered":"Bulgarien: Bulgariens Regierung tritt nach Protesten zur\u00fcck"},"content":{"rendered":"<p class=\"paragraph article__item\">Nach Massenprotesten unter anderem gegen <a href=\"https:\/\/www.zeit.de\/thema\/korruption\" class=\"\" target=\"_blank\" rel=\"noopener\">Korruption<\/a> tritt die bulgarische Regierung zur\u00fcck. Ministerpr\u00e4sident\u00a0Rossen<br \/>\nScheljaskow gab den R\u00fccktritt nach einer Sitzung der Koalitionsspitzen in Sofia bekannt. Auch er selbst will seinen Posten abgeben.\n<\/p>\n<p class=\"paragraph article__item\">Scheljaskow sagte, &#8222;Menschen aller Altersgruppen, ethnischen<br \/>\nZugeh\u00f6rigkeiten und Religionen&#8220; h\u00e4tten f\u00fcr den R\u00fccktritt der Regierung<br \/>\ndemonstriert. Diese &#8222;zivilgesellschaftliche Energie&#8220; m\u00fcsse &#8222;unterst\u00fctzt<br \/>\nund gef\u00f6rdert&#8220; werden. Seit Anfang Dezember hatten in <a class=\"rtr-entity\" href=\"https:\/\/www.zeit.de\/thema\/bulgarien\" target=\"_blank\" rel=\"noopener\">Bulgarien<\/a> Zehntausende Menschen wiederholt gegen Korruption und<br \/>\nden Haushaltsentwurf f\u00fcr das kommende Jahr demonstriert.\u00a0Scheljaskow hatte noch am Mittwoch einen R\u00fccktritt abgelehnt.\n<\/p>\n<p class=\"paragraph article__item\">Am Montag vergangener Woche hatte auf dem Parlamentsplatz in Sofia die gr\u00f6\u00dfte <a href=\"https:\/\/www.zeit.de\/politik\/ausland\/2025-12\/bulgarien-sofia-zehntausende-menschen-demonstration-regierung-korruption\" class=\"\" target=\"_blank\" rel=\"noopener\">Demonstration<\/a> in Bulgarien<br \/>\n seit Jahren stattgefunden. Ausl\u00f6ser der Proteste war der<br \/>\nHaushaltsentwurf der Regierung f\u00fcr 2026, der nach Ansicht der<br \/>\nRegierungsgegner die <a class=\"rtr-entity\" href=\"https:\/\/www.zeit.de\/thema\/korruption\" target=\"_blank\" rel=\"noopener\">Korruption<\/a> im Land verschleierte. Die<br \/>\nRegierung zog den Haushaltsentwurf daraufhin zur\u00fcck, die Proteste<br \/>\nhielten jedoch an. <a href=\"https:\/\/www.zeit.de\/politik\/ausland\/2025-12\/bulgarien-sofia-protest-gegen-regierung\" class=\"\" target=\"_blank\" rel=\"noopener\">Am Mittwoch gingen erneut Zehntausende<br \/>\n Menschen im ganzen Land auf die Stra\u00dfe<\/a>.\n<\/p>\n<p>        Sieben Neuwahlen seit 2020        <\/p>\n<p class=\"paragraph article__item\">Der R\u00fccktritt der Regierung ereignet sich kurz vor der Einf\u00fchrung des<br \/>\nEuro in dem EU-Land am 1. Januar. Pr\u00e4sident Rumen Radew, der die Regierung ebenfalls zum<br \/>\nR\u00fccktritt aufgefordert hatte, muss nun die Parteien mit der<br \/>\nBildung einer neuen Regierung beauftragen. Sollte dies<br \/>\nscheitern, wird er eine \u00dcbergangsregierung einsetzen, die das<br \/>\nLand bis zu Neuwahlen f\u00fchren soll.\n<\/p>\n<p class=\"paragraph article__item\">Seit den massiven Anti-Korruptions-Protesten im<br \/>\nJahr 2020 gegen die damalige Regierung von Ministerpr\u00e4sident Bojko<br \/>\nBorissow hat es bereits sieben vorgezogene<br \/>\nNeuwahlen gegeben. Borissows Gerb-Partei gewann die Wahl im vergangenen<br \/>\nJahr und f\u00fchrte\u00a0Scheljaskows Koalitionsregierung an, die nun weniger als<br \/>\nein Jahr durchhielt.\n<\/p>\n<p class=\"paragraph article__item\">Im Korruptionswahrnehmungsindex der Organisation Transparency<br \/>\nInternational landete Bulgarien neben Ungarn und Rum\u00e4nien zuletzt auf<br \/>\ndem letzten Platz unter den EU-Mitgliedsstaaten.\n<\/p>\n<p>            Bulgarien        <\/p>\n<p>Mehr zum Thema<\/p>\n<p>                <a href=\"https:\/\/www.zeit.de\/2025\/53\/generation-z-proteste-korruption-massenbewegung-bulgarien-kenia-nepal\" data-ct-label=\"Generation Z: Sie protestieren, um zu bleiben\" target=\"_blank\" rel=\"noopener\"><\/p>\n<p>        Z+ (abopflichtiger Inhalt);<\/p>\n<p>    Generation Z:<br \/>\n                        Sie protestieren, um zu bleiben<\/p>\n<p>                <\/a><\/p>\n<p>                <a href=\"https:\/\/www.zeit.de\/wirtschaft\/2025-06\/bulgarien-euro-wirtschaftspolitik-europaeische-union-demonstration\" data-ct-label=\"Bulgarien und der Euro: Bald kommt der Euro auf Kyrillisch\" target=\"_blank\" rel=\"noopener\"><\/p>\n<p>                        Bulgarien und der Euro:<br \/>\n                        Bald kommt der Euro auf Kyrillisch<\/p>\n<p>                <\/a><\/p>\n","protected":false},"excerpt":{"rendered":"Nach Massenprotesten unter anderem gegen Korruption tritt die bulgarische Regierung zur\u00fcck. Ministerpr\u00e4sident\u00a0Rossen Scheljaskow gab den R\u00fccktritt nach einer&hellip;\n","protected":false},"author":2,"featured_media":639370,"comment_status":"","ping_status":"","sticky":false,"template":"","format":"standard","meta":{"footnotes":""},"categories":[5],"tags":[331,332,28206,3364,29,30,13,324,72506,14,15,16,1763,12],"class_list":{"0":"post-639369","1":"post","2":"type-post","3":"status-publish","4":"format-standard","5":"has-post-thumbnail","7":"category-nachrichten","8":"tag-aktuelle-nachrichten","9":"tag-aktuelle-news","10":"tag-bulgarien","11":"tag-de","12":"tag-deutschland","13":"tag-germany","14":"tag-headlines","15":"tag-korruption","16":"tag-massenprotest","17":"tag-nachrichten","18":"tag-news","19":"tag-politik","20":"tag-ruecktritt","21":"tag-schlagzeilen"},"share_on_mastodon":{"url":"https:\/\/pubeurope.com\/@de\/115701472466199514","error":""},"_links":{"self":[{"href":"https:\/\/www.europesays.com\/de\/wp-json\/wp\/v2\/posts\/639369","targetHints":{"allow":["GET"]}}],"collection":[{"href":"https:\/\/www.europesays.com\/de\/wp-json\/wp\/v2\/posts"}],"about":[{"href":"https:\/\/www.europesays.com\/de\/wp-json\/wp\/v2\/types\/post"}],"author":[{"embeddable":true,"href":"https:\/\/www.europesays.com\/de\/wp-json\/wp\/v2\/users\/2"}],"replies":[{"embeddable":true,"href":"https:\/\/www.europesays.com\/de\/wp-json\/wp\/v2\/comments?post=639369"}],"version-history":[{"count":0,"href":"https:\/\/www.europesays.com\/de\/wp-json\/wp\/v2\/posts\/639369\/revisions"}],"wp:featuredmedia":[{"embeddable":true,"href":"https:\/\/www.europesays.com\/de\/wp-json\/wp\/v2\/media\/639370"}],"wp:attachment":[{"href":"https:\/\/www.europesays.com\/de\/wp-json\/wp\/v2\/media?parent=639369"}],"wp:term":[{"taxonomy":"category","embeddable":true,"href":"https:\/\/www.europesays.com\/de\/wp-json\/wp\/v2\/categories?post=639369"},{"taxonomy":"post_tag","embeddable":true,"href":"https:\/\/www.europesays.com\/de\/wp-json\/wp\/v2\/tags?post=639369"}],"curies":[{"name":"wp","href":"https:\/\/api.w.org\/{rel}","templated":true}]}}