{"id":639381,"date":"2025-12-11T14:53:17","date_gmt":"2025-12-11T14:53:17","guid":{"rendered":"https:\/\/www.europesays.com\/de\/639381\/"},"modified":"2025-12-11T14:53:17","modified_gmt":"2025-12-11T14:53:17","slug":"verdacht-der-kinderpornografie-stadt-nuernberg-entlaesst-kita-mitarbeiter","status":"publish","type":"post","link":"https:\/\/www.europesays.com\/de\/639381\/","title":{"rendered":"Verdacht der Kinderpornografie: Stadt N\u00fcrnberg entl\u00e4sst Kita-Mitarbeiter"},"content":{"rendered":"<p>Laufende Ermittlungen <\/p>\n<p>Verdacht der Kinderpornografie: Kita-Mitarbeiter entlassen<\/p>\n<p>11.12.2025 &#8211; 15:22 UhrLesedauer: 1 Min.<\/p>\n<p><a href=\"#focus-0\" class=\"transition-colors duration-200 block text-current relative\" data-sctrack=\"FocusGalleryImage.Reference\"><img fetchpriority=\"high\" data-testid=\"Opener.Image\" style=\"--lqipURL:url('https:\/\/images.t-online.de\/2025\/11\/ZBL4pSysfKH2\/0x107:2048x1152\/fit-in\/150x0\/filters:blur(25)\/viele-eltern-suchen-einen-kitaplatz-symbolbild.jpg')\"   loading=\"eager\" src=\"https:\/\/www.europesays.com\/de\/wp-content\/uploads\/2025\/12\/viele-eltern-suchen-einen-kitaplatz-symbolbild.jpg\" alt=\"Kita\" title=\"Kita\" width=\"2048\" height=\"1152\" class=\"bg-[url:var(--lqipURL)] bg-cover bg-center flex h-full w-full max-w-full\" decoding=\"async\"\/><img style=\"--width:32;--height:32\" loading=\"lazy\" src=\"https:\/\/nuernberg.t-online.de\/s\/paper\/_next\/static\/media\/zoom-in.f7dae02f.svg\" alt=\"Vergr\u00f6\u00dfern des Bildes\" title=\"Vergr\u00f6\u00dfern des Bildes\" class=\"block h-[calc(var(--height)_\/_16_*_1rem)] w-[calc(var(--width)_\/_16_*_1rem)] max-w-none absolute bottom-8 right-8 rounded-4 bg-snow p-8\" decoding=\"async\"\/><\/a><\/p>\n<p>Kindertageseinrichtung (Symbolbild): In N\u00fcrnberg sorgt ein nun bekannt gewordener Fall in einer Kita f\u00fcr Beunruhigung. (Quelle: Uwe Anspach\/dpa\/dpa-bilder)<\/p>\n<p class=\"font-bold text-18 leading-17\">Die Vorw\u00fcrfe wiegen schwer: Die Stadt entl\u00e4sst einen Kita-Mitarbeiter, weil der Verdacht besteht, dass er Kinder fotografiert hat. Der Vorfall l\u00f6st Beunruhigung aus.<\/p>\n<p class=\"text-18 leading-17\">Die Stadt N\u00fcrnberg hat einen Mitarbeiter einer st\u00e4dtischen Kindertageseinrichtung entlassen. Gegen den Mann wird wegen des Besitzes kinderpornografischer Bilder ermittelt. Die Beh\u00f6rden leiteten im Sommer 2025 umgehend arbeitsrechtliche Schritte ein. Au\u00dferdem besteht der Verdacht, dass er Kinder fotografiert haben soll.<\/p>\n<p class=\"text-18 leading-17\">Die Eltern seien umgehend informiert worden, hei\u00dft es in einer entsprechenden Pressemitteilung am Donnerstag. Darin hei\u00dft es, dass das Jugendamt &#8222;alle Eltern der Einrichtung \u00fcber den Verdacht informierte, dass einzelne Kinder fotografiert worden waren&#8220;. Diesen w\u00fcrden Fachkr\u00e4fte als Unterst\u00fctzung zur Seite stehen. Die Stadt pr\u00fcfe weitere rechtliche Schritte gegen den entlassenen Mitarbeiter.<\/p>\n<p class=\"text-18 leading-17\">Die Stadt N\u00fcrnberg betont, der Schutz von Kindern habe oberste Priorit\u00e4t. In allen st\u00e4dtischen Kitas g\u00e4lten strenge Kinderschutzkonzepte. Diese umfassten verbindliche Vorgaben f\u00fcr die Einstellung von Personal und die t\u00e4gliche Arbeit mit Kindern.<\/p>\n<p class=\"text-18 leading-17\">Das Jugendamt erkl\u00e4rt, es k\u00f6nne aus Gr\u00fcnden des Pers\u00f6nlichkeitsschutzes und laufender Ermittlungen keine weiteren Details nennen. Die Stadt N\u00fcrnberg versichert, jeden Verdacht, der das Kinderwohl betreffe, mit gr\u00f6\u00dfter Ernsthaftigkeit zu behandeln. &#8222;Dieser Vorfall l\u00f6st nicht nur bei den betroffenen Familien Sorgen aus, sondern auch insgesamt in der Elternschaft sowie bei den Fachkr\u00e4ften und Verantwortlichen der st\u00e4dtischen Kitas.&#8220; Umso wichtiger sei es, dass transparent informiert werde und die Verantwortlichen die Arbeit der Ermittler aktiv unterst\u00fctzten.<\/p>\n","protected":false},"excerpt":{"rendered":"Laufende Ermittlungen Verdacht der Kinderpornografie: Kita-Mitarbeiter entlassen 11.12.2025 &#8211; 15:22 UhrLesedauer: 1 Min. Kindertageseinrichtung (Symbolbild): In N\u00fcrnberg sorgt&hellip;\n","protected":false},"author":2,"featured_media":639382,"comment_status":"","ping_status":"","sticky":false,"template":"","format":"standard","meta":{"footnotes":""},"categories":[1837],"tags":[722,17161,772,125219,3364,29,30,3812,68537,3783],"class_list":{"0":"post-639381","1":"post","2":"type-post","3":"status-publish","4":"format-standard","5":"has-post-thumbnail","7":"category-nuernberg","8":"tag-722","9":"tag-17161","10":"tag-bayern","11":"tag-beunruhigung","12":"tag-de","13":"tag-deutschland","14":"tag-germany","15":"tag-kinderpornografie","16":"tag-kindertageseinrichtung","17":"tag-nuernberg"},"share_on_mastodon":{"url":"https:\/\/pubeurope.com\/@de\/115701509473161360","error":""},"_links":{"self":[{"href":"https:\/\/www.europesays.com\/de\/wp-json\/wp\/v2\/posts\/639381","targetHints":{"allow":["GET"]}}],"collection":[{"href":"https:\/\/www.europesays.com\/de\/wp-json\/wp\/v2\/posts"}],"about":[{"href":"https:\/\/www.europesays.com\/de\/wp-json\/wp\/v2\/types\/post"}],"author":[{"embeddable":true,"href":"https:\/\/www.europesays.com\/de\/wp-json\/wp\/v2\/users\/2"}],"replies":[{"embeddable":true,"href":"https:\/\/www.europesays.com\/de\/wp-json\/wp\/v2\/comments?post=639381"}],"version-history":[{"count":0,"href":"https:\/\/www.europesays.com\/de\/wp-json\/wp\/v2\/posts\/639381\/revisions"}],"wp:featuredmedia":[{"embeddable":true,"href":"https:\/\/www.europesays.com\/de\/wp-json\/wp\/v2\/media\/639382"}],"wp:attachment":[{"href":"https:\/\/www.europesays.com\/de\/wp-json\/wp\/v2\/media?parent=639381"}],"wp:term":[{"taxonomy":"category","embeddable":true,"href":"https:\/\/www.europesays.com\/de\/wp-json\/wp\/v2\/categories?post=639381"},{"taxonomy":"post_tag","embeddable":true,"href":"https:\/\/www.europesays.com\/de\/wp-json\/wp\/v2\/tags?post=639381"}],"curies":[{"name":"wp","href":"https:\/\/api.w.org\/{rel}","templated":true}]}}