{"id":639385,"date":"2025-12-11T14:55:20","date_gmt":"2025-12-11T14:55:20","guid":{"rendered":"https:\/\/www.europesays.com\/de\/639385\/"},"modified":"2025-12-11T14:55:20","modified_gmt":"2025-12-11T14:55:20","slug":"hannover-mann-lag-rund-zwei-jahre-tot-in-wohnung-regional","status":"publish","type":"post","link":"https:\/\/www.europesays.com\/de\/639385\/","title":{"rendered":"Hannover: Mann lag rund zwei Jahre tot in Wohnung | Regional"},"content":{"rendered":"<p>Hannover (Niedersachsen) \u2013 <b>Niemand vermisste den Mittf\u00fcnfziger. Auch nicht, als sein Briefkasten bereits \u00fcberquoll. <\/b><\/p>\n<p>Der Fall aus dem Stadtteil Davenstedt im Osten von <a href=\"https:\/\/www.bild.de\/regional\/hannover\/hannover-regional\/home-16344348.bild.html\" class=\"text-link\" target=\"_blank\" rel=\"noopener\">Hannover<\/a> ist tragisch: Der Mann hatte zur\u00fcckgezogen in seiner Erdgeschosswohnung in einer kleinen Neubausiedlung gelebt. <\/p>\n<p>Dass er seit vielen Monaten nicht mehr gesehen wurde, wunderte sehr lange niemanden. Bis eines Tages der Rauchmelder anfing zu piepen, immer wieder. Das Ger\u00e4t l\u00f6ste phasenweise Alarm aus, weil die Batterie fast leer war. Daraufhin riefen die Anwohner schlie\u00dflich die Polizei. Als die Beamten die T\u00fcr \u00f6ffneten, fanden sie die verweste <a href=\"https:\/\/www.bild.de\/themen\/specials\/tod\/ratgeber-todesfall-trauer-nachrichten-25350234.bild.html\" class=\"text-link\" target=\"_blank\" rel=\"noopener\">Leiche<\/a> des Mieters. Die hinzugezogenen Feuerwehrleute vermuten, dass er seit 1,5 bis 2 Jahren nicht mehr lebte.<\/p>\n<p>Grausiger Fund hinter der Wohnungst\u00fcr<\/p>\n<p>Gegen\u00fcber BILD best\u00e4tigt ein Polizeisprecher die bedr\u00fcckenden Umst\u00e4nde: \u201eNach derzeitigen Erkenntnissen des zust\u00e4ndigen Fachkommissariats f\u00fcr Todesermittlungen ist davon auszugehen, dass der Mann bereits vor l\u00e4ngerer Zeit verstorben ist. Der Todeszeitpunkt wird aktuell zwischen Januar 2023 und dem Jahr 2025 eingeordnet.\u201c Ein Fremdverschulden liege nicht vor. Zuerst hatte die \u201eHannoversche Allgemeine Zeitung\u201c (HAZ) \u00fcber den Fall berichtet.<\/p>\n<p><img decoding=\"async\" width=\"992\" height=\"558\" alt=\"Der Tod kam leise: Der Tod eines Mannes in dieser Siedlung blieb etwa zwei Jahre unbemerkt\" src=\"https:\/\/www.europesays.com\/de\/wp-content\/uploads\/2025\/12\/393cee9a3ade4fc9286aca2022ea90b0,1336d86a\"   class=\"landscape\" loading=\"lazy\"\/><\/p>\n<p class=\"fig__caption__text\">Der Tod kam leise: Der Tod eines Mannes in dieser Siedlung blieb etwa zwei Jahre unbemerkt<\/p>\n<p>Foto: Frank Tunnat<\/p>\n<p>Nachbarin stellte Karton f\u00fcr die Post in den Hausflur<\/p>\n<p>Rund 34.000 Menschen leben in Davenstedt. In dem ruhigen, gr\u00fcnen ehemaligen Dorf waren nach dem Krieg moderne Siedlungsbauten entstanden. Die Fluktuation ist vergleichsweise gering, man kennt sich hier eigentlich. Doch nun muss der Stadtteil einen besonders traurigen Fall von sozialer Isolation, <a href=\"https:\/\/www.bild.de\/leben-wissen\/medizin\/einsamkeit-ist-so-schaedlich-wie-15-zigaretten-taeglich-68ef88c70dc4b85759d3834c\" class=\"text-link\" target=\"_blank\" rel=\"noopener\">Einsamkeit<\/a> und ihren Folgen verkraften. Die HAZ zitiert eine \u00e4ltere Nachbarin, die ihn \u201emanchmal mit einem Rucksack zum n\u00e4chsten Supermarkt gehen sah\u201c. <\/p>\n<p>Nachdem sie ihm nicht mehr begegnete, stellte sie einen Karton unter den \u00fcberquellenden Briefkasten \u2013 f\u00fcr die Beh\u00f6rdenpost. \u201eEr war sehr in sich gekehrt. Ich war die Einzige, die ab und zu mit ihm gesprochen hat\u201c, sagte die Seniorin dem Blatt. <\/p>\n<p><b>Der offenbar arbeitslose Mann sei lediglich von seiner Mutter gelegentlich besucht worden. Doch sie starb w\u00e4hrend der Corona-Pandemie. Und irgendwann auch der Sohn. Unbemerkt von der Welt da drau\u00dfen.<\/b><\/p>\n<p>Mehr zum ThemaDie Wohnung war dem Toten schon gek\u00fcndigt worden<\/p>\n<p>Auch bei der Stadt als kommunalem Vermieter ist man betroffen. Stadtsprecher Dennis Dix zu BILD: \u201eDas ist ein tragischer Fall. Aber es hat zu keiner Zeit Hinweise von Hausbewohnerinnen und Hausbewohnern bez\u00fcglich Geruchsbel\u00e4stigungen, Ungezieferbefall oder Hinweise darauf, dass der Mieter nicht mehr gesehen wurde, gegeben. Deshalb stand nie der Verdacht im Raum, dass sich eine Leiche in der Wohnung befinden k\u00f6nnte.\u201c <\/p>\n<p><b>Eines fiel jedoch auf: Die Mietzahlungen blieben mittlerweile aus. Weil der Mann auf nichts reagierte, wurde ihm fristlos gek\u00fcndigt und es lief eine R\u00e4umungsklage gegen ihn.<\/b><\/p>\n","protected":false},"excerpt":{"rendered":"Hannover (Niedersachsen) \u2013 Niemand vermisste den Mittf\u00fcnfziger. Auch nicht, als sein Briefkasten bereits \u00fcberquoll. Der Fall aus dem&hellip;\n","protected":false},"author":2,"featured_media":639386,"comment_status":"","ping_status":"","sticky":false,"template":"","format":"standard","meta":{"footnotes":""},"categories":[1836],"tags":[3364,29,13112,30,46,584,40589,85365,14345,1411,121,45,3533],"class_list":{"0":"post-639385","1":"post","2":"type-post","3":"status-publish","4":"format-standard","5":"has-post-thumbnail","7":"category-hannover","8":"tag-de","9":"tag-deutschland","10":"tag-einsamkeit","11":"tag-germany","12":"tag-hannover","13":"tag-leiche","14":"tag-leichenschau","15":"tag-maennlich","16":"tag-nachbarschaft","17":"tag-niedersachsen","18":"tag-polizei","19":"tag-texttospeech","20":"tag-todesfall"},"share_on_mastodon":{"url":"https:\/\/pubeurope.com\/@de\/115701516685606887","error":""},"_links":{"self":[{"href":"https:\/\/www.europesays.com\/de\/wp-json\/wp\/v2\/posts\/639385","targetHints":{"allow":["GET"]}}],"collection":[{"href":"https:\/\/www.europesays.com\/de\/wp-json\/wp\/v2\/posts"}],"about":[{"href":"https:\/\/www.europesays.com\/de\/wp-json\/wp\/v2\/types\/post"}],"author":[{"embeddable":true,"href":"https:\/\/www.europesays.com\/de\/wp-json\/wp\/v2\/users\/2"}],"replies":[{"embeddable":true,"href":"https:\/\/www.europesays.com\/de\/wp-json\/wp\/v2\/comments?post=639385"}],"version-history":[{"count":0,"href":"https:\/\/www.europesays.com\/de\/wp-json\/wp\/v2\/posts\/639385\/revisions"}],"wp:featuredmedia":[{"embeddable":true,"href":"https:\/\/www.europesays.com\/de\/wp-json\/wp\/v2\/media\/639386"}],"wp:attachment":[{"href":"https:\/\/www.europesays.com\/de\/wp-json\/wp\/v2\/media?parent=639385"}],"wp:term":[{"taxonomy":"category","embeddable":true,"href":"https:\/\/www.europesays.com\/de\/wp-json\/wp\/v2\/categories?post=639385"},{"taxonomy":"post_tag","embeddable":true,"href":"https:\/\/www.europesays.com\/de\/wp-json\/wp\/v2\/tags?post=639385"}],"curies":[{"name":"wp","href":"https:\/\/api.w.org\/{rel}","templated":true}]}}