{"id":639388,"date":"2025-12-11T14:57:15","date_gmt":"2025-12-11T14:57:15","guid":{"rendered":"https:\/\/www.europesays.com\/de\/639388\/"},"modified":"2025-12-11T14:57:15","modified_gmt":"2025-12-11T14:57:15","slug":"wohnung-brennt-lichterloh-ein-mensch-verletzt","status":"publish","type":"post","link":"https:\/\/www.europesays.com\/de\/639388\/","title":{"rendered":"Wohnung brennt lichterloh \u2013 ein Mensch verletzt"},"content":{"rendered":"<p>Feuer in Dresden <\/p>\n<p>Wohnung brennt lichterloh: Feuerwehr rettet drei Menschen<\/p>\n<p>11.12.2025 &#8211; 15:43 UhrLesedauer: 1 Min.<\/p>\n<p><a href=\"#focus-0\" class=\"transition-colors duration-200 block text-current relative\" data-sctrack=\"FocusGalleryImage.Reference\"><img fetchpriority=\"high\" data-testid=\"Opener.Image\" style=\"--lqipURL:url('https:\/\/images.t-online.de\/2025\/12\/sB47DuqADFQQ\/0x576:1206x678\/fit-in\/150x0\/filters:blur(25)\/rauch-steigt-aus-der-brennenden-wohnung.jpg')\"   loading=\"eager\" src=\"https:\/\/www.europesays.com\/de\/wp-content\/uploads\/2025\/12\/rauch-steigt-aus-der-brennenden-wohnung.jpg\" alt=\"Rauch steigt aus der brennenden Wohnung: W\u00e4hrend der L\u00f6scharbeiten kommt es zu Einschr\u00e4nkungen auf der Stauffenbergallee.\" title=\"Rauch steigt aus der brennenden Wohnung: W\u00e4hrend der L\u00f6scharbeiten kommt es zu Einschr\u00e4nkungen auf der Stauffenbergallee.\" width=\"1206\" height=\"678\" class=\"bg-[url:var(--lqipURL)] bg-cover bg-center flex h-full w-full max-w-full\" decoding=\"async\"\/><img style=\"--width:32;--height:32\" loading=\"lazy\" src=\"https:\/\/dresden.t-online.de\/s\/paper\/_next\/static\/media\/zoom-in.f7dae02f.svg\" alt=\"Vergr\u00f6\u00dfern des Bildes\" title=\"Vergr\u00f6\u00dfern des Bildes\" class=\"block h-[calc(var(--height)_\/_16_*_1rem)] w-[calc(var(--width)_\/_16_*_1rem)] max-w-none absolute bottom-8 right-8 rounded-4 bg-snow p-8\" decoding=\"async\"\/><\/a><\/p>\n<p>Rauch steigt aus der brennenden Wohnung: W\u00e4hrend der L\u00f6scharbeiten kommt es zu Einschr\u00e4nkungen auf der Stauffenbergallee. (Quelle: Feuerwehr Dresden)<\/p>\n<p class=\"font-bold text-18 leading-17\">In Dresden brennt eine Wohnung \u2013 die Feuerwehr r\u00fcckt aus. Ein Mensch wird dabei verletzt.<\/p>\n<p class=\"text-18 leading-17\">In Dresden ist am Donnerstagnachmittag eine Wohnung in Brand geraten. Wie die Feuerwehr mitteilt, retteten die Einsatzkr\u00e4fte drei Menschen aus dem Geb\u00e4ude. Eine Person erlitt Brandverletzungen und wurde in ein Krankenhaus gebracht.<\/p>\n<p class=\"text-18 leading-17\">Die Feuerwehr r\u00fcckte mit einem Gro\u00dfaufgebot zur Brandstelle aus. Zwei Personen seien mithilfe von Brandfluchthauben \u00fcber den Treppenraum in Sicherheit gebracht worden. Einen weiteren Menschen h\u00e4tten die Einsatzkr\u00e4fte mit einer Drehleiter gerettet.<\/p>\n<p class=\"text-18 leading-17\">Die Feuerwehr l\u00f6schte den Brand. Die Ursache ist bislang nicht bekannt. Wegen des Einsatzes kommt es noch zu Verkehrsbehinderungen. Die Stauffenbergallee ist teilweise gesperrt. Der Verkehr wird an der Einsatzstelle vorbeigef\u00fchrt. Autofahrer werden gebeten, den Bereich zu umfahren.<\/p>\n","protected":false},"excerpt":{"rendered":"Feuer in Dresden Wohnung brennt lichterloh: Feuerwehr rettet drei Menschen 11.12.2025 &#8211; 15:43 UhrLesedauer: 1 Min. Rauch steigt&hellip;\n","protected":false},"author":2,"featured_media":639389,"comment_status":"","ping_status":"","sticky":false,"template":"","format":"standard","meta":{"footnotes":""},"categories":[1835],"tags":[722,17161,3364,29,2386,985,30,10264,859,88077],"class_list":{"0":"post-639388","1":"post","2":"type-post","3":"status-publish","4":"format-standard","5":"has-post-thumbnail","7":"category-dresden","8":"tag-722","9":"tag-17161","10":"tag-de","11":"tag-deutschland","12":"tag-dresden","13":"tag-feuerwehr","14":"tag-germany","15":"tag-loescharbeit","16":"tag-sachsen","17":"tag-stauffenbergallee"},"share_on_mastodon":{"url":"https:\/\/pubeurope.com\/@de\/115701524718321027","error":""},"_links":{"self":[{"href":"https:\/\/www.europesays.com\/de\/wp-json\/wp\/v2\/posts\/639388","targetHints":{"allow":["GET"]}}],"collection":[{"href":"https:\/\/www.europesays.com\/de\/wp-json\/wp\/v2\/posts"}],"about":[{"href":"https:\/\/www.europesays.com\/de\/wp-json\/wp\/v2\/types\/post"}],"author":[{"embeddable":true,"href":"https:\/\/www.europesays.com\/de\/wp-json\/wp\/v2\/users\/2"}],"replies":[{"embeddable":true,"href":"https:\/\/www.europesays.com\/de\/wp-json\/wp\/v2\/comments?post=639388"}],"version-history":[{"count":0,"href":"https:\/\/www.europesays.com\/de\/wp-json\/wp\/v2\/posts\/639388\/revisions"}],"wp:featuredmedia":[{"embeddable":true,"href":"https:\/\/www.europesays.com\/de\/wp-json\/wp\/v2\/media\/639389"}],"wp:attachment":[{"href":"https:\/\/www.europesays.com\/de\/wp-json\/wp\/v2\/media?parent=639388"}],"wp:term":[{"taxonomy":"category","embeddable":true,"href":"https:\/\/www.europesays.com\/de\/wp-json\/wp\/v2\/categories?post=639388"},{"taxonomy":"post_tag","embeddable":true,"href":"https:\/\/www.europesays.com\/de\/wp-json\/wp\/v2\/tags?post=639388"}],"curies":[{"name":"wp","href":"https:\/\/api.w.org\/{rel}","templated":true}]}}