{"id":639390,"date":"2025-12-11T14:58:15","date_gmt":"2025-12-11T14:58:15","guid":{"rendered":"https:\/\/www.europesays.com\/de\/639390\/"},"modified":"2025-12-11T14:58:15","modified_gmt":"2025-12-11T14:58:15","slug":"pol-del-autobahnpolizei-ahlhorn-verkehrsunfall-bei-arbeiten-am-gruenstreifen-auf-der","status":"publish","type":"post","link":"https:\/\/www.europesays.com\/de\/639390\/","title":{"rendered":"POL-DEL: Autobahnpolizei Ahlhorn: Verkehrsunfall bei Arbeiten am Gr\u00fcnstreifen auf der &#8230;"},"content":{"rendered":"<p class=\"date\">11.12.2025 \u2013 15:16<\/p>\n<p class=\"customer\">\n                        <a class=\"story-customer\" title=\"weiter zum newsroom von Polizeiinspektion Delmenhorst \/ Oldenburg - Land \/ Wesermarsch\" href=\"https:\/\/www.presseportal.de\/blaulicht\/nr\/68438\" target=\"_blank\" rel=\"noopener\">Polizeiinspektion Delmenhorst \/ Oldenburg &#8211; Land \/ Wesermarsch<\/a>\n                    <\/p>\n<p><a data-category=\"citylink-story-view\" data-action=\"click\" data-label=\"Citylink in Meldungsansicht\" class=\"story-city event-trigger\" href=\"https:\/\/www.presseportal.de\/regional\/Delmenhorst\" title=\"News aus Delmenhorst \" target=\"_blank\" rel=\"noopener\">Delmenhorst<\/a> (ots)<\/p>\n<p>Nach einem Verkehrsunfall zwischen mehreren Beteiligten am Donnerstag, 11. Dezember 2025 gegen 10:36 Uhr, war die B75 in Fahrtrichtung Bremen zwischen den Anschlussstellen Stickgras und Huchtingen voll gesperrt.<\/p>\n<p>Zum Unfallzeitpunkt befuhr ein 57-J\u00e4hriger aus Ganderkesee mit seinem Lkw und Anh\u00e4ngergespann zur Durchf\u00fchrung von Arbeiten am Gr\u00fcnstreifen den Seitenstreifen der B75 in Fahrtrichtung Bremen mit Schrittgeschwindigkeit.<\/p>\n<p>Durch diesen Umstand musste ein 46-J\u00e4hriger aus Friesoythe mit seinem Sattelzug auf den linken Fahrstreifen ausweichen. Die nachfolgende 83-J\u00e4hrige in ihrem Mercedes erkannte zu sp\u00e4t, dass ihre Spur endete und kollidierte beim Fahrstreifenwechsel mit dem Sattelzug des 46-J\u00e4hrigen.<\/p>\n<p>Zur Unfallaufnahme und der anschlie\u00dfenden Bergung der Fahrzeuge musste die B75 f\u00fcr mehrere Stunden voll gesperrt werden. An den Fahrzeugen entstanden Sachsch\u00e4den. Personen wurden jedoch nicht verletzt.<\/p>\n<p class=\"contact-headline\">R\u00fcckfragen bitte an:<\/p>\n<p class=\"contact-text\">Lena Brandauer<br \/>Polizeiinspektion Delmenhorst\/Oldenburg-Land\/Wesermarsch<br \/>Pressestelle<br \/>Telefon: 04221-1559104<br \/>E-Mail: <a href=\"https:\/\/www.presseportal.de\/blaulicht\/pm\/68438\/mailto: pressestelle@pi-del.polizei.niedersachsen.de\" class=\"uri-mailto\" target=\"_blank\" rel=\"noopener\"> pressestelle@pi-del.polizei.niedersachsen.de<\/a> <br \/>Homepage: <a target=\"_blank\" class=\"uri-ext outbound\" rel=\"noopener\" href=\"https:\/\/t.co\/aQZG7qf8EJ\">https:\/\/t.co\/aQZG7qf8EJ<\/a><br \/>Social Media: <a target=\"_blank\" class=\"uri-ext outbound\" rel=\"noopener\" href=\"https:\/\/x.com\/Polizei_DEL\">https:\/\/x.com\/Polizei_DEL<\/a><\/p>\n<p class=\"originator\">Original-Content von: Polizeiinspektion Delmenhorst \/ Oldenburg &#8211; Land \/ Wesermarsch, \u00fcbermittelt durch news aktuell<\/p>\n","protected":false},"excerpt":{"rendered":"11.12.2025 \u2013 15:16 Polizeiinspektion Delmenhorst \/ Oldenburg &#8211; Land \/ Wesermarsch Delmenhorst (ots) Nach einem Verkehrsunfall zwischen mehreren&hellip;\n","protected":false},"author":2,"featured_media":386213,"comment_status":"","ping_status":"","sticky":false,"template":"","format":"standard","meta":{"footnotes":""},"categories":[1824],"tags":[2420,3364,29,30,177,5404,121,178,180,179,181],"class_list":{"0":"post-639390","1":"post","2":"type-post","3":"status-publish","4":"format-standard","5":"has-post-thumbnail","7":"category-bremen","8":"tag-bremen","9":"tag-de","10":"tag-deutschland","11":"tag-germany","12":"tag-kriminalitt","13":"tag-ni","14":"tag-polizei","15":"tag-presse","16":"tag-pressemeldung","17":"tag-pressemitteilung","18":"tag-pressemitteilungen"},"share_on_mastodon":{"url":"https:\/\/pubeurope.com\/@de\/115701527720492069","error":""},"_links":{"self":[{"href":"https:\/\/www.europesays.com\/de\/wp-json\/wp\/v2\/posts\/639390","targetHints":{"allow":["GET"]}}],"collection":[{"href":"https:\/\/www.europesays.com\/de\/wp-json\/wp\/v2\/posts"}],"about":[{"href":"https:\/\/www.europesays.com\/de\/wp-json\/wp\/v2\/types\/post"}],"author":[{"embeddable":true,"href":"https:\/\/www.europesays.com\/de\/wp-json\/wp\/v2\/users\/2"}],"replies":[{"embeddable":true,"href":"https:\/\/www.europesays.com\/de\/wp-json\/wp\/v2\/comments?post=639390"}],"version-history":[{"count":0,"href":"https:\/\/www.europesays.com\/de\/wp-json\/wp\/v2\/posts\/639390\/revisions"}],"wp:featuredmedia":[{"embeddable":true,"href":"https:\/\/www.europesays.com\/de\/wp-json\/wp\/v2\/media\/386213"}],"wp:attachment":[{"href":"https:\/\/www.europesays.com\/de\/wp-json\/wp\/v2\/media?parent=639390"}],"wp:term":[{"taxonomy":"category","embeddable":true,"href":"https:\/\/www.europesays.com\/de\/wp-json\/wp\/v2\/categories?post=639390"},{"taxonomy":"post_tag","embeddable":true,"href":"https:\/\/www.europesays.com\/de\/wp-json\/wp\/v2\/tags?post=639390"}],"curies":[{"name":"wp","href":"https:\/\/api.w.org\/{rel}","templated":true}]}}